{"id":42123,"date":"2024-07-08T15:00:00","date_gmt":"2024-07-08T18:00:00","guid":{"rendered":"https:\/\/latinoamerica21.com\/?p=42123"},"modified":"2024-07-10T12:35:55","modified_gmt":"2024-07-10T15:35:55","slug":"a-politica-externa-de-milei-e-a-doutrina-discepolo","status":"publish","type":"post","link":"https:\/\/latinoamerica21.com\/pt-br\/a-politica-externa-de-milei-e-a-doutrina-discepolo\/","title":{"rendered":"A pol\u00edtica externa de Milei e a &#8220;Doutrina Disc\u00e9polo&#8221;"},"content":{"rendered":"\n<p>A &#8220;reinser\u00e7\u00e3o da Argentina no mundo&#8221; \u00e9 uma meta que tem sido proclamada como um mantra por quase todos os governos argentinos no in\u00edcio de seus mandatos. Uma suposi\u00e7\u00e3o aleg\u00f3rica que se refere a uma cena m\u00edtica original: houve um tempo em que a Argentina &#8220;estava no mundo&#8221; e foi expulsa &#8211; ou saiu &#8211; desse para\u00edso terrestre, como resultado das m\u00e1s pol\u00edticas e dos erros de sucessivos governos. At\u00e9 que eles se deram conta disso, e \u00e9 por isso que est\u00e3o propondo, neste momento, mudar drasticamente de rumo e voltar a ele.<\/p>\n\n\n\n<p>Ouvimos isso ao longo das d\u00e9cadas, em uma dire\u00e7\u00e3o e em outra. Foi h\u00e1 20, 30, 80 ou 90 anos? O Presidente Javier Milei levou a linha do tempo muito mais para tr\u00e1s e, assim, aumentou a magnitude de sua ambi\u00e7\u00e3o atual: h\u00e1 cem anos, diz ele, &#8220;fomos deixados de fora do mundo&#8221;. E tem certa raz\u00e3o, sempre esclarecendo a que &#8220;mundo&#8221; est\u00e1 se referindo: a crise da esfera de influ\u00eancia brit\u00e2nica e do modelo agroexportador que permitiu \u00e0 Argentina uma inser\u00e7\u00e3o bem-sucedida no mundo, com crescimento sustentado, institui\u00e7\u00f5es pol\u00edticas republicanas e progresso social, a partir da d\u00e9cada de 1930, teria deixado a Argentina &#8221; \u00e0 margem&#8221;.<\/p>\n\n\n\n<p>O modelo peronista de autarquia e substitui\u00e7\u00e3o de importa\u00e7\u00f5es (1946-1955) acabaria sendo frustrado, abrindo caminho para um ciclo pendular de tentativas malsucedidas de &#8220;reinser\u00e7\u00e3o no mundo&#8221; que corresponderia, por sua vez, \u00e0 instabilidade institucional e \u00e0 crise de legitimidade de nosso regime pol\u00edtico. A Argentina, dizia-se, havia se tornado um &#8220;p\u00e1ria internacional&#8221;. A erraticidade da pol\u00edtica externa, as rela\u00e7\u00f5es triangulares com terceiros pa\u00edses como gestos de aproxima\u00e7\u00e3o &#8211; ou distanciamento &#8211; com as pot\u00eancias dominantes, e a diplomacia paralela ou as rela\u00e7\u00f5es de via dupla foram corol\u00e1rios dessas flutua\u00e7\u00f5es no comportamento internacional da Argentina, que encontraram sua express\u00e3o m\u00e1xima na derrota nas Malvinas em 1982, que p\u00f4s fim \u00e0 \u00faltima ditadura militar e levou \u00e0 recupera\u00e7\u00e3o da democracia.<\/p>\n\n\n\n<p>Alguns desses padr\u00f5es de comportamento persistiram e persistem at\u00e9 hoje. Por exemplo, a introdu\u00e7\u00e3o da pol\u00edtica internacional nos desacordos pol\u00edticos internos e a proje\u00e7\u00e3o da pol\u00edtica partid\u00e1ria dom\u00e9stica na pol\u00edtica externa do pa\u00eds. Comportamentos e gestos que contrastam com a contribui\u00e7\u00e3o da diplomacia argentina para a paz, a seguran\u00e7a e o direito internacional, a participa\u00e7\u00e3o proeminente em organiza\u00e7\u00f5es multilaterais e a identifica\u00e7\u00e3o com os princ\u00edpios de n\u00e3o interven\u00e7\u00e3o, n\u00e3o interfer\u00eancia, autodetermina\u00e7\u00e3o, ajuda humanit\u00e1ria, resolu\u00e7\u00e3o pac\u00edfica de conflitos e defesa dos direitos humanos.<\/p>\n\n\n\n<p>Os governantes argentinos que saem para explicar ao mundo como seus antecessores estavam errados parecem n\u00e3o perceber a incredulidade que despertam em seus interlocutores. Especialmente quando lhes \u00e9 dito que eles pr\u00f3prios estavam errados, como faz o Presidente Milei toda vez que deixa o pa\u00eds. Nove viagens internacionais em seis meses &#8211; nenhuma para os vizinhos da regi\u00e3o &#8211; colocam Milei no topo da lista dos presidentes que mais viajaram desde o retorno da democracia em dezembro de 1983. Al\u00e9m do n\u00famero de viagens, o prop\u00f3sito das viagens tamb\u00e9m \u00e9 importante, pois, al\u00e9m de sua not\u00f3ria prefer\u00eancia pelos Estados Unidos, v\u00e1rias delas tiveram a ver com preocupa\u00e7\u00f5es pessoais ou com o recebimento de pr\u00eamios de diferentes institui\u00e7\u00f5es e think tanks, praticamente sem reuni\u00f5es de Estado e com uma lista j\u00e1 extensa de alterca\u00e7\u00f5es com outros governantes que levaram a <a href=\"https:\/\/www.clarin.com\/opinion\/anti-diplomacia-javier-milei_0_ypBC3KrIke.html\">conflitos diplom\u00e1ticos bilaterais<\/a>: M\u00e9xico, Col\u00f4mbia, Espanha, Brasil e Bol\u00edvia.<\/p>\n\n\n\n<p>A agenda lotada de <a href=\"https:\/\/latinoamerica21.com\/es\/los-peligros-de-la-politica-exterior-argentina-bajo-javier-milei\/\">viagens de Milei ao exterior durante seus primeiros seis meses<\/a> no cargo terminou em junho com sua participa\u00e7\u00e3o na c\u00fapula do G7 em Bari, It\u00e1lia, e na C\u00fapula Global pela Paz na Ucr\u00e2nia, realizada na Su\u00ed\u00e7a com a presen\u00e7a de cem presidentes, onde o presidente argentino expressou seu total apoio ao presidente ucraniano Volodimir Zelenski. Milei enfatizou: &#8220;<em>Isso faz parte da grande virada que estamos dando como pa\u00eds, depois de d\u00e9cadas dando as costas ao mundo<\/em>&#8220;. Alguns dias depois, ele viajou novamente para a Espanha e, em seguida, para a Alemanha e a Rep\u00fablica Tcheca para receber pr\u00eamios por seu ativismo libert\u00e1rio. Em Praga, ele tamb\u00e9m expressou sua inten\u00e7\u00e3o de tornar a Argentina &#8220;<em>um parceiro global da OTAN<\/em>&#8220;.<\/p>\n\n\n\n<p>Assim, em seus primeiros seis meses de mandato, o governo de Milei exp\u00f4s a validade e a persist\u00eancia dessas &#8220;tend\u00eancias profundas&#8221; da pol\u00edtica externa argentina e seus corol\u00e1rios &#8211; rea\u00e7\u00e3o exagerada, erraticidade, unilateralismo, pendularidade -, transitando entre o pragmatismo e a ideologia, com a forte marca de um estilo pessoal caracterizado por seus tra\u00e7os de excentricidade. Uma ironia curiosa \u00e9 a tentativa de se reinserir em um mundo que n\u00e3o existe mais e de brigar a todo momento com o mundo que existe e do qual fazemos parte, um mundo complexo e interdependente que deveria esperar de seus l\u00edderes prud\u00eancia, intelig\u00eancia, equanimidade e ductilidade, a capacidade de despertar confian\u00e7a. O presidente Milei parece seguir mais as linhas escritas por Enrique Santos Disc\u00e9polo na d\u00e9cada de 1920, naquele famoso tango cantado por Carlos Gardel, &#8220;<em>voc\u00ea ver\u00e1 que tudo \u00e9 mentira, ver\u00e1 que nada \u00e9 amor, que o mundo n\u00e3o se importa com nada: yira, yira&#8230;<\/em>&#8220;.<\/p>\n","protected":false},"excerpt":{"rendered":"<p>Uma ironia curiosa \u00e9 a tentativa de se reinserir em um mundo que n\u00e3o existe mais e de brigar a todo momento com o mundo que existe e do qual fazemos parte.<\/p>\n","protected":false},"author":72,"featured_media":42056,"comment_status":"closed","ping_status":"closed","sticky":false,"template":"","format":"standard","meta":{"_acf_changed":false,"episode_type":"","audio_file":"","cover_image":"","cover_image_id":"","duration":"","filesize":"","filesize_raw":"","date_recorded":"","explicit":"","block":"","itunes_episode_number":"","itunes_title":"","itunes_season_number":"","itunes_episode_type":"","footnotes":""},"categories":[16960,16734],"tags":[15839],"gps":[],"class_list":{"0":"post-42123","1":"post","2":"type-post","3":"status-publish","4":"format-standard","5":"has-post-thumbnail","7":"category-javier-milei-pt-br","8":"category-argentina-pt-br","9":"tag-ideias-pt-br"},"acf":[],"_links":{"self":[{"href":"https:\/\/latinoamerica21.com\/pt-br\/wp-json\/wp\/v2\/posts\/42123","targetHints":{"allow":["GET"]}}],"collection":[{"href":"https:\/\/latinoamerica21.com\/pt-br\/wp-json\/wp\/v2\/posts"}],"about":[{"href":"https:\/\/latinoamerica21.com\/pt-br\/wp-json\/wp\/v2\/types\/post"}],"author":[{"embeddable":true,"href":"https:\/\/latinoamerica21.com\/pt-br\/wp-json\/wp\/v2\/users\/72"}],"replies":[{"embeddable":true,"href":"https:\/\/latinoamerica21.com\/pt-br\/wp-json\/wp\/v2\/comments?post=42123"}],"version-history":[{"count":0,"href":"https:\/\/latinoamerica21.com\/pt-br\/wp-json\/wp\/v2\/posts\/42123\/revisions"}],"wp:featuredmedia":[{"embeddable":true,"href":"https:\/\/latinoamerica21.com\/pt-br\/wp-json\/wp\/v2\/media\/42056"}],"wp:attachment":[{"href":"https:\/\/latinoamerica21.com\/pt-br\/wp-json\/wp\/v2\/media?parent=42123"}],"wp:term":[{"taxonomy":"category","embeddable":true,"href":"https:\/\/latinoamerica21.com\/pt-br\/wp-json\/wp\/v2\/categories?post=42123"},{"taxonomy":"post_tag","embeddable":true,"href":"https:\/\/latinoamerica21.com\/pt-br\/wp-json\/wp\/v2\/tags?post=42123"},{"taxonomy":"gps","embeddable":true,"href":"https:\/\/latinoamerica21.com\/pt-br\/wp-json\/wp\/v2\/gps?post=42123"}],"curies":[{"name":"wp","href":"https:\/\/api.w.org\/{rel}","templated":true}]}}