{"id":42323,"date":"2024-07-18T09:00:00","date_gmt":"2024-07-18T12:00:00","guid":{"rendered":"https:\/\/latinoamerica21.com\/?p=42323"},"modified":"2024-07-18T14:32:48","modified_gmt":"2024-07-18T17:32:48","slug":"alem-de-uma-cupula-onde-esta-o-futuro","status":"publish","type":"post","link":"https:\/\/latinoamerica21.com\/pt-br\/alem-de-uma-cupula-onde-esta-o-futuro\/","title":{"rendered":"Al\u00e9m de uma c\u00fapula: onde est\u00e1 o futuro?"},"content":{"rendered":"\n<p>Abordar o futuro \u00e9 um exerc\u00edcio criativo; n\u00e3o \u00e9 para realistas\/privilegiados que n\u00e3o conseguem enxergar al\u00e9m da urg\u00eancia do presente ou de paradigmas puramente racionais. Se, al\u00e9m disso, for uma urg\u00eancia do presente baseada em crises e vieses de confirma\u00e7\u00e3o, em que as certezas s\u00e3o escassas, o exerc\u00edcio de projetar nosso futuro se torna mais dif\u00edcil.&nbsp;<\/p>\n\n\n\n<p>Entretanto, <a href=\"https:\/\/historia.nationalgeographic.com.es\/a\/julio-verne-espiritu-viajero-aventurero_13488\">J\u00falio Verne<\/a>, <a href=\"https:\/\/historia.nationalgeographic.com.es\/a\/isaac-asimov-maestro-ciencia-ficcion_15035\">Isaac Asimov<\/a> ou <a href=\"https:\/\/historia.nationalgeographic.com.es\/a\/aldous-huxley-y-su-distopia-feliz_15522\">Aldous Huxley<\/a> chegaram mais perto de decodificar nosso presente (idealista ou dist\u00f3pico) do que qualquer materialista hist\u00f3rico, pol\u00edtico ou burocrata da <em>realpolitik<\/em> dos s\u00e9culos XIX e XX. Se for assim, al\u00e9m de nossa atual emerg\u00eancia global com toques de ansiedade, contradi\u00e7\u00f5es e questionamento do senso comum: que futuro podemos imaginar?&nbsp;<\/p>\n\n\n\n<figure class=\"wp-block-image\"><img decoding=\"async\" src=\"https:\/\/lh7-us.googleusercontent.com\/docsz\/AD_4nXdH-2xjtN3YgHoSKE6M4eMYQfOtX1kQ40pseg1l9jXffqaCNpaL-vC8LRDO3hRSqOxAV2n6bTt2QkZ6JJljU6IlauBdoDf_jEOlav56Nxb2I1Vb9jayq8wXI1EYYwnwnb7oNR3EjRmthroASiMH_LPCwpfI?key=u9TdRNjrf1FNLml_gffKRg\" alt=\"\"\/><\/figure>\n\n\n\n<p><sup>Fonte: Retrato de Isaac Asimov. Revista Meer.<\/sup><\/p>\n\n\n\n<p>Ouso dar asas \u00e0 minha imagina\u00e7\u00e3o e pensar em cen\u00e1rios que considerem os \u00e2mbitos pol\u00edtico, social e econ\u00f4mico.&nbsp;<\/p>\n\n\n\n<ul class=\"wp-block-list\">\n<li>\u00c9 muito prov\u00e1vel que haja uma guerra civil em algum pa\u00eds ocidental por causa de discrep\u00e2ncias em termos de valores.<\/li>\n<\/ul>\n\n\n\n<ul class=\"wp-block-list\">\n<li>Talvez haja uma esp\u00e9cie de iguala\u00e7\u00e3o da poligamia para criar um marco legal que proteja as pessoas em relacionamentos poliamorosos, permitindo que elas herdem e assegurem seus entes queridos.<\/li>\n<\/ul>\n\n\n\n<ul class=\"wp-block-list\">\n<li>Pode ser que o modelo de aluguel de casas de f\u00e9rias, criado pela Airbnb, seja agora a forma dominante de aluguel de casas. Pouqu\u00edssimas pessoas t\u00eam condi\u00e7\u00f5es de ter sua pr\u00f3pria casa. Como alternativa a essa impossibilidade, muitas pessoas preferem comprar a\u00e7\u00f5es em tais aplicativos e obter lucro com seu uso.<\/li>\n<\/ul>\n\n\n\n<ul class=\"wp-block-list\">\n<li>Em face da escassez de \u00e1gua, a reciclagem desta est\u00e1 se tornando comum. Em muitas resid\u00eancias, h\u00e1 dispositivos especializados para reciclar todos os tipos de \u00e1gua, com base na tecnologia espacial.<\/li>\n<\/ul>\n\n\n\n<figure class=\"wp-block-image\"><img decoding=\"async\" src=\"https:\/\/lh7-us.googleusercontent.com\/docsz\/AD_4nXdqyJSgKy2Q-sfHFYNBKhBB5LAZ_9ZkqPvsegulpL2xvRD2xWtc5cPjYyEPDSenlaVUHWHpiukoBaozS0oil8XcxUJd9ZQnwQn1MQ6VrciLaMTLZ3AlsNJ1-TXvLzE6p3BjIdEzt9BkZxeQIOFbWa0Uymga?key=u9TdRNjrf1FNLml_gffKRg\" alt=\"\"\/><\/figure>\n\n\n\n<p><sub>Fonte: Imagens de refer\u00eancia criadas com a plataforma de IA do Google<\/sub><\/p>\n\n\n\n<ul class=\"wp-block-list\">\n<li>Gradualmente, diante das quedas de energia, as resid\u00eancias est\u00e3o come\u00e7ando a ter usinas de energia com v\u00e1rias fontes, incluindo energia solar, e\u00f3lica, gasolina, g\u00e1s e mat\u00e9ria org\u00e2nica.<\/li>\n<\/ul>\n\n\n\n<ul class=\"wp-block-list\">\n<li>Como no passado, as aulas presenciais acabam sendo um luxo que nem todas as fam\u00edlias podem pagar. A maioria das pessoas de classe baixa e m\u00e9dia baixa opta por uma educa\u00e7\u00e3o totalmente virtual, com uma variedade de qualidade que depende da capacidade econ\u00f4mica.\u00a0<\/li>\n<\/ul>\n\n\n\n<ul class=\"wp-block-list\">\n<li>Ap\u00f3s v\u00e1rios vazamentos, os dados de sa\u00fade das pessoas tornam-se p\u00fablicos em muitos pa\u00edses ocidentais e passam a ser um crit\u00e9rio impl\u00edcito no momento da avalia\u00e7\u00e3o de candidatos na busca por emprego.<\/li>\n<\/ul>\n\n\n\n<ul class=\"wp-block-list\">\n<li>As moedas nacionais deixam de existir, j\u00e1 que, devido \u00e0 minera\u00e7\u00e3o especial, as reservas de ouro quadruplicam, mas se concentram apenas em determinados pa\u00edses, onde suas moedas prevalecem sobre as demais.<\/li>\n<\/ul>\n\n\n\n<ul class=\"wp-block-list\">\n<li>A soberania dos pa\u00edses est\u00e1 debilitada e o poder n\u00e3o est\u00e1 concentrado nos governos nacionais. Os governos subnacionais e locais ganham mais poder para administrar pol\u00edticas em n\u00edvel territorial e a cobran\u00e7a de impostos \u00e9 mais direta. Enquanto isso, as estruturas supranacionais mant\u00eam a administra\u00e7\u00e3o da mobilidade territorial e especial.<\/li>\n<\/ul>\n\n\n\n<ul class=\"wp-block-list\">\n<li>As teocracias retornam em regi\u00f5es frustradas com a democracia e gozam de estabilidade.<\/li>\n<\/ul>\n\n\n\n<ul class=\"wp-block-list\">\n<li>A Am\u00e9rica Latina se posiciona como a nova regi\u00e3o mais atrativa do mundo devido \u00e0 sua baixa densidade populacional em rela\u00e7\u00e3o ao seu territ\u00f3rio.<\/li>\n<\/ul>\n\n\n\n<ul class=\"wp-block-list\">\n<li>A Ant\u00e1rtica \u00e9 invadida e h\u00e1 uma guerra pelo territ\u00f3rio.<\/li>\n<\/ul>\n\n\n\n<ul class=\"wp-block-list\">\n<li>O tr\u00e1fico de drogas cria ou conquista o primeiro pa\u00eds oficialmente. Mas, em uma reviravolta inesperada, esse pa\u00eds se mant\u00e9m, j\u00e1 que os outros pa\u00edses o utilizam para enviar ditadores e criminosos inconvenientes. Isso acaba se tornando uma grande pris\u00e3o autogerida.\u00a0<\/li>\n<\/ul>\n\n\n\n<ul class=\"wp-block-list\">\n<li>Uma falha na intelig\u00eancia artificial leva a um acidente grave e eles come\u00e7am a restringir seu uso. \u00c9 necess\u00e1ria uma permiss\u00e3o especial do governo para usar determinados programas.<\/li>\n<\/ul>\n\n\n\n<figure class=\"wp-block-image\"><img decoding=\"async\" src=\"https:\/\/lh7-us.googleusercontent.com\/docsz\/AD_4nXcwIrDlVnPHUtuEZcSfnP9whRz7KgG0sHCL0yRfjd-MYq2XVXDgMxECCB7BHwSnjK5rqGMw1talWO5JeEox7uywajKNfZASnE6ufWx74DrXCa8J0Djo109P0T6vwvejN6-U5ZRCHc-1RF9ViXTSXBym-ujw?key=u9TdRNjrf1FNLml_gffKRg\" alt=\"\"\/><\/figure>\n\n\n\n<p><sub>Fonte: Imagens de refer\u00eancia criadas com a plataforma de IA do Google<\/sub><\/p>\n\n\n\n<p>Neste breve exerc\u00edcio de <a href=\"https:\/\/www.lisainstitute.com\/blogs\/blog\/prospectiva-y-analisis-prospectivo\">prospec\u00e7\u00e3o<\/a> ou provoca\u00e7\u00e3o, podem ser feitas avalia\u00e7\u00f5es positivas ou negativas. Minhas ideias podem ser realistas, c\u00ednicas ou banais, mas o foco da conversa n\u00e3o \u00e9 o tipo de futuro que podemos ou n\u00e3o ter, mas como estamos discutindo o futuro, como fazemos um esfor\u00e7o para parar e pensar sobre para onde estamos indo e com quais ferramentas: ser\u00e1 um avan\u00e7o ou um retrocesso?&nbsp;<\/p>\n\n\n\n<p>Em setembro deste ano, ser\u00e1 realizada em Nova York a <a href=\"https:\/\/www.un.org\/es\/summit-of-the-future\">C\u00fapula do Futuro<\/a>, um evento das Na\u00e7\u00f5es Unidas que re\u00fane l\u00edderes mundiais para forjar um novo consenso internacional para melhorar o presente e proteger o futuro. O objetivo da c\u00fapula \u00e9 duplo: acelerar os esfor\u00e7os para obter compromissos internacionais e tomar medidas concretas para enfrentar novos desafios e aproveitar novas oportunidades. Para isso, ser\u00e1 produzido um documento final orientado para a a\u00e7\u00e3o, chamado<em> <\/em><a href=\"https:\/\/www.un.org\/sites\/un2.un.org\/files\/sotf-pact-for-the-future-rev.1.pdf\"><em>Um Pacto para o Futuro<\/em><\/a>.<\/p>\n\n\n\n<p>Esse pacto promete ser um ponto de inflex\u00e3o para transformar a governan\u00e7a global, primeiramente propondo reformas a \u00f3rg\u00e3os importantes como o Conselho de Seguran\u00e7a da ONU, bem como promovendo meios pac\u00edficos e sustent\u00e1veis para <strong>o uso do espa\u00e7o sideral, intelig\u00eancia artificial e a defesa negligenciada dos direitos dos civis em zonas de conflito<\/strong>. Ainda assim, a experi\u00eancia nos diz que o futuro est\u00e1 sendo constru\u00eddo de outra perspectiva.<\/p>\n\n\n\n<p>Nesse sentido, al\u00e9m da C\u00fapula do Futuro, \u00e9 necess\u00e1rio que os Verne, os Asimov, as Mary Shelley ou os Edward Bellamy desta gera\u00e7\u00e3o venham \u00e0 tona. N\u00e3o sou daqueles que acham que existe uma orfandade intelectual ou um adormecimento de ideias. O que h\u00e1 \u00e9 uma maior distra\u00e7\u00e3o dos nossos sentidos e uma maior concentra\u00e7\u00e3o econ\u00f4mica que nos impede de ver nossa humanidade em outras perspectivas.<\/p>\n\n\n\n<p>O poder quer um pensamento uniforme, inclusive em novas tecnologias, como a intelig\u00eancia artificial; basta ver as imagens que usei para este artigo, por meio da plataforma Gemini do Google. Essas ferramentas facilitam minha criatividade ou a atrofiam? Por que todas as imagens s\u00e3o parecidas? Minhas ideias devem se adequar \u00e0 est\u00e9tica dessa empresa se eu quiser us\u00e1-las. Isso esconde perigos que v\u00e3o al\u00e9m da no\u00e7\u00e3o de imediatismo.<\/p>\n\n\n\n<p>Estou convencido de que o futuro n\u00e3o \u00e9 definido apenas pelos pol\u00edticos. Esse nunca foi o caso em nenhuma \u00e9poca, nem aqueles que concentram todo o poder econ\u00f4mico ou tecnol\u00f3gico; ontem se chamavam Rockefeller ou Carnegie, hoje se chamam Musk ou Zuckerberg. A verdade \u00e9 que o futuro come\u00e7a e \u00e9 constru\u00eddo com base naqueles que sofrem os problemas do presente, n\u00e3o naqueles que vivem confortavelmente em seus privil\u00e9gios.&nbsp;<\/p>\n\n\n\n<p>Por esse motivo, e aproveitando o fato de que o <em>futuro<\/em> como conceito ser\u00e1 uma quest\u00e3o global importante nos pr\u00f3ximos meses, gostaria de convidar especialmente os jovens da regi\u00e3o a desafiar seus governos diante dessa C\u00fapula do Futuro, seja gerando propostas pol\u00edticas para esse evento, como est\u00e1 acontecendo no <a href=\"https:\/\/redpublica.com.pe\/es-CL\/projects\/cumbre-del-futuro\">Peru<\/a>, seja gerando inst\u00e2ncias ou conte\u00fados alternativos em n\u00edvel intelectual que nos convidem a imaginar al\u00e9m dos par\u00e2metros do <em>status quo<\/em> atual.&nbsp;<\/p>\n","protected":false},"excerpt":{"rendered":"<p> N\u00e3o existe uma orfandade intelectual ou um adormecimento de ideias. O que h\u00e1 \u00e9 uma maior distra\u00e7\u00e3o dos nossos sentidos e uma maior concentra\u00e7\u00e3o econ\u00f4mica que nos impede de ver nossa humanidade em outras perspectivas.<\/p>\n","protected":false},"author":598,"featured_media":42280,"comment_status":"closed","ping_status":"closed","sticky":false,"template":"","format":"standard","meta":{"_acf_changed":false,"episode_type":"","audio_file":"","cover_image":"","cover_image_id":"","duration":"","filesize":"","filesize_raw":"","date_recorded":"","explicit":"","block":"","itunes_episode_number":"","itunes_title":"","itunes_season_number":"","itunes_episode_type":"","footnotes":""},"categories":[16947,16890],"tags":[15839],"gps":[],"class_list":{"0":"post-42323","1":"post","2":"type-post","3":"status-publish","4":"format-standard","5":"has-post-thumbnail","7":"category-internet-es-pt-br","8":"category-tecnologia-es-pt-br","9":"tag-ideias-pt-br"},"acf":[],"_links":{"self":[{"href":"https:\/\/latinoamerica21.com\/pt-br\/wp-json\/wp\/v2\/posts\/42323","targetHints":{"allow":["GET"]}}],"collection":[{"href":"https:\/\/latinoamerica21.com\/pt-br\/wp-json\/wp\/v2\/posts"}],"about":[{"href":"https:\/\/latinoamerica21.com\/pt-br\/wp-json\/wp\/v2\/types\/post"}],"author":[{"embeddable":true,"href":"https:\/\/latinoamerica21.com\/pt-br\/wp-json\/wp\/v2\/users\/598"}],"replies":[{"embeddable":true,"href":"https:\/\/latinoamerica21.com\/pt-br\/wp-json\/wp\/v2\/comments?post=42323"}],"version-history":[{"count":0,"href":"https:\/\/latinoamerica21.com\/pt-br\/wp-json\/wp\/v2\/posts\/42323\/revisions"}],"wp:featuredmedia":[{"embeddable":true,"href":"https:\/\/latinoamerica21.com\/pt-br\/wp-json\/wp\/v2\/media\/42280"}],"wp:attachment":[{"href":"https:\/\/latinoamerica21.com\/pt-br\/wp-json\/wp\/v2\/media?parent=42323"}],"wp:term":[{"taxonomy":"category","embeddable":true,"href":"https:\/\/latinoamerica21.com\/pt-br\/wp-json\/wp\/v2\/categories?post=42323"},{"taxonomy":"post_tag","embeddable":true,"href":"https:\/\/latinoamerica21.com\/pt-br\/wp-json\/wp\/v2\/tags?post=42323"},{"taxonomy":"gps","embeddable":true,"href":"https:\/\/latinoamerica21.com\/pt-br\/wp-json\/wp\/v2\/gps?post=42323"}],"curies":[{"name":"wp","href":"https:\/\/api.w.org\/{rel}","templated":true}]}}