{"id":42327,"date":"2024-07-19T09:00:00","date_gmt":"2024-07-19T12:00:00","guid":{"rendered":"https:\/\/latinoamerica21.com\/?p=42327"},"modified":"2024-07-18T14:38:37","modified_gmt":"2024-07-18T17:38:37","slug":"desigualdades-intimas-a-pobreza-menstrual-na-america-latina","status":"publish","type":"post","link":"https:\/\/latinoamerica21.com\/pt-br\/desigualdades-intimas-a-pobreza-menstrual-na-america-latina\/","title":{"rendered":"Desigualdades \u00edntimas: a pobreza menstrual na Am\u00e9rica Latina"},"content":{"rendered":"\n<p>A menstrua\u00e7\u00e3o continua sendo um assunto tabu em muitas comunidades, o que gera vergonha e discrimina\u00e7\u00e3o contra as mulheres. Na \u00e9poca da menarca, ou primeira menstrua\u00e7\u00e3o, a maioria das mulheres relata que n\u00e3o recebeu as informa\u00e7\u00f5es necess\u00e1rias para lidar com essa mudan\u00e7a. Esse estigma afeta negativamente a autoestima e o bem-estar emocional das mulheres, perpetuando a desigualdade de g\u00eanero e limitando sua participa\u00e7\u00e3o plena na sociedade. Em n\u00edvel global, estudos mostram que o estigma relacionado \u00e0 menstrua\u00e7\u00e3o \u00e9 generalizado, e as meninas adolescentes, em particular, muitas vezes se sentem envergonhadas ou incapazes de falar abertamente sobre o assunto.<\/p>\n\n\n\n<p>Al\u00e9m disso, persistem muitos mitos sobre a menstrua\u00e7\u00e3o, como a ideia de que as mulheres n\u00e3o devem se envolver em determinadas atividades durante o per\u00edodo menstrual. Esses mitos n\u00e3o apenas limitam as oportunidades das mulheres, mas tamb\u00e9m refor\u00e7am as barreiras ao seu desenvolvimento e bem-estar.<\/p>\n\n\n\n<p>Esse tema est\u00e1 estreitamente vinculado \u00e0 sa\u00fade e \u00e0 pobreza, especialmente em comunidades de baixa renda, onde muitas mulheres enfrentam <a href=\"https:\/\/oi-files-cng-v2-prod.s3.eu-west-2.amazonaws.com\/lac.oxfam.org\/s3fs-public\/Informe%20Econonuestra%20ES.pdf?VersionId=HyEYobUlpgrpqLIiFMpTctzo7Vejqxfo\">dificuldades para acessar de forma segura e equitativa os direitos \u00e0 sa\u00fade<\/a>, conforme mencionado no relat\u00f3rio Econonuestra da Oxfam, e concretamente os produtos de gest\u00e3o menstrual. As m\u00faltiplas exclus\u00f5es enfrentadas por esses grupos populacionais historicamente vulner\u00e1veis n\u00e3o se limitam \u00e0 gera\u00e7\u00e3o de renda, mas tamb\u00e9m \u00e0 nega\u00e7\u00e3o dos direitos \u00e0 sa\u00fade.<\/p>\n\n\n\n<p>Essa realidade deu origem ao conceito de <em>pobreza menstrual<\/em>, que reflete a falta de acesso a produtos b\u00e1sicos de higiene menstrual, educa\u00e7\u00e3o e saneamento adequados, o que afeta gravemente a qualidade de vida de mulheres economicamente vulner\u00e1veis. Garantir o acesso \u00e0 sa\u00fade menstrual adequada para todas as pessoas que menstruam \u00e9 uma responsabilidade social. \u00c9 por isso que o impacto em algumas das condi\u00e7\u00f5es necess\u00e1rias (educa\u00e7\u00e3o, infraestrutura, sa\u00fade, liberdade, inclus\u00e3o e higiene) a compromete.&nbsp;<\/p>\n\n\n\n<p>Na Argentina, a crise econ\u00f4mica exacerbou os desafios da gest\u00e3o menstrual. A falta de acesso a produtos menstruais b\u00e1sicos, devido ao seu alto custo, obriga muitas mulheres a priorizar sua compra em detrimento de outras necessidades b\u00e1sicas, como alimenta\u00e7\u00e3o, ao mesmo tempo em que amea\u00e7a a sa\u00fade menstrual e aprofunda as desigualdades sociais no pa\u00eds.<\/p>\n\n\n\n<p>Um estudo de \u00e2mbito nacional, realizado pela consultoria argentina Voices! em conjunto com o Supermercados D\u00eda, revelou que 81% das mulheres menstruadas consideram os produtos menstruais caros ou muito caros e 7 em cada 10 est\u00e3o preocupadas com o fato de n\u00e3o poderem compr\u00e1-los. Cinco em cada 10 mulheres argentinas relatam que tiveram que limitar a compra de produtos menstruais devido a restri\u00e7\u00f5es econ\u00f4micas e 8 em cada 10 mulheres menstruadas mudaram seus h\u00e1bitos de gest\u00e3o menstrual nos \u00faltimos 12 meses. A mudan\u00e7a mais comum foi a op\u00e7\u00e3o por marcas mais baratas, seguida pela escolha de produtos alternativos para reduzir os custos e o uso inadequado de alguns produtos, como o uso prolongado.&nbsp;<\/p>\n\n\n\n<p>O estudo tamb\u00e9m mostrou que h\u00e1 muito interesse em experimentar produtos mais ecol\u00f3gicos, como o coletor menstrual e os protetores de calcinha menstruais. Isso representa uma grande oportunidade para atender \u00e0s demandas duplas por maior igualdade social de g\u00eanero e pol\u00edticas privadas de equidade que abordem a sustentabilidade ambiental. \u00c9 especialmente interessante em setores vulner\u00e1veis que n\u00e3o t\u00eam sistemas adequados para o descarte de produtos menstruais usados.&nbsp;<\/p>\n\n\n\n<p>O problema transcende as fronteiras em nossa regi\u00e3o. Por exemplo, no Brasil, 1 em cada 4 meninas faltou \u00e0 escola por n\u00e3o ter um item t\u00e3o b\u00e1sico como o absorvente menstrual, o que motiva a substitui\u00e7\u00e3o de produtos de gest\u00e3o menstrual t\u00e3o improvisados quanto anti-higi\u00eanicos e ineficazes, como migalhas de p\u00e3o ou jornais velhos, uma pr\u00e1tica comum em setores vulner\u00e1veis.&nbsp;<\/p>\n\n\n\n<p>Para aliviar essa carga econ\u00f4mica, v\u00e1rias organiza\u00e7\u00f5es na Am\u00e9rica Latina implementaram iniciativas de apoio. Na Argentina, por exemplo, a campanha #El28EsParaVos dos supermercados D\u00eda oferece um desconto de 50% em produtos menstruais no dia 28 de cada m\u00eas. Al\u00e9m disso, h\u00e1 propostas de pol\u00edticas p\u00fablicas para garantir a acessibilidade dos produtos menstruais. A EcoFeminita realiza uma campanha chamada #MenstruAcci\u00f3n com o objetivo de tornar vis\u00edvel que a menstrua\u00e7\u00e3o \u00e9 um fator de desigualdade. H\u00e1 tamb\u00e9m algumas iniciativas legislativas que buscam incluir produtos menstruais na cesta b\u00e1sica e isent\u00e1-los de impostos, al\u00e9m de alguns programas comunit\u00e1rios e ONGs locais que distribuem produtos menstruais gratuitos em \u00e1reas de alta vulnerabilidade.&nbsp;<\/p>\n\n\n\n<p>Em outros pa\u00edses da regi\u00e3o, como o M\u00e9xico e o Uruguai, foram implementadas medidas eficazes para melhorar o acesso a produtos de gest\u00e3o menstrual. Por exemplo, no M\u00e9xico, o movimento Menstruaci\u00f3n Digna conseguiu, em 2021, eliminar o IVA de 16% sobre produtos de gest\u00e3o menstrual, seguindo o exemplo da Col\u00f4mbia, que, em 2018, eliminou o imposto sobre absorventes, enquanto o Uruguai lan\u00e7ou o programa Gest\u00e3o Menstrual + Igualdade + Inclus\u00e3o para distribuir kits gratuitos em Montevid\u00e9u a partir de 2023. No Brasil, o governo anunciou a distribui\u00e7\u00e3o gratuita de absorventes higi\u00eanicos em farm\u00e1cias de todo o pa\u00eds para mulheres de baixa renda, o que beneficia milh\u00f5es de mulheres.<\/p>\n\n\n\n<p>Tudo isso ressalta como a pobreza afeta desproporcionalmente as mulheres, sendo a menstrua\u00e7\u00e3o um fator adicional de desigualdade. Os custos associados \u00e0 gest\u00e3o da menstrua\u00e7\u00e3o, uma necessidade biol\u00f3gica, representam desafios significativos para as mulheres, e h\u00e1 uma forte demanda por acesso equitativo a uma gest\u00e3o menstrual saud\u00e1vel. Em estudos qualitativos sobre o tema, as mulheres destacam que &#8220;a menstrua\u00e7\u00e3o \u00e9 algo que sempre estar\u00e1 presente, n\u00e3o \u00e9 opcional&#8221; e refor\u00e7am a expectativa de que &#8220;deveria haver algo mais acess\u00edvel&#8221; e que &#8220;os produtos deveriam ser acess\u00edveis ou distribu\u00eddos gratuitamente em todos os centros de sa\u00fade por m\u00eas, pois \u00e9 algo que faz parte do corpo humano e deve ser cuidado sem nenhum impedimento&#8221;. Enfatizando o car\u00e1ter estrutural e n\u00e3o volitivo ou discricion\u00e1rio do condicionamento menstrual, as mulheres questionam: &#8220;N\u00e3o \u00e9 uma doen\u00e7a ou algo que decidimos ter ao nascer, e as pessoas em situa\u00e7\u00f5es mais vulner\u00e1veis n\u00e3o podem ter acesso a esses privil\u00e9gios.&#8221;&nbsp;<\/p>\n\n\n\n<p>\u00c9 essencial que a menstrua\u00e7\u00e3o n\u00e3o se torne um obst\u00e1culo para nenhuma mulher, e \u00e9 responsabilidade da sociedade como um todo garantir igualdade de condi\u00e7\u00f5es para todas. A abordagem deve ser integral, combinando pol\u00edticas legislativas, educa\u00e7\u00e3o, conscientiza\u00e7\u00e3o e colabora\u00e7\u00e3o para abordar de forma eficaz a pobreza menstrual.<\/p>\n","protected":false},"excerpt":{"rendered":"<p>\u00c9 essencial que a menstrua\u00e7\u00e3o n\u00e3o se torne um obst\u00e1culo para nenhuma mulher, e \u00e9 responsabilidade da sociedade como um todo garantir igualdade de condi\u00e7\u00f5es para todas.<\/p>\n","protected":false},"author":448,"featured_media":42307,"comment_status":"closed","ping_status":"closed","sticky":false,"template":"","format":"standard","meta":{"_acf_changed":false,"episode_type":"","audio_file":"","cover_image":"","cover_image_id":"","duration":"","filesize":"","filesize_raw":"","date_recorded":"","explicit":"","block":"","itunes_episode_number":"","itunes_title":"","itunes_season_number":"","itunes_episode_type":"","footnotes":""},"categories":[16716,16782],"tags":[15839],"gps":[],"class_list":{"0":"post-42327","1":"post","2":"type-post","3":"status-publish","4":"format-standard","5":"has-post-thumbnail","7":"category-desigualdad-es-pt-br","8":"category-genero-pt-br","9":"tag-ideias-pt-br"},"acf":[],"_links":{"self":[{"href":"https:\/\/latinoamerica21.com\/pt-br\/wp-json\/wp\/v2\/posts\/42327","targetHints":{"allow":["GET"]}}],"collection":[{"href":"https:\/\/latinoamerica21.com\/pt-br\/wp-json\/wp\/v2\/posts"}],"about":[{"href":"https:\/\/latinoamerica21.com\/pt-br\/wp-json\/wp\/v2\/types\/post"}],"author":[{"embeddable":true,"href":"https:\/\/latinoamerica21.com\/pt-br\/wp-json\/wp\/v2\/users\/448"}],"replies":[{"embeddable":true,"href":"https:\/\/latinoamerica21.com\/pt-br\/wp-json\/wp\/v2\/comments?post=42327"}],"version-history":[{"count":0,"href":"https:\/\/latinoamerica21.com\/pt-br\/wp-json\/wp\/v2\/posts\/42327\/revisions"}],"wp:featuredmedia":[{"embeddable":true,"href":"https:\/\/latinoamerica21.com\/pt-br\/wp-json\/wp\/v2\/media\/42307"}],"wp:attachment":[{"href":"https:\/\/latinoamerica21.com\/pt-br\/wp-json\/wp\/v2\/media?parent=42327"}],"wp:term":[{"taxonomy":"category","embeddable":true,"href":"https:\/\/latinoamerica21.com\/pt-br\/wp-json\/wp\/v2\/categories?post=42327"},{"taxonomy":"post_tag","embeddable":true,"href":"https:\/\/latinoamerica21.com\/pt-br\/wp-json\/wp\/v2\/tags?post=42327"},{"taxonomy":"gps","embeddable":true,"href":"https:\/\/latinoamerica21.com\/pt-br\/wp-json\/wp\/v2\/gps?post=42327"}],"curies":[{"name":"wp","href":"https:\/\/api.w.org\/{rel}","templated":true}]}}