{"id":424,"date":"2018-11-22T12:30:25","date_gmt":"2018-11-22T15:30:25","guid":{"rendered":"http:\/\/latinoamerica21.com\/?p=424"},"modified":"2022-12-19T19:54:47","modified_gmt":"2022-12-19T22:54:47","slug":"pessimismo-quanto-ao-comercio-latino-americano-apesar-de-sua-expansao","status":"publish","type":"post","link":"https:\/\/latinoamerica21.com\/pt-br\/pessimismo-quanto-ao-comercio-latino-americano-apesar-de-sua-expansao\/","title":{"rendered":"Pessimismo quanto ao com\u00e9rcio, apesar de sua expans\u00e3o"},"content":{"rendered":"\n<p>O mais recente relat\u00f3rio do Banco Interamericano de\nDesenvolvimento (BID) acaba de anunciar que o valor das exporta\u00e7\u00f5es da Am\u00e9rica\nLatina cresceu em 9,7% no primeiro semestre deste ano, enquanto a Comiss\u00e3o\nEcon\u00f4mica para a Am\u00e9rica Latina e o Caribe (Cepal) projetou um crescimento\nanual de 9,7% para as exporta\u00e7\u00f5es da regi\u00e3o em 2018. Com isso, teremos dois\nanos consecutivos de recupera\u00e7\u00e3o, depois da queda sofrida pelas exporta\u00e7\u00f5es\nentre 2012 e 2016.<\/p>\n\n\n\n<p>Mas apesar da alta no valor do com\u00e9rcio, o crescimento das exporta\u00e7\u00f5es <a href=\"https:\/\/latinoamerica21.com\/br\/na-america-latina-resgatar-bancos-ainda-recairia-sobre-os-contribuintes\/\">latinoamericanas<\/a> em termos de volume deve ficar em apenas 2,1%, segundo a Cepal, ou menos de metade da m\u00e9dia das economias em desenvolvimento, cujo com\u00e9rcio, de acordo com dados da Organiza\u00e7\u00e3o Mundial do Com\u00e9rcio (OMC), se expandir\u00e1 em, 4,6% este ano. Os dados do BID s\u00e3o ainda mais negativos: o banco afirma que o volume de exporta\u00e7\u00f5es da regi\u00e3o sofreu queda, no primeiro semestre deste ano.<\/p>\n\n\n\n<p>O fim do crescimento no volume de exporta\u00e7\u00f5es se viu compensado por uma alta nos pre\u00e7os. Na Am\u00e9rica do Sul, de acordo com a Cepal, o <a href=\"https:\/\/www.imf.org\/external\/lang\/portuguese\/np\/blog\/2018\/012518p.pdf\">crescimento<\/a> de 10% projetado no valor das exporta\u00e7\u00f5es se deve totalmente ao aumento nos pre\u00e7os dos produtos b\u00e1sicos de exporta\u00e7\u00e3o, como petr\u00f3leo, minerais e metais. E no caso do Caribe, onde o avan\u00e7o por valor foi da ordem de 12,1%, acontece algo semelhante. J\u00e1 a expans\u00e3o no com\u00e9rcio internacional mexicano \u00e9 diferente, e se deve em igual medida a avan\u00e7os de volume e de pre\u00e7os. Na Am\u00e9rica Central, enquanto isso, o crescimento se deve integralmente ao aumento do volume exportado, j\u00e1 que os pre\u00e7os dos produtos regionais de maior demanda, como o a\u00e7\u00facar e o caf\u00e9, ca\u00edram ligeiramente. Alem disso, as exporta\u00e7\u00f5es de produtos industriais pelo M\u00e9xico e pela Am\u00e9rica Central se beneficiaram do maior dinamismo na demanda dos Estados Unidos.<\/p>\n\n\n\n<p>A principal alta foi registrada nas exporta\u00e7\u00f5es \u00e0 China, um\ndos principais parceiros econ\u00f4micos da Am\u00e9rica Latina, e estas praticamente se\nlimitam a mat\u00e9rias-primas e produtos industriais baseados em recursos naturais.\nJ\u00e1 as exporta\u00e7\u00f5es intrarregionais ou para os Estados Unidos, caracterizadas por\nmaior valor agregado, devem crescer em ritmo sensivelmente mais baixo. Isso\nacentua ainda mais a tend\u00eancia a um recuo aos produtos prim\u00e1rios, j\u00e1 que as\ncommodities praticamente duplicaram seu peso nas exporta\u00e7\u00f5es, nas duas \u00faltimas\nd\u00e9cadas.<\/p>\n\n\n\n<blockquote class=\"wp-block-quote is-layout-flow wp-block-quote-is-layout-flow\">\n<p>&#8220;a regi\u00e3o perdeu espa\u00e7o&#8221; no mercado exportador<\/p>\n<\/blockquote>\n\n\n\n<p>O valor das exporta\u00e7\u00f5es latino-americanas continuou a se\nexpandir gra\u00e7as ao aumento dos pre\u00e7os, mas ainda assim &#8220;a regi\u00e3o perdeu\nespa\u00e7o&#8221; no mercado exportador, em parte por conta de uma redu\u00e7\u00e3o em sua\ncompetitividade, de acordo com o relat\u00f3rio do BID. A isso se soma o risco de\numa debilita\u00e7\u00e3o futura por conta da instabilidade da demanda internacional, da\ninstabilidade do d\u00f3lar, e das tens\u00f5es comerciais mundiais, especialmente entre\nos Estados Unidos e a China.<\/p>\n\n\n\n<p>J\u00e1 quanto \u00e0s importa\u00e7\u00f5es regionais de bens, tamb\u00e9m houve\ncrescimento pelo segundo ano consecutivo, com um avan\u00e7o de 9,5%, mas, ao\ncontr\u00e1rio do que acontece nas exporta\u00e7\u00f5es, o crescimento se relaciona mais a\navan\u00e7o de volumes que de pre\u00e7os. Em termos pr\u00e1ticos, as importa\u00e7\u00f5es que mais\ncresceram foram as de bens industriais fabricados na China, e estes no geral\nconcorrem com os produtos da ind\u00fastria latino-americana.<\/p>\n\n\n\n<p>Para reverter a estagna\u00e7\u00e3o nas exporta\u00e7\u00f5es, a sa\u00edda l\u00edquida\nde capital e o crescente protecionismo que a regi\u00e3o enfrenta, Alicia Barjena, a\nsecret\u00e1ria executiva da Cepal, diz que \u00e9 necess\u00e1rio &#8220;intensificar os\nesfor\u00e7os para construir um mercado regional integrado&#8221;. E no que tange ao\nbaixo n\u00edvel de sofistica\u00e7\u00e3o dos produtos export\u00e1veis da regi\u00e3o, o relat\u00f3rio do\nBID insta a &#8220;adotar urgentemente pol\u00edticas de integra\u00e7\u00e3o comercial que\nestimulem rela\u00e7\u00f5es de complementa\u00e7\u00e3o produtiva mais complexas e fluxos\ncomerciais mais sofisticados&#8221;.<\/p>\n","protected":false},"excerpt":{"rendered":"<p>O mais recente relat\u00f3rio do Banco Interamericano de Desenvolvimento (BID) acaba de anunciar que o valor das exporta\u00e7\u00f5es da Am\u00e9rica Latina cresceu em 9,7% no primeiro semestre deste ano, enquanto a Cepal projetou um crescimento anual de 9,7% para as exporta\u00e7\u00f5es da regi\u00e3o em 2018.<\/p>\n","protected":false},"author":2,"featured_media":422,"comment_status":"closed","ping_status":"closed","sticky":false,"template":"","format":"standard","meta":{"_acf_changed":false,"episode_type":"","audio_file":"","cover_image":"","cover_image_id":"","duration":"","filesize":"","filesize_raw":"","date_recorded":"","explicit":"","block":"","itunes_episode_number":"","itunes_title":"","itunes_season_number":"","itunes_episode_type":"","footnotes":""},"categories":[16742,16743,16744],"tags":[],"gps":[],"class_list":{"0":"post-424","1":"post","2":"type-post","3":"status-publish","4":"format-standard","5":"has-post-thumbnail","7":"category-comercio-pt-br","8":"category-exportaciones-pt-br","9":"category-cepal-pt-br"},"acf":[],"_links":{"self":[{"href":"https:\/\/latinoamerica21.com\/pt-br\/wp-json\/wp\/v2\/posts\/424","targetHints":{"allow":["GET"]}}],"collection":[{"href":"https:\/\/latinoamerica21.com\/pt-br\/wp-json\/wp\/v2\/posts"}],"about":[{"href":"https:\/\/latinoamerica21.com\/pt-br\/wp-json\/wp\/v2\/types\/post"}],"author":[{"embeddable":true,"href":"https:\/\/latinoamerica21.com\/pt-br\/wp-json\/wp\/v2\/users\/2"}],"replies":[{"embeddable":true,"href":"https:\/\/latinoamerica21.com\/pt-br\/wp-json\/wp\/v2\/comments?post=424"}],"version-history":[{"count":0,"href":"https:\/\/latinoamerica21.com\/pt-br\/wp-json\/wp\/v2\/posts\/424\/revisions"}],"wp:featuredmedia":[{"embeddable":true,"href":"https:\/\/latinoamerica21.com\/pt-br\/wp-json\/wp\/v2\/media\/422"}],"wp:attachment":[{"href":"https:\/\/latinoamerica21.com\/pt-br\/wp-json\/wp\/v2\/media?parent=424"}],"wp:term":[{"taxonomy":"category","embeddable":true,"href":"https:\/\/latinoamerica21.com\/pt-br\/wp-json\/wp\/v2\/categories?post=424"},{"taxonomy":"post_tag","embeddable":true,"href":"https:\/\/latinoamerica21.com\/pt-br\/wp-json\/wp\/v2\/tags?post=424"},{"taxonomy":"gps","embeddable":true,"href":"https:\/\/latinoamerica21.com\/pt-br\/wp-json\/wp\/v2\/gps?post=424"}],"curies":[{"name":"wp","href":"https:\/\/api.w.org\/{rel}","templated":true}]}}