{"id":42553,"date":"2024-07-28T06:00:00","date_gmt":"2024-07-28T09:00:00","guid":{"rendered":"https:\/\/latinoamerica21.com\/?p=42553"},"modified":"2024-07-26T19:03:38","modified_gmt":"2024-07-26T22:03:38","slug":"o-novo-e-a-desesperanca","status":"publish","type":"post","link":"https:\/\/latinoamerica21.com\/pt-br\/o-novo-e-a-desesperanca\/","title":{"rendered":"O novo \u00e9 a desesperan\u00e7a"},"content":{"rendered":"\n<p><em>A promessa de mudan\u00e7a do s\u00e9culo XX ficou para tr\u00e1s<\/em><\/p>\n\n\n\n<p>1959 foi um ano que iniciou marcado pela revolu\u00e7\u00e3o cubana. Washington sentiu o golpe e, em 1961, John Kennedy lan\u00e7ou a Alian\u00e7a para o Progresso como alternativa destinada a competir com o comunismo tropical que proclamava a luta armada como a \u201cparteira da hist\u00f3ria\u201d, como Don Carlos havia proclamado. Em ambas as vias o objetivo era a mudan\u00e7a social, e sua necessidade era inquestion\u00e1vel. A aceita\u00e7\u00e3o da necessidade de transforma\u00e7\u00e3o social presidiu os anos que se seguiram.<\/p>\n\n\n\n<p>O s\u00e9culo XXI deu origem a outro panorama na Am\u00e9rica Latina. \u00c9 um panorama em que a mudan\u00e7a em nossas sociedades n\u00e3o s\u00f3 saiu da agenda, mas nem sequer \u00e9 quest\u00e3o de aten\u00e7\u00e3o e debate. O progresso de todos foi substitu\u00eddo pelo progresso de cada um, revestido de um \u201cempreendedorismo\u201d que \u00e9 proposto como caminho de realiza\u00e7\u00e3o pessoal a qualquer custo \u2013 grosseiramente, ou seja, tomando quem for necess\u00e1rio e sem escr\u00fapulos \u2013 ou abertamente proposto como sair do pa\u00eds, rumo ao norte, para encontrar entornos mais prop\u00edcios \u00e0s aspira\u00e7\u00f5es de cada um, que n\u00e3o s\u00e3o mais percebidas como as dos outros.<\/p>\n\n\n\n<p>\u00c9 assim que estamos. A substitui\u00e7\u00e3o de objetivos comuns por objetivos individuais ou familiares foi motivada por v\u00e1rios fatores. O primeiro \u00e9 o fracasso das tentativas de transforma\u00e7\u00e3o social iniciadas d\u00e9cadas atr\u00e1s. As guerrilhas foram esmagadas de forma sangrenta e n\u00e3o deixaram herdeiros, nem mesmo rastros ou lembran\u00e7as. Quem chegou ao governo com programas reformistas logo os abandonaram. As v\u00e1rias formas de \u201cpromo\u00e7\u00e3o popular\u201d, geralmente financiadas por fontes de coopera\u00e7\u00e3o internacional, limitaram-se a apoiar alguns grupos sociais por per\u00edodos que terminaram quando o dinheiro acabou; na melhor das hip\u00f3teses, as realiza\u00e7\u00f5es desses esfor\u00e7os foram similares \u00e0s dos assistencialismos oferecidos por senhoras ricas e piedosas. E n\u00e3o deixaram sua marca.<\/p>\n\n\n\n<p>O segundo fator foi a prega\u00e7\u00e3o neoliberal \u2013 que dever\u00edamos chamar de neoconservadora \u2013, que incutiu uma esp\u00e9cie de novo evangelho: seu futuro depende s\u00f3 de voc\u00ea; n\u00e3o espere para progredir com os demais, trabalhe por conta pr\u00f3pria e o resto vir\u00e1.<\/p>\n\n\n\n<p>O estreitamento ou o fechamento dos canais de ascens\u00e3o social para as maiorias e a capacidade de atra\u00e7\u00e3o da proposta de \u201csalva\u00e7\u00e3o individual\u201d redefiniram o panorama. O pessimismo sobre o futuro do pa\u00eds empurrou qualquer otimismo para o canto do que todos podem alcan\u00e7ar. As pesquisas mostram essas tend\u00eancias. E os interc\u00e2mbios pessoais ilustram o que agora \u00e9 \u201co novo\u201d na regi\u00e3o.<\/p>\n\n\n\n<p><strong>A estrutura do narcotr\u00e1fico<\/strong><\/p>\n\n\n\n<p>Convenhamos que h\u00e1 mais elementos que eram novos h\u00e1 algumas d\u00e9cadas e que agora est\u00e3o normalizados. Provavelmente <a href=\"https:\/\/www.dw.com\/es\/narcotr%C3%A1fico-en-am%C3%A9rica-latina-un-ecosistema-de-grupos-criminales\/a-67967835\">o mais importante \u00e9 o narcotr\u00e1fico<\/a>, que nos surpreendeu quando suas primeiras not\u00edcias eram centradas na Col\u00f4mbia. Mas depois, nem sempre atraindo muita aten\u00e7\u00e3o, o fen\u00f4meno se espalhou para pa\u00edses produtores de mat\u00e9rias-primas, como Peru e Bol\u00edvia, e depois para pa\u00edses de tr\u00e2nsito \u2013 toda a Am\u00e9rica Central e o M\u00e9xico, mas tamb\u00e9m o Brasil, a Argentina e o Chile \u2013 para degradar suas sociedades e corroer seus Estados por meio da corrup\u00e7\u00e3o.<\/p>\n\n\n\n<p>Em uma fase anterior, o narcotr\u00e1fico pagava pelos servi\u00e7os necess\u00e1rios com d\u00f3lares dos mercados nos quais colocavam as drogas: primeiro os Estados Unidos e depois a Europa. Mas a a\u00e7\u00e3o judicial internacional complicou a transfer\u00eancia de d\u00f3lares, levando \u00e0 etapa atual, no qual os servi\u00e7os locais s\u00e3o pagos com drogas. Para tornar os pagamentos efetivos, quem trabalha com as grandes redes de tr\u00e1fico internacional ativou um mercado interno de consumo de drogas que afeta principalmente os jovens. Como sabemos, as drogas s\u00e3o distribu\u00eddas nas portas das escolas para criar consumidores. A quest\u00e3o da depend\u00eancia tornou-se um problema de sa\u00fade p\u00fablica.<\/p>\n\n\n\n<p>Para \u201cos empreendedores\u201d, o narcotr\u00e1fico criou uma ampla gama de ocupa\u00e7\u00f5es que oferecem \u00eaxito imediato. Os degraus mais baixos da escada s\u00e3o as \u201cmulas\u201d \u2013 tamb\u00e9m chamadas de <em>burriers<\/em> \u2013 que os traficantes sacrificam quando necess\u00e1rio, denunciando-as aos \u201coficiais de plant\u00e3o\u201d que, em troca, deixam passar carregamentos reais. Os infelizes tornam-se alimento para as pris\u00f5es, e o sistema judici\u00e1rio lhes aplica \u201csenten\u00e7as exemplares\u201d. Enquanto isso, nos escal\u00f5es superiores, fazem-se carreiras e seus ocupantes exibem n\u00edveis escandalosos de consumo. Que, na realidade, n\u00e3o escandalizam, mas provocam inveja, mesmo que alguns de seus personagens terminem a festa em um \u201cacerto de contas\u201d.<\/p>\n\n\n\n<p>Enquanto esses processos se desenvolvem e se estendem a ponto de criar \u201czonas liberadas\u201d &#8211; n\u00e3o pela luta armada, mas pela atua\u00e7\u00e3o impune de crimes \u2013, a desigualdade deixou de figurar na agenda dos partidos pol\u00edticos, os aumentos de impostos \u2013 ao menos no n\u00edvel pago nos pa\u00edses do Norte \u2013 s\u00e3o considerados \u201cexpropriat\u00f3rios\u201d pelos neoconservadores, e o aparato estatal est\u00e1 cada vez mais fraco e corrupto; reduzido ao m\u00ednimo, negligencia a educa\u00e7\u00e3o p\u00fablica e a assist\u00eancia m\u00e9dica.<\/p>\n\n\n\n<p><strong>Onde est\u00e1 a sa\u00edda?<\/strong><\/p>\n\n\n\n<p>H\u00e1 muitos anos, em meio a uma das crises c\u00edclicas da Argentina, fiz essa pergunta a um taxista em Buenos Aires. \u201cEm Ezeiza\u201d, respondeu, sem brincar, referindo-se ao principal aeroporto da capital argentina. Na \u00e9poca, foi um coment\u00e1rio bem-humorado; hoje, sair do pa\u00eds \u00e9 para muitos \u201ca sa\u00edda\u201d. A maioria deles n\u00e3o se importa com o que far\u00e1; assumem que em qualquer profiss\u00e3o ter\u00e3o melhores oportunidades do que em seu pa\u00eds, onde quase todos os caminhos parecem estar fechados.<\/p>\n\n\n\n<p>Deixar o pa\u00eds \u00e9 uma op\u00e7\u00e3o crescente, sobretudo entre os mais jovens. No caso do Peru \u2013 que mesmo no contexto latino-americano aparece, talvez como a Guatemala, como um paciente com progn\u00f3stico reservado, para o qual n\u00e3o h\u00e1 tratamento conhecido \u2013 os emigrantes quadruplicaram desde a pandemia. N\u00e3o h\u00e1 estat\u00edsticas confi\u00e1veis para respaldar o que sabemos por meio de milhares de hist\u00f3rias; como tem sido o caso dos salvadorenhos h\u00e1 muito tempo, <a href=\"https:\/\/latinoamerica21.com\/pt-br\/por-que-os-peruanos-querem-sair-do-pais\/\">todo peruano parece ter um ou mais parentes no exterior<\/a>, um ou mais amigos.<\/p>\n\n\n\n<p>Os pa\u00edses latino-americanos que, at\u00e9 relativamente pouco tempo atr\u00e1s, pareciam ter um modo de vida est\u00e1vel e um Estado com certa for\u00e7a, agora est\u00e3o descendo a ladeira. O Chile nos surpreendeu h\u00e1 alguns anos com uma explos\u00e3o social que at\u00e9 agora n\u00e3o produziu nada de saud\u00e1vel. E o Equador acaba de nos surpreender com o surgimento de atores no neg\u00f3cio das drogas que permaneceram nos bastidores e agora est\u00e3o reivindicando a posi\u00e7\u00e3o de atores principais.&nbsp;<\/p>\n\n\n\n<p>Na maior parte da Am\u00e9rica Latina, \u00e9 o momento do \u201csalve-se quem puder\u201d. Atualmente, esse processo \u00e9 alimentado pela desesperan\u00e7a resultante da constata\u00e7\u00e3o da magnitude dos problemas para os quais ningu\u00e9m consegue apresentar solu\u00e7\u00f5es vi\u00e1veis.<\/p>\n","protected":false},"excerpt":{"rendered":"<p>Na maior parte da Am\u00e9rica Latina, \u00e9 o momento do \u201csalve-se quem puder\u201d, um processo alimentado pela desesperan\u00e7a resultante da constata\u00e7\u00e3o da magnitude dos problemas para os quais ningu\u00e9m consegue apresentar solu\u00e7\u00f5es vi\u00e1veis.<\/p>\n","protected":false},"author":54,"featured_media":0,"comment_status":"closed","ping_status":"closed","sticky":false,"template":"","format":"standard","meta":{"_acf_changed":false,"episode_type":"","audio_file":"","cover_image":"","cover_image_id":"","duration":"","filesize":"","filesize_raw":"","date_recorded":"","explicit":"","block":"","itunes_episode_number":"","itunes_title":"","itunes_season_number":"","itunes_episode_type":"","footnotes":""},"categories":[16708],"tags":[15839],"gps":[],"class_list":{"0":"post-42553","1":"post","2":"type-post","3":"status-publish","4":"format-standard","6":"category-politica-pt-br","7":"tag-ideias-pt-br"},"acf":[],"_links":{"self":[{"href":"https:\/\/latinoamerica21.com\/pt-br\/wp-json\/wp\/v2\/posts\/42553","targetHints":{"allow":["GET"]}}],"collection":[{"href":"https:\/\/latinoamerica21.com\/pt-br\/wp-json\/wp\/v2\/posts"}],"about":[{"href":"https:\/\/latinoamerica21.com\/pt-br\/wp-json\/wp\/v2\/types\/post"}],"author":[{"embeddable":true,"href":"https:\/\/latinoamerica21.com\/pt-br\/wp-json\/wp\/v2\/users\/54"}],"replies":[{"embeddable":true,"href":"https:\/\/latinoamerica21.com\/pt-br\/wp-json\/wp\/v2\/comments?post=42553"}],"version-history":[{"count":0,"href":"https:\/\/latinoamerica21.com\/pt-br\/wp-json\/wp\/v2\/posts\/42553\/revisions"}],"wp:attachment":[{"href":"https:\/\/latinoamerica21.com\/pt-br\/wp-json\/wp\/v2\/media?parent=42553"}],"wp:term":[{"taxonomy":"category","embeddable":true,"href":"https:\/\/latinoamerica21.com\/pt-br\/wp-json\/wp\/v2\/categories?post=42553"},{"taxonomy":"post_tag","embeddable":true,"href":"https:\/\/latinoamerica21.com\/pt-br\/wp-json\/wp\/v2\/tags?post=42553"},{"taxonomy":"gps","embeddable":true,"href":"https:\/\/latinoamerica21.com\/pt-br\/wp-json\/wp\/v2\/gps?post=42553"}],"curies":[{"name":"wp","href":"https:\/\/api.w.org\/{rel}","templated":true}]}}