{"id":42793,"date":"2024-08-08T09:00:00","date_gmt":"2024-08-08T12:00:00","guid":{"rendered":"https:\/\/latinoamerica21.com\/?p=42793"},"modified":"2024-08-05T11:45:39","modified_gmt":"2024-08-05T14:45:39","slug":"a-saude-mental-de-uma-regiao-em-crise-o-suicidio-na-america-latina","status":"publish","type":"post","link":"https:\/\/latinoamerica21.com\/pt-br\/a-saude-mental-de-uma-regiao-em-crise-o-suicidio-na-america-latina\/","title":{"rendered":"A sa\u00fade mental de uma regi\u00e3o em crise: o suic\u00eddio na Am\u00e9rica Latina"},"content":{"rendered":"\n<p>O suic\u00eddio \u00e9 a causa de mais de 703.000 mortes por ano no mundo, o que equivale a uma pessoa tirando a pr\u00f3pria vida a cada 40 segundos, segundo a Organiza\u00e7\u00e3o Mundial da Sa\u00fade (OMS). A sa\u00fade mental n\u00e3o era um tema de discuss\u00e3o h\u00e1 anos, mas, ap\u00f3s a pandemia de COVID-19, retomou a import\u00e2ncia que merece, embora n\u00e3o nos n\u00edveis necess\u00e1rios para a implementa\u00e7\u00e3o de pol\u00edticas espec\u00edficas. De fato, \u00e9 a quarta principal causa de morte a n\u00edvel global e <a href=\"https:\/\/latinoamerica21.com\/pt-br\/as-sociedades-em-crise-favorecem-o-extremismo-e-o-suicidio-entre-jovens\/\">a terceira na Am\u00e9rica Latina<\/a>, onde, em 2019, cerca de 98.000 pessoas entre 15 e 29 anos tiraram a pr\u00f3pria vida, segundo a OMS.<\/p>\n\n\n\n<p>Em 2000, <a href=\"https:\/\/www.paho.org\/es\/noticias\/22-10-2014-americas-hay-mas-7-suicidios-por-hora-indica-nuevo-informe-ops\">a taxa de suic\u00eddio na Am\u00e9rica foi de 7,53 suic\u00eddios por 100.000 habitantes<\/a>, em contraste com 21,88 suic\u00eddios por 100.000 habitantes na Europa, segundo dados de <em>Burden of Suicides<\/em> da Organiza\u00e7\u00e3o Pan-Americana da Sa\u00fade (OPAS). Em 2019, a taxa de suic\u00eddio na Am\u00e9rica aumentou para 9,64, enquanto na Europa caiu para 12,76.<\/p>\n\n\n\n<p>De acordo com a mesma fonte, durante o per\u00edodo de 2000-2019, a maior taxa de suic\u00eddio foi registrada nos Estados Unidos e no Canad\u00e1, em compara\u00e7\u00e3o com o resto dos pa\u00edses da regi\u00e3o. Na Am\u00e9rica Latina e no Caribe, o Uruguai \u00e9 o pa\u00eds com a maior taxa de suic\u00eddio (15,51), o dobro da m\u00e9dia da regi\u00e3o (6,5).<\/p>\n\n\n\n<p>A sa\u00fade mental considera v\u00e1rios aspectos, como a sa\u00fade emocional, cognitiva e comportamental, bem como a capacidade de lidar e se adaptar de forma eficaz aos desafios da vida. Essas condi\u00e7\u00f5es de boa sa\u00fade mental exigem compreender a sa\u00fade como um bem comum e implicam que o bem-estar da sociedade depende da participa\u00e7\u00e3o e do compromisso de todos os seus membros para alcan\u00e7\u00e1-lo.<\/p>\n\n\n\n<p>&nbsp;No entanto, quando esse estado de bem-estar \u00e9 afetado, diversos transtornos podem se manifestar como resultado da ang\u00fastia emocional. A dor e a ang\u00fastia excessivas podem levar as pessoas a pensar em suic\u00eddio.<\/p>\n\n\n\n<p>Apesar da decis\u00e3o de tirar a pr\u00f3pria vida ser individual, as implica\u00e7\u00f5es sociais do suic\u00eddio s\u00e3o substanciais em termos de sa\u00fade e bem-estar de uma comunidade e da sociedade como um todo. Por esses motivos, esse fen\u00f4meno deve ser considerado um problema de sa\u00fade mental e de sa\u00fade p\u00fablica que exige a\u00e7\u00e3o conjunta dos governos, das institui\u00e7\u00f5es de sa\u00fade e da sociedade em geral para ser resolvido.<\/p>\n\n\n\n<p>A OMS considera quatro a\u00e7\u00f5es chaves para melhorar essa situa\u00e7\u00e3o: 1) promo\u00e7\u00e3o, que busca incidir nos determinantes favor\u00e1veis (fatores de prote\u00e7\u00e3o, ou seja, condi\u00e7\u00f5es que favorecem a diminui\u00e7\u00e3o da vulnerabilidade de uma pessoa ao suic\u00eddio e o aumento de sua capacidade de lidar com as dificuldades) para a sa\u00fade da sociedade; 2) preven\u00e7\u00e3o, que busca detectar e tratar com antecipa\u00e7\u00e3o as pessoas com maior risco de suic\u00eddio; 3) interven\u00e7\u00e3o, que consiste em dar apoio e tratamento ao indiv\u00edduo que tentou suic\u00eddio, bem como \u00e0 sua fam\u00edlia; e, por fim, 4) o enfoque multissetorial, que promove a colabora\u00e7\u00e3o e a coordena\u00e7\u00e3o entre diferentes setores da sociedade.<\/p>\n\n\n\n<p>Para que a interven\u00e7\u00e3o da pol\u00edtica p\u00fablica seja eficiente e eficaz, \u00e9 um requisito fundamental que os Estados garantam a estabilidade fiscal para que as interven\u00e7\u00f5es sejam sustent\u00e1veis. A perspectiva econ\u00f4mica \u00e9 relevante devido \u00e0 cumprimento das regras fiscais, mas tamb\u00e9m porque a perda de vidas devido ao suic\u00eddio tem repercuss\u00f5es na for\u00e7a de trabalho e na produtividade dos pa\u00edses.<\/p>\n\n\n\n<p>A participa\u00e7\u00e3o do Estado tem um papel primordial na implementa\u00e7\u00e3o de pol\u00edticas p\u00fablicas, que s\u00e3o poss\u00edveis gra\u00e7as ao investimento do governo. De acordo com dados da Comiss\u00e3o Econ\u00f4mica para a Am\u00e9rica Latina e o Caribe (CEPAL), os gastos com sa\u00fade como porcentagem do Produto Interno Bruto (PIB), em m\u00e9dia entre 2000 e 2019, representaram aproximadamente 7,21% do or\u00e7amento total dos governos latino-americanos. Apresentou um aumento gradual, com um m\u00ednimo de 5,84% em 2003 e um m\u00e1ximo de 11,86% em 2019.<\/p>\n\n\n\n<p>O pa\u00eds da regi\u00e3o que alocou o maior or\u00e7amento ao setor de sa\u00fade no per\u00edodo analisado foi o Chile (3,97% do PIB). No entanto, esse valor \u00e9 relativamente baixo, pois \u00e9 inferior ao menor percentual destinado ao setor de sa\u00fade por um pa\u00eds europeu, a Let\u00f4nia, que destinou 4,17% do seu PIB.<\/p>\n\n\n\n<p>De acordo com o World Bank Open Data, o gasto em sa\u00fade mental como porcentagem do gasto total em sa\u00fade na regi\u00e3o \u00e9 liderado por Jamaica e Costa Rica, com 6,04% e 2,91%, respectivamente. Outros pa\u00edses, como Paraguai e Peru, destinam uma fra\u00e7\u00e3o menor de seus recursos, com apenas 0,31% e 0,27%, respectivamente. Essa aloca\u00e7\u00e3o de gastos com sa\u00fade mental destaca as prioridades de gastos dos governos com o tema.<\/p>\n\n\n\n<p>No curto prazo, \u00e9 crucial apostar na capacita\u00e7\u00e3o de pessoal de sa\u00fade para enfrentar casos de automutila\u00e7\u00e3o e sinais de doen\u00e7as psicol\u00f3gicas. Embora no longo prazo seja necess\u00e1rio avaliar os resultados das pol\u00edticas p\u00fablicas j\u00e1 implementadas, como a cria\u00e7\u00e3o e manuten\u00e7\u00e3o de infraestruturas m\u00e9dicas, em termos tang\u00edveis; e esfor\u00e7os para reduzir o estigma associado a certas condi\u00e7\u00f5es de sa\u00fade, como problemas de sa\u00fade mental, no intang\u00edvel.<\/p>\n\n\n\n<p>O impacto do aumento do gasto p\u00fablico em sa\u00fade n\u00e3o se manifesta de imediato, o investimento na sa\u00fade mental dar\u00e1 resultados a longo prazo e, embora os retornos pol\u00edticos n\u00e3o sejam t\u00e3o evidentes nas elei\u00e7\u00f5es esperadas, o investimento na sa\u00fade em geral \u00e9 crucial para o bem das fam\u00edlias e dos pa\u00edses. Espero que a classe pol\u00edtica latino-americana entenda que os verdadeiros estadistas devem pensar na pr\u00f3xima gera\u00e7\u00e3o e n\u00e3o na pr\u00f3xima elei\u00e7\u00e3o.<\/p>\n","protected":false},"excerpt":{"rendered":"<p>Apesar da decis\u00e3o de tirar a pr\u00f3pria vida ser individual, as implica\u00e7\u00f5es sociais do suic\u00eddio s\u00e3o substanciais em termos de sa\u00fade e bem-estar de uma comunidade e da sociedade como um todo.<\/p>\n","protected":false},"author":135,"featured_media":42759,"comment_status":"closed","ping_status":"closed","sticky":false,"template":"","format":"standard","meta":{"_acf_changed":false,"episode_type":"","audio_file":"","cover_image":"","cover_image_id":"","duration":"","filesize":"","filesize_raw":"","date_recorded":"","explicit":"","block":"","itunes_episode_number":"","itunes_title":"","itunes_season_number":"","itunes_episode_type":"","footnotes":""},"categories":[16788],"tags":[17187],"gps":[],"class_list":{"0":"post-42793","1":"post","2":"type-post","3":"status-publish","4":"format-standard","5":"has-post-thumbnail","7":"category-salud-pt-br","8":"tag-debates-2"},"acf":[],"_links":{"self":[{"href":"https:\/\/latinoamerica21.com\/pt-br\/wp-json\/wp\/v2\/posts\/42793","targetHints":{"allow":["GET"]}}],"collection":[{"href":"https:\/\/latinoamerica21.com\/pt-br\/wp-json\/wp\/v2\/posts"}],"about":[{"href":"https:\/\/latinoamerica21.com\/pt-br\/wp-json\/wp\/v2\/types\/post"}],"author":[{"embeddable":true,"href":"https:\/\/latinoamerica21.com\/pt-br\/wp-json\/wp\/v2\/users\/135"}],"replies":[{"embeddable":true,"href":"https:\/\/latinoamerica21.com\/pt-br\/wp-json\/wp\/v2\/comments?post=42793"}],"version-history":[{"count":0,"href":"https:\/\/latinoamerica21.com\/pt-br\/wp-json\/wp\/v2\/posts\/42793\/revisions"}],"wp:featuredmedia":[{"embeddable":true,"href":"https:\/\/latinoamerica21.com\/pt-br\/wp-json\/wp\/v2\/media\/42759"}],"wp:attachment":[{"href":"https:\/\/latinoamerica21.com\/pt-br\/wp-json\/wp\/v2\/media?parent=42793"}],"wp:term":[{"taxonomy":"category","embeddable":true,"href":"https:\/\/latinoamerica21.com\/pt-br\/wp-json\/wp\/v2\/categories?post=42793"},{"taxonomy":"post_tag","embeddable":true,"href":"https:\/\/latinoamerica21.com\/pt-br\/wp-json\/wp\/v2\/tags?post=42793"},{"taxonomy":"gps","embeddable":true,"href":"https:\/\/latinoamerica21.com\/pt-br\/wp-json\/wp\/v2\/gps?post=42793"}],"curies":[{"name":"wp","href":"https:\/\/api.w.org\/{rel}","templated":true}]}}