{"id":43333,"date":"2024-08-26T09:00:00","date_gmt":"2024-08-26T12:00:00","guid":{"rendered":"https:\/\/latinoamerica21.com\/?p=43333"},"modified":"2024-08-26T13:58:55","modified_gmt":"2024-08-26T16:58:55","slug":"tres-expectativas-do-proximo-governo-de-claudia-sheinbaum","status":"publish","type":"post","link":"https:\/\/latinoamerica21.com\/pt-br\/tres-expectativas-do-proximo-governo-de-claudia-sheinbaum\/","title":{"rendered":"Tr\u00eas expectativas do pr\u00f3ximo governo de Claudia Sheinbaum"},"content":{"rendered":"\n<p>At\u00e9 o momento da elei\u00e7\u00e3o no M\u00e9xico, parecia que tudo ia perfeitamente. Os seguidores do Morena (partido pol\u00edtico governista) publicavam diariamente a taxa de c\u00e2mbio do d\u00f3lar e estavam convencidos de que o pa\u00eds seguia o rumo certo em quest\u00e3o econ\u00f4mica. Em seguran\u00e7a, apesar do aumento da viol\u00eancia, acreditavam no discurso, culpando o passado como explica\u00e7\u00e3o.<\/p>\n\n\n\n<p>O que pode dar errado se o presidente goza de popularidade? Se a cota\u00e7\u00e3o do d\u00f3lar \u00e9 um par\u00e2metro de bonan\u00e7a econ\u00f4mica; se falar de inseguran\u00e7a em verbos conjugados no passado gera seguran\u00e7a no presente; se \u201ctodo o M\u00e9xico\u201d est\u00e1 a favor de Andr\u00e9s Manuel L\u00f3pez Obrador. S\u00f3 um detalhe: p\u00f3s-verdade, ou seja, mais de cem mentiras por dia do presidente.<\/p>\n\n\n\n<p>Os principais desafios de Claudia Sheinbaum, a nova presidente eleita do M\u00e9xico, n\u00e3o s\u00e3o trazer novidades, ou os trens que anunciou, ou mais aposentadorias. Em vez disso, \u00e9 simplesmente concretizar o que j\u00e1 se acredita ser realidade, mas n\u00e3o \u00e9. E a expectativa ser\u00e1 imposs\u00edvel de ser atendida porque a fantasia transbordou.<\/p>\n\n\n\n<p><strong>Economia<\/strong><\/p>\n\n\n\n<p>A elei\u00e7\u00e3o do M\u00e9xico foi no primeiro domingo de junho. Em 21 de maio, o d\u00f3lar estava em 16,60 pesos e, em 10 de junho, j\u00e1 era 18,58 pesos. No domingo, 4 de agosto, ultrapassou a marca de 20 pesos e, na ter\u00e7a, 6 de agosto, estava em 19,34 pesos. No primeiro fim de semana de agosto, houve um <a href=\"https:\/\/cnnespanol.cnn.com\/2024\/08\/05\/noticias-caida-bolsa-mundo-valores-mercados-economia-trax\/\">colapso global<\/a> que afetou todas as bolsas do mundo. As quedas foram acentuadas. Mas o problema mexicano n\u00e3o vem da\u00ed. O que aconteceu ent\u00e3o?<\/p>\n\n\n\n<p>Ap\u00f3s o resultado eleitoral, L\u00f3pez Obrador anunciou sua reforma para destruir o judici\u00e1rio e outros contrapesos. Embora Sheinbaum tenha tentado matizar o problema, ratificando o secret\u00e1rio da Fazenda e nomeando pessoas com certa confian\u00e7a internacional, de pouco serviu. L\u00f3pez Obrador tem insistido nesse tema todos os dias.<\/p>\n\n\n\n<p>Um pa\u00eds sem contrapesos \u00e9 um pa\u00eds sem seguran\u00e7a jur\u00eddica, e o investimento evita isso. Al\u00e9m disso, \u00e9 preciso dizer: com uma taxa de juros de 10% (ou mais), era um bom neg\u00f3cio para os investidores estrangeiros ter seu dinheiro em pesos. Mas isso muda com a volatilidade da moeda, porque a desvaloriza\u00e7\u00e3o \u00e9 maior que 10% e o capital busca lugares para ganhar. Sinais autorit\u00e1rios t\u00eam um pre\u00e7o e a\u00ed est\u00e1 ele.<\/p>\n\n\n\n<p>A press\u00e3o sobre os gastos com pens\u00f5es cresce a cada ano e se torna uma bola de neve que logo ser\u00e1 imposs\u00edvel de administrar. A isso se soma o crescimento da d\u00edvida interna (mais cara do que a externa) e o fato de que a PEMEX (a empresa estatal de petr\u00f3leo) deve mais de dois trilh\u00f5es de pesos (105.600.000.000 d\u00f3lares).<\/p>\n\n\n\n<p><strong>Seguran\u00e7a<\/strong><\/p>\n\n\n\n<p>Em seguran\u00e7a, todo o sex\u00eanio foi uma trag\u00e9dia. O governo de L\u00f3pez Obrador encerrar\u00e1 com cerca de 200 mil homic\u00eddios. O sex\u00eanio anterior registrou 156.066, e os anteriores 120.462 e 60.280, respectivamente. Mas, de algum modo, pode manter o tema em segundo plano.<\/p>\n\n\n\n<p>N\u00e3o foi o centro da narrativa nacional porque n\u00e3o houve grandes esc\u00e2ndalos e porque conseguiu culpar o ex-presidente Felipe Calder\u00f3n e Genaro Garc\u00eda Luna. Duas pessoas que deixaram de ter poder h\u00e1 doze anos. Mas n\u00e3o h\u00e1 mais mortos de Calder\u00f3n. H\u00e1 os mortos de L\u00f3pez Obrador, e essa \u00e9 a pior figura da hist\u00f3ria.<\/p>\n\n\n\n<p>A espiral de sil\u00eancio se rompeu com a estranha captura de Ismael Zambada, conhecido como El Mayo, o que aumenta as perguntas que se acumulam sem respostas: Por que se entregou aos Estados Unidos? Por que algumas m\u00eddias informaram que \u201ca estrat\u00e9gia da Guarda Nacional o for\u00e7ou a se entregar\u201d? Por que o presidente n\u00e3o sabe ou nega saber o que ocorreu? Por que o presidente se desculpou com os criminosos dizendo que n\u00e3o tinha nada a ver com isso?<\/p>\n\n\n\n<p>A melhor explica\u00e7\u00e3o \u00e9 que Morena modificou a Lei de Seguran\u00e7a Nacional em 2020 para incluir o artigo 74. Expressa que, se um governo estrangeiro retirar algu\u00e9m do territ\u00f3rio nacional para lev\u00e1-lo a julgamento em outro pa\u00eds, o Estado mexicano suspender\u00e1 a execu\u00e7\u00e3o de acordos de coopera\u00e7\u00e3o bilateral. Talvez por isso seja melhor n\u00e3o saber.<\/p>\n\n\n\n<p>Do outro lado do Rio Bravo, a not\u00edcia foi vista como uma grande vit\u00f3ria para Biden (que, a prop\u00f3sito, precisava dela). Seguindo o conceito da navalha de Ockham, o mais prov\u00e1vel \u00e9 o mais simples, e me parece que foi levado dos Estados Unidos.<\/p>\n\n\n\n<p>\u00c9 dif\u00edcil que a situa\u00e7\u00e3o piore. Mas se o estado das coisas simplesmente se tornar vis\u00edvel, ser\u00e1 um problema para o presidente eleito, que ter\u00e1 de responder por uma situa\u00e7\u00e3o que foi mantida embaixo do tapete por seis anos.<\/p>\n\n\n\n<p><strong>Outros problemas de expectativa<\/strong><\/p>\n\n\n\n<p>L\u00f3pez Obrador cansou de dizer que haver\u00e1 um sistema de sa\u00fade como o da Dinamarca, enquanto o sistema de sa\u00fade \u00e9 uma vergonha. Disse que n\u00e3o h\u00e1 corrup\u00e7\u00e3o e, somente nos casos que envolvem a fam\u00edlia de L\u00f3pez Obrador, h\u00e1 mais de 380 bilh\u00f5es de pesos envolvidos. O mesmo acontecer\u00e1 com a migra\u00e7\u00e3o, o meio ambiente, a educa\u00e7\u00e3o, o esporte, a cultura, as crian\u00e7as, os direitos humanos e a infraestrutura, para citar apenas alguns. Basta dizer que a refinaria Dos Bocas foi inaugurada tr\u00eas ou quatro vezes e ainda n\u00e3o produz um \u00fanico barril de gasolina.<\/p>\n\n\n\n<p>O desafio de Claudia Sheinbaum \u00e9 manter e alcan\u00e7ar a realidade que acha que existe. Mas n\u00e3o acho que durar\u00e1 muito tempo no cargo sem que fique claro que a narrativa era mais forte e que o M\u00e9xico est\u00e1 em uma situa\u00e7\u00e3o muito ruim. Talvez seja por isso que n\u00e3o vemos mais os militantes do Morena publicando diariamente o pre\u00e7o do d\u00f3lar ou os resultados de seu governo.<\/p>\n\n\n\n<p><em><sub>*Publicado originalmente em Di\u00e1logo Pol\u00edtico<\/sub><\/em><\/p>\n","protected":false},"excerpt":{"rendered":"<p>A nova presidenta eleita no M\u00e9xico enfrenta o desafio de manter a narrativa instaurada por L\u00f3pez Obrador.<\/p>\n","protected":false},"author":652,"featured_media":43309,"comment_status":"closed","ping_status":"closed","sticky":false,"template":"","format":"standard","meta":{"_acf_changed":false,"episode_type":"","audio_file":"","cover_image":"","cover_image_id":"","duration":"","filesize":"","filesize_raw":"","date_recorded":"","explicit":"","block":"","itunes_episode_number":"","itunes_title":"","itunes_season_number":"","itunes_episode_type":"","footnotes":""},"categories":[16706,16708],"tags":[17187],"gps":[],"class_list":{"0":"post-43333","1":"post","2":"type-post","3":"status-publish","4":"format-standard","5":"has-post-thumbnail","7":"category-mexico-pt-br","8":"category-politica-pt-br","9":"tag-debates-2"},"acf":[],"_links":{"self":[{"href":"https:\/\/latinoamerica21.com\/pt-br\/wp-json\/wp\/v2\/posts\/43333","targetHints":{"allow":["GET"]}}],"collection":[{"href":"https:\/\/latinoamerica21.com\/pt-br\/wp-json\/wp\/v2\/posts"}],"about":[{"href":"https:\/\/latinoamerica21.com\/pt-br\/wp-json\/wp\/v2\/types\/post"}],"author":[{"embeddable":true,"href":"https:\/\/latinoamerica21.com\/pt-br\/wp-json\/wp\/v2\/users\/652"}],"replies":[{"embeddable":true,"href":"https:\/\/latinoamerica21.com\/pt-br\/wp-json\/wp\/v2\/comments?post=43333"}],"version-history":[{"count":0,"href":"https:\/\/latinoamerica21.com\/pt-br\/wp-json\/wp\/v2\/posts\/43333\/revisions"}],"wp:featuredmedia":[{"embeddable":true,"href":"https:\/\/latinoamerica21.com\/pt-br\/wp-json\/wp\/v2\/media\/43309"}],"wp:attachment":[{"href":"https:\/\/latinoamerica21.com\/pt-br\/wp-json\/wp\/v2\/media?parent=43333"}],"wp:term":[{"taxonomy":"category","embeddable":true,"href":"https:\/\/latinoamerica21.com\/pt-br\/wp-json\/wp\/v2\/categories?post=43333"},{"taxonomy":"post_tag","embeddable":true,"href":"https:\/\/latinoamerica21.com\/pt-br\/wp-json\/wp\/v2\/tags?post=43333"},{"taxonomy":"gps","embeddable":true,"href":"https:\/\/latinoamerica21.com\/pt-br\/wp-json\/wp\/v2\/gps?post=43333"}],"curies":[{"name":"wp","href":"https:\/\/api.w.org\/{rel}","templated":true}]}}