{"id":43364,"date":"2024-08-29T09:00:00","date_gmt":"2024-08-29T12:00:00","guid":{"rendered":"https:\/\/latinoamerica21.com\/?p=43364"},"modified":"2024-08-29T02:37:57","modified_gmt":"2024-08-29T05:37:57","slug":"america-latina-e-caribe-a-regiao-com-a-dieta-saudavel-mais-custosa-do-mundo","status":"publish","type":"post","link":"https:\/\/latinoamerica21.com\/pt-br\/america-latina-e-caribe-a-regiao-com-a-dieta-saudavel-mais-custosa-do-mundo\/","title":{"rendered":"Am\u00e9rica Latina e Caribe: a regi\u00e3o com a dieta saud\u00e1vel mais custosa do mundo"},"content":{"rendered":"\n<p>Na edi\u00e7\u00e3o de 2024 do relat\u00f3rio <a href=\"https:\/\/www.fao.org\/publications\/home\/fao-flagship-publications\/the-state-of-food-security-and-nutrition-in-the-world\/es\"><em>O estado da seguran\u00e7a alimentar e a nutri\u00e7\u00e3o no mundo<\/em><\/a>, conhecido como SOFI e apresentado por FAO, FIDA, UNICEF, PMA e OMS no Rio de Janeiro, a Am\u00e9rica Latina e o Caribe se destacam por terem o custo mais alto de uma dieta saud\u00e1vel a n\u00edvel global, com uma m\u00e9dia di\u00e1ria de US$ 4,56 por pessoa. Esse dado ressalta uma profunda desigualdade no acesso a alimentos nutritivos e levanta s\u00e9rias d\u00favidas sobre a viabilidade de alcan\u00e7ar o ODS 2: Fome Zero.<\/p>\n\n\n\n<p><strong>A situa\u00e7\u00e3o perniciosa da fome e da inseguran\u00e7a alimentar<\/strong><\/p>\n\n\n\n<p>O panorama global de <a href=\"https:\/\/latinoamerica21.com\/pt-br\/seguranca-alimentar-e-oportunidades-de-cooperacao-entre-america-latina-e-europa\/\">seguran\u00e7a alimentar<\/a> continua alarmante. Em 2023, entre 713 e 757 milh\u00f5es de pessoas passaram fome, com a \u00c1frica liderando os n\u00fameros da inseguran\u00e7a alimentar. A n\u00edvel mundial, uma em cada 11 pessoas enfrenta essa realidade, e na \u00c1frica, uma em cada cinco passa fome.<\/p>\n\n\n\n<p>A Am\u00e9rica Latina e o Caribe, embora tenham reduzido significativamente a inseguran\u00e7a alimentar, n\u00e3o est\u00e3o isentos de desafios. Os avan\u00e7os regionais n\u00e3o s\u00e3o suficientes para neutralizar a estagna\u00e7\u00e3o global na luta contra a fome, e a realidade da inseguran\u00e7a alimentar persiste. A regi\u00e3o viu uma redu\u00e7\u00e3o nos n\u00edveis de fome, mas essas conquistas n\u00e3o refletem uma solu\u00e7\u00e3o completa para o problema mundial. A alta preval\u00eancia de inseguran\u00e7a alimentar em outras regi\u00f5es, especialmente na \u00c1frica, demonstra a necessidade de um enfoque global mais integrado para enfrentar esse desafio persistente e garantir a seguran\u00e7a alimentar para todos.<\/p>\n\n\n\n<p><strong>Acessibilidade de uma dieta saud\u00e1vel e suas implica\u00e7\u00f5es<\/strong><\/p>\n\n\n\n<p>Em 2022, o custo global de uma dieta saud\u00e1vel aumentou para 3,96 di\u00e1rios por pessoa, impulsionado pela infla\u00e7\u00e3o derivada da pandemia de Covid-19 e da guerra na Ucr\u00e2nia. Na Am\u00e9rica Latina e no Caribe, o custo \u00e9 ainda maior, e alcan\u00e7a 4,56 d\u00f3lares. Esse aumento reflete o impacto desproporcional da infla\u00e7\u00e3o na regi\u00e3o, exacerbado por fatores globais, e ressalta a urg\u00eancia de pol\u00edticas mais equitativas para abordar as disparidades no acesso a alimentos nutritivos.<\/p>\n\n\n\n<p>O alto custo de uma dieta saud\u00e1vel na Am\u00e9rica Latina e no Caribe levanta s\u00e9rias d\u00favidas sobre a possibilidade de alcan\u00e7ar a Fome Zero at\u00e9 2030. O aumento dos pre\u00e7os dos alimentos acentuou as desigualdades, pondo em risco a sa\u00fade de milh\u00f5es de pessoas e limitando sua capacidade de acessar dietas nutritivas. As proje\u00e7\u00f5es sugerem que, at\u00e9 o fim da d\u00e9cada, a subnutri\u00e7\u00e3o cr\u00f4nica poder\u00e1 afetar 582 milh\u00f5es de pessoas, destacando a necessidade urgente de transformar os sistemas agroalimentares a n\u00edvel global e regional.<\/p>\n\n\n\n<p><strong>Progresso e desafios na nutri\u00e7\u00e3o global<\/strong><\/p>\n\n\n\n<p>Apesar de alguns avan\u00e7os, como a redu\u00e7\u00e3o do atraso no crescimento infantil e no aumento do aleitamento materno exclusivo, o mundo segue sem estar no caminho de atingir as metas globais de nutri\u00e7\u00e3o at\u00e9 2030. A preval\u00eancia de baixo peso e sobrepeso infantil permanece estagnada, enquanto a anemia em mulheres de 15 a 49 anos aumentou. Houve melhorias, mas ainda h\u00e1 muito a fazer para garantir o desenvolvimento infantil saud\u00e1vel e abordar a crescente carga de desnutri\u00e7\u00e3o.<\/p>\n\n\n\n<p>O aumento das taxas de obesidade, que agrava a carga dupla da desnutri\u00e7\u00e3o, representa grandes desafios de sa\u00fade para todas as faixas et\u00e1rias. As melhorias na nutri\u00e7\u00e3o global s\u00e3o insuficientes para atingir as metas de desenvolvimento, exigindo medidas integrais que abordem simultaneamente a subnutri\u00e7\u00e3o, as car\u00eancias de micronutrientes, o sobrepeso e a obesidade. A falta de progresso em algumas \u00e1reas p\u00f5e em evid\u00eancia a necessidade de um enfoque mais hol\u00edstico para abordar a crise nutricional.<\/p>\n\n\n\n<p><strong>Redefini\u00e7\u00e3o do financiamento para seguran\u00e7a alimentar e nutri\u00e7\u00e3o<\/strong><\/p>\n\n\n\n<p>O relat\u00f3rio SOFI 2024 destaca a necessidade de redefinir e aumentar o financiamento para a seguran\u00e7a alimentar e a nutri\u00e7\u00e3o. As inconsist\u00eancias nas estimativas atuais complicam a identifica\u00e7\u00e3o de \u00e1reas cr\u00edticas e a responsabiliza\u00e7\u00e3o efetiva. Prop\u00f5e-se uma nova defini\u00e7\u00e3o de financiamento que engloba recursos p\u00fablicos e privados destinados a erradicar a fome e todas as formas de desnutri\u00e7\u00e3o. Esse enfoque integral considera a disponibilidade, o acesso e a utiliza\u00e7\u00e3o de alimentos nutritivos e seguros, fundamentais para alcan\u00e7ar uma sa\u00fade global adequada e sustent\u00e1vel.<\/p>\n\n\n\n<p>Uma defini\u00e7\u00e3o mais clara do financiamento para a seguran\u00e7a alimentar e a nutri\u00e7\u00e3o \u00e9 crucial para abordar o d\u00e9ficit atual. \u00c9 necess\u00e1ria uma categoriza\u00e7\u00e3o coerente que permita a aloca\u00e7\u00e3o eficaz de recursos e garantir que os investimentos se dirijam \u00e0s \u00e1reas de maior necessidade. A ado\u00e7\u00e3o de um enfoque integral pode melhorar significativamente a coordena\u00e7\u00e3o e a efic\u00e1cia das interven\u00e7\u00f5es, garantindo que os recursos dispon\u00edveis sejam usados de forma otimizada para combater a fome e a desnutri\u00e7\u00e3o.<\/p>\n\n\n\n<p><strong>N\u00edveis atuais e d\u00e9ficits de financiamento<\/strong><\/p>\n\n\n\n<p>Os gastos com seguran\u00e7a alimentar e nutri\u00e7\u00e3o segue insuficiente, especialmente em pa\u00edses de baixa e m\u00e9dia renda. Menos de uma quarta parte da ajuda ao desenvolvimento oficial destina-se aos temas cruciais. Entre 2017 e 2021, s\u00f3 34% dos US$76 bilh\u00f5es anuais se direcionaram para abordar os determinantes da inseguran\u00e7a alimentar. Esse d\u00e9ficit de financiamento representa graves riscos sociais, econ\u00f4micos e ambientais e demanda solu\u00e7\u00f5es inovadoras e inclusivas para ampliar o acesso aos recursos nos pa\u00edses mais necessitados.<\/p>\n\n\n\n<p>O d\u00e9ficit de financiamento em seguran\u00e7a alimentar e nutri\u00e7\u00e3o n\u00e3o s\u00f3 limita a capacidade de enfrentar a inseguran\u00e7a alimentar, mas tamb\u00e9m tem consequ\u00eancias sociais e econ\u00f4micas significativas. S\u00e3o necess\u00e1rios enfoques criativos e colaborativos para mobilizar os recursos necess\u00e1rios e garantir que os investimentos se alinhem com as prioridades globais e regionais de seguran\u00e7a alimentar e nutri\u00e7\u00e3o.<\/p>\n\n\n\n<p><strong>A fome \u00e9 um problema de distribui\u00e7\u00e3o, n\u00e3o de escassez<\/strong><\/p>\n\n\n\n<p>O m\u00e9dico brasileiro Josu\u00e9 de Castro disse: \u201cA fome \u00e9 um problema de distribui\u00e7\u00e3o, n\u00e3o de escassez\u201d. Para abordar o d\u00e9ficit de financiamento e ampliar os recursos dispon\u00edveis, \u00e9 crucial fomentar associa\u00e7\u00f5es colaborativas e adotar um enfoque de financiamento conjunto. A coordena\u00e7\u00e3o entre agentes internacionais e nacionais deve melhorar para garantir a aloca\u00e7\u00e3o eficaz dos recursos. De Castro enfatizou que \u201ca mis\u00e9ria \u00e9 uma quest\u00e3o de justi\u00e7a social\u201d, o que ressalta a necessidade de transpar\u00eancia e harmoniza\u00e7\u00e3o na coleta de dados para uma coordena\u00e7\u00e3o eficaz e justa.<\/p>\n\n\n\n<p>De Castro tamb\u00e9m declarou: \u201cA justi\u00e7a social deve guiar nossa luta contra a fome\u201d. Apesar de algum progresso, o caminho para o Fome Zero continua desafiador. \u00c9 necess\u00e1rio um compromisso global renovado para garantir que todas as pessoas, independentemente do local ou do n\u00edvel de renda, tenham acesso a alimentos nutritivos.<\/p>\n","protected":false},"excerpt":{"rendered":"<p>Os avan\u00e7os regionais n\u00e3o s\u00e3o suficientes para neutralizar a estagna\u00e7\u00e3o global na luta contra a fome, e a realidade da inseguran\u00e7a alimentar persiste. <\/p>\n","protected":false},"author":623,"featured_media":43362,"comment_status":"closed","ping_status":"closed","sticky":false,"template":"","format":"standard","meta":{"_acf_changed":false,"episode_type":"","audio_file":"","cover_image":"","cover_image_id":"","duration":"","filesize":"","filesize_raw":"","date_recorded":"","explicit":"","block":"","itunes_episode_number":"","itunes_title":"","itunes_season_number":"","itunes_episode_type":"","footnotes":""},"categories":[16788],"tags":[15839],"gps":[],"class_list":{"0":"post-43364","1":"post","2":"type-post","3":"status-publish","4":"format-standard","5":"has-post-thumbnail","7":"category-salud-pt-br","8":"tag-ideias-pt-br"},"acf":[],"_links":{"self":[{"href":"https:\/\/latinoamerica21.com\/pt-br\/wp-json\/wp\/v2\/posts\/43364","targetHints":{"allow":["GET"]}}],"collection":[{"href":"https:\/\/latinoamerica21.com\/pt-br\/wp-json\/wp\/v2\/posts"}],"about":[{"href":"https:\/\/latinoamerica21.com\/pt-br\/wp-json\/wp\/v2\/types\/post"}],"author":[{"embeddable":true,"href":"https:\/\/latinoamerica21.com\/pt-br\/wp-json\/wp\/v2\/users\/623"}],"replies":[{"embeddable":true,"href":"https:\/\/latinoamerica21.com\/pt-br\/wp-json\/wp\/v2\/comments?post=43364"}],"version-history":[{"count":0,"href":"https:\/\/latinoamerica21.com\/pt-br\/wp-json\/wp\/v2\/posts\/43364\/revisions"}],"wp:featuredmedia":[{"embeddable":true,"href":"https:\/\/latinoamerica21.com\/pt-br\/wp-json\/wp\/v2\/media\/43362"}],"wp:attachment":[{"href":"https:\/\/latinoamerica21.com\/pt-br\/wp-json\/wp\/v2\/media?parent=43364"}],"wp:term":[{"taxonomy":"category","embeddable":true,"href":"https:\/\/latinoamerica21.com\/pt-br\/wp-json\/wp\/v2\/categories?post=43364"},{"taxonomy":"post_tag","embeddable":true,"href":"https:\/\/latinoamerica21.com\/pt-br\/wp-json\/wp\/v2\/tags?post=43364"},{"taxonomy":"gps","embeddable":true,"href":"https:\/\/latinoamerica21.com\/pt-br\/wp-json\/wp\/v2\/gps?post=43364"}],"curies":[{"name":"wp","href":"https:\/\/api.w.org\/{rel}","templated":true}]}}