{"id":43754,"date":"2024-09-09T09:00:00","date_gmt":"2024-09-09T12:00:00","guid":{"rendered":"https:\/\/latinoamerica21.com\/?p=43754"},"modified":"2024-09-10T09:58:23","modified_gmt":"2024-09-10T12:58:23","slug":"america-latina-condenada-a-repetir-sua-historia","status":"publish","type":"post","link":"https:\/\/latinoamerica21.com\/pt-br\/america-latina-condenada-a-repetir-sua-historia\/","title":{"rendered":"Am\u00e9rica Latina, condenada a repetir sua hist\u00f3ria"},"content":{"rendered":"\n<p><strong>Poucas na\u00e7\u00f5es conseguem aprender li\u00e7\u00f5es de sua trajet\u00f3ria para mud\u00e1-la<\/strong><br><\/p>\n\n\n\n<p>Na Guatemala, um prolongado conflito armado interno que custou milhares de vidas chegou ao fim definitivo em 1996 com a assinatura de uma s\u00e9rie de acordos entre o governo e as guerrilhas que delinearam o perfil de uma nova sociedade. Menos discriminat\u00f3ria e mais justa, essa sociedade nunca mais testemunharia um confronto tr\u00e1gico como o que se prolongou por d\u00e9cadas.<\/p>\n\n\n\n<p>Testemunhei o esfor\u00e7o para realizar essa mudan\u00e7a a partir da miss\u00e3o das Na\u00e7\u00f5es Unidas estabelecida no pa\u00eds para supervisionar os acordos de paz. Um amigo com quem trabalhei me escreveu esta nota:<\/p>\n\n\n\n<p>\u201cJulio Ariz Leiva &#8211; 47 anos, t\u00e9cnico do clube San Pedro, na Guatemala &#8211; foi chamado pelo celular no \u00faltimo domingo ao meio-dia. Ele estava almo\u00e7ando com a equipe no restaurante Texas, em Huehuetenango. Saiu pela porta. Homens com coletes da pol\u00edcia sa\u00edram de um carro. Deram-lhe 15 disparos. Uma das hip\u00f3teses da investiga\u00e7\u00e3o indica que ele havia se recusado a acertar a partida que o San Pedro jogaria horas depois contra o La Democracia, no quarto dia do Torneio Apertura da segunda divis\u00e3o da Guatemala. Outra, que ele havia seduzido uma mulher \u201cproibida\u201d de uma fam\u00edlia de traficantes de drogas. Ariz Leiva costumava dizer: \u201cO futebol mudou minha vida\u201d. Talvez isso tamb\u00e9m tenha levado \u00e0 sua morte.<\/p>\n\n\n\n<p>Na Guatemala de hoje, nunca ser\u00e1 poss\u00edvel saber com certeza o que levou \u00e0 sua morte. O sistema judici\u00e1rio, que tentamos em v\u00e3o \u201cfortalecer\u201d no pa\u00eds, \u00e9 hoje absolutamente ineficaz, muito pior do que o de um quarto de s\u00e9culo atr\u00e1s. Naquela \u00e9poca, acredit\u00e1vamos ilusoriamente que, com uma s\u00e9rie de instrumentos legais e organizacionais, poder\u00edamos mudar o curso do que havia sido o produto de uma terr\u00edvel trajet\u00f3ria hist\u00f3rica.<\/p>\n\n\n\n<p><strong>Argentina e Peru, t\u00e3o diferentes, em uma situa\u00e7\u00e3o semelhante&nbsp;<\/strong><\/p>\n\n\n\n<p><a href=\"https:\/\/latinoamerica21.com\/pt-br\/o-agonizante-campo-da-politica-no-mexico\/\">A Guatemala n\u00e3o \u00e9 uma exce\u00e7\u00e3o<\/a>. Tomemos o caso peruano e, para fins de compara\u00e7\u00e3o, comparemos com a Argentina, um pa\u00eds n\u00e3o andino formado por imigrantes de outros tipos de recursos. Sem ter chegado ao caso indiscutivelmente extremo da Guatemala, ambos os pa\u00edses parecem acorrentados \u00e0 sua pr\u00f3pria hist\u00f3ria, incapazes de superar uma marca na qual as pr\u00f3prias sociedades geraram Estados ineficientes e corruptos.&nbsp;<\/p>\n\n\n\n<p>A elite argentina era muito melhor do que a elite peruana. Os recursos naturais do Peru eram e s\u00e3o muito mais variados do que os argentinos. Enquanto a sociedade argentina alcan\u00e7ou certa homogeneidade &#8211; ao custo do sangrento exterm\u00ednio da popula\u00e7\u00e3o abor\u00edgene -, a sociedade peruana manteve, embora de maneira prec\u00e1ria, uma grande diversidade cultural. Apesar das diferen\u00e7as marcantes entre os dois casos, dois s\u00e9culos depois de proclamarem sua independ\u00eancia da Espanha, ambos os pa\u00edses est\u00e3o atolados em uma condi\u00e7\u00e3o deplor\u00e1vel.&nbsp;<\/p>\n\n\n\n<p>No curto prazo, esse cen\u00e1rio de beco sem sa\u00edda nem sempre parece \u00f3bvio. Em ambos os pa\u00edses, como em muitos outros, h\u00e1 momentos de boom econ\u00f4mico que levam a uma melhoria na renda dos setores mais pobres, e ent\u00e3o a miragem de um futuro diferente \u00e9 projetada nas expectativas dos cidad\u00e3os. A Argentina passou por isso a cada aumento em suas exporta\u00e7\u00f5es, ontem de trigo, hoje de soja. O Peru passou pelo mesmo com cada aumento no pre\u00e7o dos minerais no mercado internacional, mas antes disso j\u00e1 havia acontecido com o guano e, n\u00e3o faz muito tempo, com a farinha de peixe.<\/p>\n\n\n\n<p>Por outro lado, o cen\u00e1rio pol\u00edtico tamb\u00e9m conhece algo como estrelas cadentes das quais n\u00e3o resta nenhum vest\u00edgio depois de alguns anos. Na Argentina, foi Ra\u00fal Alfons\u00edn, que ap\u00f3s a \u00faltima ditadura militar sangrenta tentou a reconstru\u00e7\u00e3o nacional. No Peru, foi Juan Velasco, que, como militar, tentou mudar o pa\u00eds de cima para baixo. Ambas as tentativas foram apedrejadas at\u00e9 a morte por mesquinhez, ambi\u00e7\u00f5es e mal-entendidos que, \u00e9 claro, aproveitaram uma crise econ\u00f4mica para liquid\u00e1-las.&nbsp;&nbsp;<\/p>\n\n\n\n<p><strong>Nem para todos h\u00e1 um futuro melhor<\/strong><\/p>\n\n\n\n<p>Esse nem sempre foi o caso na hist\u00f3ria. O estabelecimento do Parlamento na Inglaterra do s\u00e9culo XIII e sua evolu\u00e7\u00e3o como institui\u00e7\u00e3o pol\u00edtica n\u00e3o apenas limitou o poder do monarca e reduziu o papel da nobreza, como tamb\u00e9m foi a maneira de democratizar o pa\u00eds. Cinco s\u00e9culos depois, com grandes derramamentos de sangue, a Revolu\u00e7\u00e3o Francesa mudou o curso do pa\u00eds e do mundo. Ambas s\u00e3o os exemplos mais reconhecidos de diversos casos em que uma determinada sociedade conseguiu cancelar seu passado para embarcar no caminho de um ser distinto.<\/p>\n\n\n\n<p>Na Am\u00e9rica Latina, a grande esperan\u00e7a foi depositada na Revolu\u00e7\u00e3o Cubana, que derrubou Fulgencio Batista em 1958 e depois entronizou outra ditadura, a dos Castros e seu c\u00edrculo. A Nicar\u00e1gua seguiu um caminho semelhante, onde a satrapia de Somoza tamb\u00e9m foi derrotada com armas pela Frente Sandinista, apenas para que o casal Ortega-Murillo agora exercesse o poder de forma ainda mais desp\u00f3tica. E a corrup\u00e7\u00e3o entronizada na Venezuela, rica em petr\u00f3leo, sob governos democr\u00e1ticos, foi substitu\u00edda pela ditadura, primeiro de Ch\u00e1vez e depois de Maduro.<\/p>\n\n\n\n<p>Mas isso n\u00e3o aconteceu apenas nos pa\u00edses tropicais de nossa Am\u00e9rica. No restante da regi\u00e3o, continuamos dispostos a glorificar her\u00f3is que n\u00e3o souberam ou n\u00e3o puderam realmente mudar o que n\u00e3o temos escolha a n\u00e3o ser reconhecer como nosso destino. Que \u00e9 o de um sobe e desce, entre o econ\u00f4mico e o pol\u00edtico, que se apresenta em ciclos nos quais, periodicamente, a queda \u00e9 seguida pelo desespero. Milhares de cidad\u00e3os deixam cada pa\u00eds em busca de um futuro melhor, um futuro pessoal, \u00e9 claro, porque o futuro de seu pa\u00eds n\u00e3o parece poss\u00edvel. Com cicatrizes, poucos s\u00e3o os que retornam quando o ciclo recome\u00e7a e, mais uma vez, o futuro parece promissor.<\/p>\n\n\n\n<p>O que \u00e9 que nos prende a essa trajet\u00f3ria aparentemente insuper\u00e1vel? Como n\u00e3o \u00e9 s\u00f3 entre n\u00f3s, a quest\u00e3o tem sido estudada por aqueles que postularam <a href=\"https:\/\/www.elperiodico.com\/es\/economia\/20130802\/path-dependency-2552170\">a teoria da <em>path dependency<\/em><\/a>. Isso significa, em termos simplificados, que a trajet\u00f3ria que uma sociedade segue condiciona, at\u00e9 certo ponto, o caminho que ela poder\u00e1 seguir no futuro. \u00c9 algo parecido com o que se diz sobre as pessoas: cada pessoa constr\u00f3i seu pr\u00f3prio futuro. Da mesma forma, quando uma decis\u00e3o \u00e9 tomada e um caminho \u00e9 adotado, outro n\u00e3o pode ser tomado porque \u00e9 muito dif\u00edcil, muito custoso ou porque simplesmente n\u00e3o temos mais os crit\u00e9rios para perceber o quanto foi errado seguir esse caminho e mud\u00e1-lo.<\/p>\n\n\n\n<p>Esse \u00faltimo motivo parece ter o maior peso em nossas sociedades, que n\u00e3o percebem a dire\u00e7\u00e3o errada para a qual est\u00e3o indo e, portanto, d\u00e3o um passo em falso ao escolher Pedro Castillo ou Javier Milei. E esses nomes s\u00e3o apenas exemplos recentes. A lista de equ\u00edvocos ocorridos nas urnas \u00e9 muito longa. E n\u00e3o hesitamos em afirmar com aparente convic\u00e7\u00e3o que a culpa \u00e9 dos pol\u00edticos, sem nos perguntarmos de onde eles vieram e por que os elegemos.<\/p>\n\n\n\n<p>O fato mais grave \u00e9 que a <em>path dependency<\/em> est\u00e1 levando a sociedades cada vez mais degradadas, nas quais um futuro melhor parece quase imposs\u00edvel. Mas na Argentina, a ilus\u00e3o de ganhar a pr\u00f3xima Copa do Mundo, na qual milh\u00f5es acreditar\u00e3o que o pa\u00eds se tornar\u00e1 grande, continuar\u00e1 viva. E no caso do Peru, embora muito poucos ainda acreditem que \u201cDeus \u00e9 peruano\u201d, as pessoas continuar\u00e3o a comprar uma cota da loteria para ver se a \u201csorte\u201d mudar\u00e1.<\/p>\n","protected":false},"excerpt":{"rendered":"<p>A path dependency est\u00e1 levando a sociedades cada vez mais degradadas, nas quais um futuro melhor parece quase imposs\u00edvel.<\/p>\n","protected":false},"author":54,"featured_media":43704,"comment_status":"closed","ping_status":"closed","sticky":false,"template":"","format":"standard","meta":{"_acf_changed":false,"episode_type":"","audio_file":"","cover_image":"","cover_image_id":"","duration":"","filesize":"","filesize_raw":"","date_recorded":"","explicit":"","block":"","itunes_episode_number":"","itunes_title":"","itunes_season_number":"","itunes_episode_type":"","footnotes":""},"categories":[16708,16724],"tags":[15839],"gps":[],"class_list":{"0":"post-43754","1":"post","2":"type-post","3":"status-publish","4":"format-standard","5":"has-post-thumbnail","7":"category-politica-pt-br","8":"category-historia-pt-br","9":"tag-ideias-pt-br"},"acf":[],"_links":{"self":[{"href":"https:\/\/latinoamerica21.com\/pt-br\/wp-json\/wp\/v2\/posts\/43754","targetHints":{"allow":["GET"]}}],"collection":[{"href":"https:\/\/latinoamerica21.com\/pt-br\/wp-json\/wp\/v2\/posts"}],"about":[{"href":"https:\/\/latinoamerica21.com\/pt-br\/wp-json\/wp\/v2\/types\/post"}],"author":[{"embeddable":true,"href":"https:\/\/latinoamerica21.com\/pt-br\/wp-json\/wp\/v2\/users\/54"}],"replies":[{"embeddable":true,"href":"https:\/\/latinoamerica21.com\/pt-br\/wp-json\/wp\/v2\/comments?post=43754"}],"version-history":[{"count":0,"href":"https:\/\/latinoamerica21.com\/pt-br\/wp-json\/wp\/v2\/posts\/43754\/revisions"}],"wp:featuredmedia":[{"embeddable":true,"href":"https:\/\/latinoamerica21.com\/pt-br\/wp-json\/wp\/v2\/media\/43704"}],"wp:attachment":[{"href":"https:\/\/latinoamerica21.com\/pt-br\/wp-json\/wp\/v2\/media?parent=43754"}],"wp:term":[{"taxonomy":"category","embeddable":true,"href":"https:\/\/latinoamerica21.com\/pt-br\/wp-json\/wp\/v2\/categories?post=43754"},{"taxonomy":"post_tag","embeddable":true,"href":"https:\/\/latinoamerica21.com\/pt-br\/wp-json\/wp\/v2\/tags?post=43754"},{"taxonomy":"gps","embeddable":true,"href":"https:\/\/latinoamerica21.com\/pt-br\/wp-json\/wp\/v2\/gps?post=43754"}],"curies":[{"name":"wp","href":"https:\/\/api.w.org\/{rel}","templated":true}]}}