{"id":43757,"date":"2024-09-10T09:00:00","date_gmt":"2024-09-10T12:00:00","guid":{"rendered":"https:\/\/latinoamerica21.com\/?p=43757"},"modified":"2024-09-09T12:50:00","modified_gmt":"2024-09-09T15:50:00","slug":"o-encanto-costarriquense-pela-pura-vida","status":"publish","type":"post","link":"https:\/\/latinoamerica21.com\/pt-br\/o-encanto-costarriquense-pela-pura-vida\/","title":{"rendered":"O encanto costarriquense pela \u201cpura vida\u201d"},"content":{"rendered":"\n<p>Desde o final dos anos 1990, a ideia de construir uma <em>marca-pa\u00eds<\/em> prosperou e se expandiu em todas as latitudes, inclusive na Am\u00e9rica Latina. O Brasil se esfor\u00e7a para ser o gigante econ\u00f4mico e diplom\u00e1tico associado \u00e0 eterna imagem do \u201chomem cordial\u201d; o Chile, para ser um destino de estabilidade e aventuras; o Peru, por sua heran\u00e7a inca e sua combina\u00e7\u00e3o de mist\u00e9rio ancestral com paisagens m\u00edsticas e \u00e9picas. No caso da Costa Rica, a conex\u00e3o impl\u00edcita do principal atributo nacional n\u00e3o \u00e9 com caracter\u00edsticas geogr\u00e1ficas, legado hist\u00f3rico ou realiza\u00e7\u00f5es econ\u00f4micas, mas com a filosofia de vida conhecida como \u201cpura vida\u201d.<\/p>\n\n\n\n<p>Os usos de \u201cpura vida\u201d s\u00e3o muitos, desde sauda\u00e7\u00f5es e despedidas at\u00e9 estados de esp\u00edrito. A \u201cpura vida\u201d tornou-se parte do DNA costarriquenho; entretanto, n\u00e3o h\u00e1 consenso sobre sua origem. Alguns pesquisadores atribu\u00edram sua origem aos primeiros habitantes europeus que se radicaram e usaram essas duas palavras para descrever o territ\u00f3rio, similar ao nome do pa\u00eds, Costa Rica. Uma das falas citadas recentemente refere-se ao filme mexicano <em>Pura vida<\/em>, de 1956, estrelado pelo ator Antonio Espino <em>Clavillazo<\/em>, segundo uma pesquisa do fil\u00f3logo e linguista V\u00edctor S\u00e1nchez Corrales. Mas, como dissemos no in\u00edcio, n\u00e3o h\u00e1 consenso sobre sua origem: simplesmente faz parte do estilo de vida.&nbsp;<\/p>\n\n\n\n<p>A consultoria Borge y Asociados, com sede em San Jos\u00e9, realizou uma pesquisa perguntando aos costarriquenhos sobre os valores que refletiam a express\u00e3o e idiossincrasia nacional conhecida como \u201cpura vida\u201d; 41% indicaram que representava \u201cbem-estar\u201d e 10% \u201calegria\u201d. Um pa\u00eds pr\u00f3spero n\u00e3o \u00e9 s\u00f3 aquele em que a riqueza econ\u00f4mica \u00e9 criada, mas aquele em que sua popula\u00e7\u00e3o vive em um estado de bem-estar integral. Desde 1948, a Costa Rica tem sido pioneira no desenvolvimento exitoso de pol\u00edticas p\u00fablicas que promoveram por d\u00e9cadas o \u201cestado de bem-estar\u201d, resultando <a href=\"https:\/\/latinoamerica21.com\/pt-br\/costa-rica-hoje-equilibrando-o-otimismo\/\">na seguran\u00e7a e no conforto material e social de seus habitantes<\/a>.&nbsp;<\/p>\n\n\n\n<p>Essa dimens\u00e3o supraecon\u00f4mica do bem-estar caracteriza a nova onda de pesquisas sobre fatores de realiza\u00e7\u00e3o pessoal e coletiva em cada pa\u00eds. Segundo o <a href=\"https:\/\/nationalwellness.org\/\">National Wellness Institute (NWI)<\/a> dos Estados Unidos, o bem-estar \u00e9 basicamente \u201cfuncionar ou agir adequadamente no ambiente em que vivemos\u201d, mas, para isso, deve-se fortalecer diferentes aspectos. No caso do NWI, prop\u00f5e-se focar em seis pilares: bem-estar espiritual, f\u00edsico, intelectual, ocupacional, emocional e social.<\/p>\n\n\n\n<p>Cabe perguntar, sem cair na ingenuidade: se a onipresen\u00e7a da \u201cpura vida\u201d capta a vic\u00eancia e a aspira\u00e7\u00e3o ao \u201cbem-estar\u201d, por que esse benef\u00edcio ou qualidade n\u00e3o \u00e9 t\u00e3o palp\u00e1vel em nosso cotidiano? A mesma pesquisa de Borge y Asociados indica que h\u00e1 uma expectativa de realiza\u00e7\u00e3o pessoal associada \u00e0 espiritualidade (42%), seguida pela satisfa\u00e7\u00e3o emocional (19%). A n\u00edvel nacional, essa aspira\u00e7\u00e3o \u00e0 espiritualidade \u00e9 maior (49%), seguida pela import\u00e2ncia do trabalho (22%), para completar o quadro de \u201cbem-estar\u201d.&nbsp;<\/p>\n\n\n\n<p>Dada a import\u00e2ncia da dimens\u00e3o da espiritualidade, o estudo aprofundou sua compreens\u00e3o, buscando saber at\u00e9 que ponto essa no\u00e7\u00e3o coincide com a de pesquisas globais, como a do NWI. Para este trabalho, \u201cespiritualidade\u201d \u00e9 lida como \u201cquando uma pessoa aprende a viver cada dia de sua vida sendo coerente com seus valores e cren\u00e7as, bem como respeitando os valores e cren\u00e7as dos outros\u201d. Em suma, uma no\u00e7\u00e3o bem terrena de reciprocidade respeitosa como: \u201cTratar os outros como eu gostaria de ser tratado\u201d.<\/p>\n\n\n\n<p>Segundo a pesquisa, mais de 8 em cada 10 costarriquenhos se sentem plenos no aspecto espiritual, atribuindo-lhe um alto grau de realiza\u00e7\u00e3o. Em seguida, vem o plano intelectual, no qual 7 em cada 10 costarriquenhos se consideram satisfeitos, tornando transparente esse aspecto de sua viv\u00eancia de bem-estar. Em seguida, v\u00eam as dimens\u00f5es emocional e social, em que pouco mais de dois ter\u00e7os dos costarriquenhos entrevistados se sentem plenos. Em um distante \u00faltimo lugar, com s\u00f3 metade (menos de 54%) da popula\u00e7\u00e3o expressando satisfa\u00e7\u00e3o, vem a dimens\u00e3o do trabalho.&nbsp;<\/p>\n\n\n\n<p>A vig\u00eancia dos aspectos materiais que possibilitam a realiza\u00e7\u00e3o em \u00e2mbitos mais abstratos, como o emocional, intelectual ou espiritual, n\u00e3o pode ser descartada. A no\u00e7\u00e3o de \u201cpura vida\u201d pode ter um componente filos\u00f3fico e de estilo de vida ou um modo de olhar e refletir sobre a realidade circundante, mas est\u00e1 enraizada em uma base material que facilita viv\u00eancias plenas, como a possibilidade de ser inclu\u00eddo no mercado de trabalho-profissional.<\/p>\n\n\n\n<p>A mensagem para os l\u00edderes nacionais \u00e9 muito clara. Os costarriquenhos escapam da ret\u00f3rica inflamada e polarizadora de seus vizinhos ao entronizarem uma leitura espiritual e intelectual de suas vidas, mas n\u00e3o est\u00e3o imunes a se sentirem incomodados e preocupados com aspectos mais palp\u00e1veis de suas exist\u00eancias, como o ocupacional. A necessidade de equilibrar os v\u00e1rios aspectos relevantes para uma vida plena segue vigente.<\/p>\n","protected":false},"excerpt":{"rendered":"<p>Os usos de \u201cpura vida\u201d s\u00e3o muitos, desde sauda\u00e7\u00f5es e despedidas at\u00e9 estados de esp\u00edrito. A \u201cpura vida\u201d tornou-se parte do DNA costarriquenho<\/p>\n","protected":false},"author":632,"featured_media":43714,"comment_status":"closed","ping_status":"closed","sticky":false,"template":"","format":"standard","meta":{"_acf_changed":false,"episode_type":"","audio_file":"","cover_image":"","cover_image_id":"","duration":"","filesize":"","filesize_raw":"","date_recorded":"","explicit":"","block":"","itunes_episode_number":"","itunes_title":"","itunes_season_number":"","itunes_episode_type":"","footnotes":""},"categories":[16964],"tags":[15839],"gps":[],"class_list":{"0":"post-43757","1":"post","2":"type-post","3":"status-publish","4":"format-standard","5":"has-post-thumbnail","7":"category-costa-rica-pt-br","8":"tag-ideias-pt-br"},"acf":[],"_links":{"self":[{"href":"https:\/\/latinoamerica21.com\/pt-br\/wp-json\/wp\/v2\/posts\/43757","targetHints":{"allow":["GET"]}}],"collection":[{"href":"https:\/\/latinoamerica21.com\/pt-br\/wp-json\/wp\/v2\/posts"}],"about":[{"href":"https:\/\/latinoamerica21.com\/pt-br\/wp-json\/wp\/v2\/types\/post"}],"author":[{"embeddable":true,"href":"https:\/\/latinoamerica21.com\/pt-br\/wp-json\/wp\/v2\/users\/632"}],"replies":[{"embeddable":true,"href":"https:\/\/latinoamerica21.com\/pt-br\/wp-json\/wp\/v2\/comments?post=43757"}],"version-history":[{"count":0,"href":"https:\/\/latinoamerica21.com\/pt-br\/wp-json\/wp\/v2\/posts\/43757\/revisions"}],"wp:featuredmedia":[{"embeddable":true,"href":"https:\/\/latinoamerica21.com\/pt-br\/wp-json\/wp\/v2\/media\/43714"}],"wp:attachment":[{"href":"https:\/\/latinoamerica21.com\/pt-br\/wp-json\/wp\/v2\/media?parent=43757"}],"wp:term":[{"taxonomy":"category","embeddable":true,"href":"https:\/\/latinoamerica21.com\/pt-br\/wp-json\/wp\/v2\/categories?post=43757"},{"taxonomy":"post_tag","embeddable":true,"href":"https:\/\/latinoamerica21.com\/pt-br\/wp-json\/wp\/v2\/tags?post=43757"},{"taxonomy":"gps","embeddable":true,"href":"https:\/\/latinoamerica21.com\/pt-br\/wp-json\/wp\/v2\/gps?post=43757"}],"curies":[{"name":"wp","href":"https:\/\/api.w.org\/{rel}","templated":true}]}}