{"id":43920,"date":"2024-09-14T09:00:00","date_gmt":"2024-09-14T12:00:00","guid":{"rendered":"https:\/\/latinoamerica21.com\/?p=43920"},"modified":"2024-09-13T15:30:02","modified_gmt":"2024-09-13T18:30:02","slug":"peru-homenageia-fujimori-o-ex-presidente-condenado-por-crimes-contra-a-humanidade","status":"publish","type":"post","link":"https:\/\/latinoamerica21.com\/pt-br\/peru-homenageia-fujimori-o-ex-presidente-condenado-por-crimes-contra-a-humanidade\/","title":{"rendered":"Peru homenageia Fujimori, o ex-presidente condenado por crimes contra a humanidade"},"content":{"rendered":"\n<p>As eternas discuss\u00f5es sobre o \u00eaxito das medidas econ\u00f4micas e antiterroristas de Alberto Fujimori n\u00e3o acabaram, <a href=\"https:\/\/www1.folha.uol.com.br\/mundo\/2024\/09\/morre-aos-86-alberto-fujimori-ditador-do-peru-condenado-por-corrupcao-e-violacoes-de-direitos-humanos.shtml\">mesmo que sua vida tenha chegado ao fim<\/a>. Sua presen\u00e7a <a href=\"https:\/\/latinoamerica21.com\/pt-br\/peru-fraturado\/\">na pol\u00edtica peruana<\/a>, desde 28 de julho de 1990, quando surpreendentemente chegou ao poder, marcou o pa\u00eds andino, que est\u00e1 dividido eleitoral e socialmente em dois, entre os que s\u00e3o fujimoristas e os que s\u00e3o anti-fujimoristas.<\/p>\n\n\n\n<p>Al\u00e9m das percep\u00e7\u00f5es e paix\u00f5es em torno de sua figura e do indulto humanit\u00e1rio que recentemente permitiu-lhe sair da pris\u00e3o, o fato \u00e9 que foi condenado por corrup\u00e7\u00e3o, tr\u00e1fico de armas, desvio de dinheiro e graves viola\u00e7\u00f5es aos direitos humanos, <a href=\"https:\/\/www.infobae.com\/peru\/2024\/09\/11\/las-matanzas-de-barrios-altos-y-la-cantuta-la-historia-detras-de-los-crimenes-por-los-que-fue-condenado-alberto-fujimori\/\">pelos massacres de Barrios Altos e La Cantuta<\/a>.<\/p>\n\n\n\n<p>Por esses \u00faltimos casos, em 2009, a C\u00e2mara Penal Especial da Suprema Corte o considerou respons\u00e1vel como \u201cautor mediato\u201d, uma qualifica\u00e7\u00e3o dada \u00e0 quem, sem executar diretamente o crime, o realiza atrav\u00e9s de intermedi\u00e1rios com perfeito conhecimento e instrumentaliza\u00e7\u00e3o dos meios para perpetrar os atos.<\/p>\n\n\n\n<p>O delito foi homic\u00eddio qualificado com dolo, les\u00e3o corporal grave e sequestro qualificado. Durante o julgamento, tamb\u00e9m ficou estabelecido que foi respons\u00e1vel pelo sequestro do jornalista Gustavo Gorriti e do empres\u00e1rio Samuel Dyer. Ambos foram mantidos nas masmorras do Servi\u00e7o de Intelig\u00eancia.<\/p>\n\n\n\n<p>Ap\u00f3s o veredicto, Fujimori foi condenado a 25 anos de pris\u00e3o. Essa foi a primeira vez na hist\u00f3ria da Am\u00e9rica Latina que um ex-presidente foi julgado e condenado em seu pr\u00f3prio pa\u00eds por tais crimes contra a humanidade, que violam o Direito Penal Internacional.<\/p>\n\n\n\n<p>A Corte Interamericana de Direitos Humanos (CIDH) qualificou o caso Barrios Altos como graves viola\u00e7\u00f5es de direitos humanos e o caso La Cantuta como crimes contra a humanidade.<\/p>\n\n\n\n<p>Os assassinatos foram realizados por membros do Grupo Colina, um destacamento de intelig\u00eancia e esquadr\u00e3o da morte liderado pelo Major do Ex\u00e9rcito Santiago Mart\u00edn Rivas que, sob o controle e as ordens de Fujimori, eliminou civis suspeitos de serem terroristas em meio \u00e0 guerra antissubversiva contra organiza\u00e7\u00f5es como o Sendero Luminoso e o MRTA (Movimento Revolucion\u00e1rio Tupac Amaru).<\/p>\n\n\n\n<p>O primeiro dos eventos, ocorrido em 3 de novembro de 1991, consistiu no assassinato de 15 pessoas em uma casa localizada na \u00e1rea de Barrios Altos, no centro de Lima, muito pr\u00f3ximo ao Pal\u00e1cio do Governo. Essas pessoas participavam de uma pollada, uma festa familiar ou amig\u00e1vel realizada no Peru em que se vende comida para arrecadar fundos com um fim em particular, e foram surpreendidas por indiv\u00edduos encapuzados e armados que invadiram a casa. Depois de ordenar que se deitassem no ch\u00e3o, atiraram neles sem hesitar.<\/p>\n\n\n\n<p>Uma das pessoas mortas era uma crian\u00e7a de apenas 8 anos. Al\u00e9m dos mortos, outras quatro pessoas ficaram gravemente feridas. Os atiradores eram membros do Grupo Colina, que confundiram a reuni\u00e3o com uma festa secreta de membros do Sendero Luminoso.<\/p>\n\n\n\n<p>O segundo caso remonta a 18 de julho de 1992, tr\u00eas meses ap\u00f3s o autogolpe por meio do qual Fujimori dissolveu o Congresso e interveio em todas as institui\u00e7\u00f5es p\u00fablicas do pa\u00eds para se manter no poder. Naquele dia, nove estudantes e um professor da Universidade Nacional de Educa\u00e7\u00e3o Enrique Guzm\u00e1n y Valle, mais conhecida como La Cantuta, foram sequestrados durante a madrugada e posteriormente desapareceram, tamb\u00e9m por membros do Grupo Colina.<\/p>\n\n\n\n<p>Os restos mortais de dois deles foram encontrados cobertos de cal em covas clandestinas localizadas em Cerro Santa Rosa, no distrito de Lurigancho-Chosica, enquanto o corpo do professor Hugo Mu\u00f1oz S\u00e1nchez foi queimado, dificultando sua identifica\u00e7\u00e3o. Ap\u00f3s uma den\u00fancia p\u00fablica feita pelo ent\u00e3o congressista Henry Pease, os corpos foram desenterrados, cremados e transferidos para novos t\u00famulos clandestinos no distrito de Cieneguilla, longe da cidade. Os restos mortais de cinco v\u00edtimas ainda n\u00e3o foram encontrados.<\/p>\n\n\n\n<p>Segundo o relat\u00f3rio final da Comiss\u00e3o da Verdade e Reconcilia\u00e7\u00e3o, criada em julho de 2021 durante o governo de transi\u00e7\u00e3o de Valent\u00edn Paniagua para investigar crimes e viola\u00e7\u00f5es de direitos humanos ocorridos entre maio de 1980 e novembro de 2000 pelo Estado e grupos terroristas, esse tipo de ataque foi uma pr\u00e1tica sistem\u00e1tica e generalizada de execu\u00e7\u00f5es arbitr\u00e1rias e desaparecimentos for\u00e7ados como parte da estrat\u00e9gia antissubversiva.<\/p>\n\n\n\n<p>Fujimori, segundo a justi\u00e7a nacional e internacional, foi a mente por tr\u00e1s desses ataques sangrentos. Ap\u00f3s sua morte em 11 de setembro, aos 86 anos, o atual governo decidiu homenage\u00e1-lo, segundo o protocolo oficial para o funeral de um ex-presidente.<\/p>\n\n\n\n<p>&nbsp;O tempo julgar\u00e1 seu lugar na hist\u00f3ria.<\/p>\n","protected":false},"excerpt":{"rendered":"<p>Al\u00e9m das percep\u00e7\u00f5es e paix\u00f5es em torno de sua figura e do indulto humanit\u00e1rio que recentemente permitiu-lhe sair da pris\u00e3o, o fato \u00e9 que foi condenado por corrup\u00e7\u00e3o, tr\u00e1fico de armas, desvio de dinheiro e graves viola\u00e7\u00f5es aos direitos humanos.<\/p>\n","protected":false},"author":621,"featured_media":43908,"comment_status":"closed","ping_status":"closed","sticky":false,"template":"","format":"standard","meta":{"_acf_changed":false,"episode_type":"","audio_file":"","cover_image":"","cover_image_id":"","duration":"","filesize":"","filesize_raw":"","date_recorded":"","explicit":"","block":"","itunes_episode_number":"","itunes_title":"","itunes_season_number":"","itunes_episode_type":"","footnotes":""},"categories":[16896,16738],"tags":[17187],"gps":[],"class_list":{"0":"post-43920","1":"post","2":"type-post","3":"status-publish","4":"format-standard","5":"has-post-thumbnail","7":"category-lideres-politicos-pt-br","8":"category-peru-pt-br","9":"tag-debates-2"},"acf":[],"_links":{"self":[{"href":"https:\/\/latinoamerica21.com\/pt-br\/wp-json\/wp\/v2\/posts\/43920","targetHints":{"allow":["GET"]}}],"collection":[{"href":"https:\/\/latinoamerica21.com\/pt-br\/wp-json\/wp\/v2\/posts"}],"about":[{"href":"https:\/\/latinoamerica21.com\/pt-br\/wp-json\/wp\/v2\/types\/post"}],"author":[{"embeddable":true,"href":"https:\/\/latinoamerica21.com\/pt-br\/wp-json\/wp\/v2\/users\/621"}],"replies":[{"embeddable":true,"href":"https:\/\/latinoamerica21.com\/pt-br\/wp-json\/wp\/v2\/comments?post=43920"}],"version-history":[{"count":0,"href":"https:\/\/latinoamerica21.com\/pt-br\/wp-json\/wp\/v2\/posts\/43920\/revisions"}],"wp:featuredmedia":[{"embeddable":true,"href":"https:\/\/latinoamerica21.com\/pt-br\/wp-json\/wp\/v2\/media\/43908"}],"wp:attachment":[{"href":"https:\/\/latinoamerica21.com\/pt-br\/wp-json\/wp\/v2\/media?parent=43920"}],"wp:term":[{"taxonomy":"category","embeddable":true,"href":"https:\/\/latinoamerica21.com\/pt-br\/wp-json\/wp\/v2\/categories?post=43920"},{"taxonomy":"post_tag","embeddable":true,"href":"https:\/\/latinoamerica21.com\/pt-br\/wp-json\/wp\/v2\/tags?post=43920"},{"taxonomy":"gps","embeddable":true,"href":"https:\/\/latinoamerica21.com\/pt-br\/wp-json\/wp\/v2\/gps?post=43920"}],"curies":[{"name":"wp","href":"https:\/\/api.w.org\/{rel}","templated":true}]}}