{"id":44198,"date":"2024-09-27T09:00:00","date_gmt":"2024-09-27T12:00:00","guid":{"rendered":"https:\/\/latinoamerica21.com\/?p=44198"},"modified":"2024-09-26T16:07:26","modified_gmt":"2024-09-26T19:07:26","slug":"mexico-a-viagem-ao-precipicio-autoritario","status":"publish","type":"post","link":"https:\/\/latinoamerica21.com\/pt-br\/mexico-a-viagem-ao-precipicio-autoritario\/","title":{"rendered":"M\u00e9xico: a viagem ao precip\u00edcio autorit\u00e1rio"},"content":{"rendered":"\n<p>Em 2 de junho, ocorreram as elei\u00e7\u00f5es constitucionais no M\u00e9xico para eleger o presidente da Rep\u00fablica e os membros do Congresso da Uni\u00e3o, al\u00e9m de quase uma dezena de governos estaduais, congressos locais e milhares de prefeituras.&nbsp;&nbsp;&nbsp;<\/p>\n\n\n\n<p>Estudos socioterritoriais de voto realizados por Willibald Sonnleitner no Colegio de M\u00e9xico mostraram que o apoio dos eleitores, embora majoritariamente favorecerem a coaliz\u00e3o governista Sigamos Haciendo Historia, n\u00e3o foi un\u00e2nime, como demonstra a soma de anagramas alcan\u00e7ou 56%, diante de 44% que obteve a oposi\u00e7\u00e3o PRI-PAN-PRD, organizada na coaliz\u00e3o Fuerza y Coraz\u00f3n Por M\u00e9xico, e o partido Movimiento Ciudadano, que concorreu sozinho.&nbsp;&nbsp;<\/p>\n\n\n\n<p>Desde ent\u00e3o, cinco momentos cruciais se acumularam, o que nos leva a justificar o t\u00edtulo deste artigo.&nbsp;<\/p>\n\n\n\n<p><strong>O dia seguinte \u00e0s elei\u00e7\u00f5es<\/strong><\/p>\n\n\n\n<p>Quando ainda n\u00e3o havia resultados definitivos do Instituto Nacional Eleitoral (INE), Luisa Mar\u00eda Alcalde, Secret\u00e1ria de Governo, convocou a imprensa para anunciar inesperadamente como seria composto o Congresso da Uni\u00e3o sob o sistema misto de maioria relativa e representa\u00e7\u00e3o proporcional, destacando que a coaliz\u00e3o de seu governo, Sigamos Haciendo Historia, de acordo com uma interpreta\u00e7\u00e3o gramatical, n\u00e3o literal, sistem\u00e1tica e funcional do artigo 54 da Constitui\u00e7\u00e3o, havia obtido maioria qualificada na C\u00e2mara dos Deputados e estava a tr\u00eas votos da mesma na C\u00e2mara dos Senadores.&nbsp;&nbsp;<\/p>\n\n\n\n<p><strong>Aprova\u00e7\u00e3o do INE&nbsp;<\/strong><\/p>\n\n\n\n<p>Sete dos onze conselheiros eleitorais do INE votaram na dire\u00e7\u00e3o do que a Secret\u00e1ria de Governo havia anunciado, e a resolu\u00e7\u00e3o foi contestada pela oposi\u00e7\u00e3o diante do Tribunal Eleitoral do Poder Judici\u00e1rio da Federa\u00e7\u00e3o (TEPJF), onde quatro dos cinco magistrados eleitorais endossaram o que a maioria dos conselheiros eleitorais havia concordado. Os magistrados rejeitaram ipso facto os recursos de reconsidera\u00e7\u00e3o que a oposi\u00e7\u00e3o havia apresentado contra a representa\u00e7\u00e3o excessiva do partido do governo.<\/p>\n\n\n\n<p><strong>Reformas constitucionais<\/strong><\/p>\n\n\n\n<p>Com essa decis\u00e3o final, instalou-se a C\u00e2mara dos Deputados com 364 legisladores governistas e 136 da oposi\u00e7\u00e3o e, nesse momento, foi iniciada a aprova\u00e7\u00e3o das <a href=\"https:\/\/latinoamerica21.com\/pt-br\/golpe-brando-no-mexico\/\">20 reformas constitucionais<\/a> propostas pelo Presidente L\u00f3pez Obrador, incluindo a do judici\u00e1rio, que visa substituir o sistema meritocr\u00e1tico pela elei\u00e7\u00e3o popular direta de ju\u00edzes, magistrados e ministros, o que provocou uma greve nacional e mobiliza\u00e7\u00f5es em massa em todo o pa\u00eds por parte de funcion\u00e1rios e servidores do judici\u00e1rio, estudantes e acad\u00eamicos, bem como segmentos da sociedade civil organizados na Marea Rosa e na Frente C\u00edvica Nacional.&nbsp;&nbsp;<\/p>\n\n\n\n<p><strong>Rea\u00e7\u00e3o internacional&nbsp;<\/strong><\/p>\n\n\n\n<p>Isso tamb\u00e9m provocou <a href=\"https:\/\/cnnespanol.cnn.com\/2024\/09\/04\/analisis-por-que-polemica-reforma-judicial-gobierno-amlo-orix\">rea\u00e7\u00f5es contr\u00e1rias<\/a> do governo dos EUA e da m\u00eddia internacional pelo dano que causa \u00e0s regras do jogo do Acordo de Livre Com\u00e9rcio, na ONU, por seu significado para as institui\u00e7\u00f5es da democracia e pelos riscos da instala\u00e7\u00e3o de um sistema ditatorial.&nbsp;&nbsp;&nbsp;<\/p>\n\n\n\n<p>Isso teve um efeito negativo triplo em termos pol\u00edticos, econ\u00f4micos e jur\u00eddicos, levando a uma desvaloriza\u00e7\u00e3o do peso de cerca de 15% desde o dia das elei\u00e7\u00f5es constitucionais.&nbsp;&nbsp;&nbsp;<\/p>\n\n\n\n<p>No entanto, os trabalhos da reforma judicial continuaram e j\u00e1 \u00e9 lei constitucional. Para isso, conseguiram os votos que faltavam no Senado da Rep\u00fablica para ter uma maioria qualificada, dois deles vindos do PRD e outro do PAN, mediante press\u00f5es e amea\u00e7as, sem a necessidade de fazer um pacto com a oposi\u00e7\u00e3o.<\/p>\n\n\n\n<p><strong>Alinhamento de Sheinbaum<\/strong>&nbsp;<\/p>\n\n\n\n<p>Claudia Sheinbaum, a presidente eleita, que tomar\u00e1 posse em 1\u00ba de outubro, est\u00e1 alinhada \u00e0 postura dos jacobinos de Morena e dos aliados liderados pelo presidente L\u00f3pez Obrador. E em nenhum momento saiu do script contra o judici\u00e1rio e, em particular, contra oito dos onze ministros da Suprema Corte de Justi\u00e7a da Na\u00e7\u00e3o, que mantiveram uma posi\u00e7\u00e3o indeclin\u00e1vel de defesa da Constitui\u00e7\u00e3o.<\/p>\n\n\n\n<p>Em resumo, as institui\u00e7\u00f5es fundamentais da transi\u00e7\u00e3o para a democracia sob amea\u00e7a e, com elas, os alicerces de um longo per\u00edodo de estabilidade social, econ\u00f4mica e pol\u00edtica, e pode entrar em uma mudan\u00e7a de regime ou, melhor ainda, levar a restabelecer o modelo do sistema de partido hegem\u00f4nico priista sem oposi\u00e7\u00e3o, que permaneceu at\u00e9 boa parte do s\u00e9culo XX.<\/p>\n","protected":false},"excerpt":{"rendered":"<p>Desde a elei\u00e7\u00e3o acumulou cinco momentos cruciais que nos levaram a considerar a tend\u00eancia autorit\u00e1ria do partido governista. <\/p>\n","protected":false},"author":331,"featured_media":44196,"comment_status":"closed","ping_status":"closed","sticky":false,"template":"","format":"standard","meta":{"_acf_changed":false,"episode_type":"","audio_file":"","cover_image":"","cover_image_id":"","duration":"","filesize":"","filesize_raw":"","date_recorded":"","explicit":"","block":"","itunes_episode_number":"","itunes_title":"","itunes_season_number":"","itunes_episode_type":"","footnotes":""},"categories":[16706,16773],"tags":[17187],"gps":[],"class_list":{"0":"post-44198","1":"post","2":"type-post","3":"status-publish","4":"format-standard","5":"has-post-thumbnail","7":"category-mexico-pt-br","8":"category-autoritarismo-pt-br","9":"tag-debates-2"},"acf":[],"_links":{"self":[{"href":"https:\/\/latinoamerica21.com\/pt-br\/wp-json\/wp\/v2\/posts\/44198","targetHints":{"allow":["GET"]}}],"collection":[{"href":"https:\/\/latinoamerica21.com\/pt-br\/wp-json\/wp\/v2\/posts"}],"about":[{"href":"https:\/\/latinoamerica21.com\/pt-br\/wp-json\/wp\/v2\/types\/post"}],"author":[{"embeddable":true,"href":"https:\/\/latinoamerica21.com\/pt-br\/wp-json\/wp\/v2\/users\/331"}],"replies":[{"embeddable":true,"href":"https:\/\/latinoamerica21.com\/pt-br\/wp-json\/wp\/v2\/comments?post=44198"}],"version-history":[{"count":0,"href":"https:\/\/latinoamerica21.com\/pt-br\/wp-json\/wp\/v2\/posts\/44198\/revisions"}],"wp:featuredmedia":[{"embeddable":true,"href":"https:\/\/latinoamerica21.com\/pt-br\/wp-json\/wp\/v2\/media\/44196"}],"wp:attachment":[{"href":"https:\/\/latinoamerica21.com\/pt-br\/wp-json\/wp\/v2\/media?parent=44198"}],"wp:term":[{"taxonomy":"category","embeddable":true,"href":"https:\/\/latinoamerica21.com\/pt-br\/wp-json\/wp\/v2\/categories?post=44198"},{"taxonomy":"post_tag","embeddable":true,"href":"https:\/\/latinoamerica21.com\/pt-br\/wp-json\/wp\/v2\/tags?post=44198"},{"taxonomy":"gps","embeddable":true,"href":"https:\/\/latinoamerica21.com\/pt-br\/wp-json\/wp\/v2\/gps?post=44198"}],"curies":[{"name":"wp","href":"https:\/\/api.w.org\/{rel}","templated":true}]}}