{"id":44540,"date":"2024-10-11T09:00:00","date_gmt":"2024-10-11T12:00:00","guid":{"rendered":"https:\/\/latinoamerica21.com\/?p=44540"},"modified":"2024-10-11T11:05:20","modified_gmt":"2024-10-11T14:05:20","slug":"cuba-em-2024","status":"publish","type":"post","link":"https:\/\/latinoamerica21.com\/pt-br\/cuba-em-2024\/","title":{"rendered":"Cuba em 2024"},"content":{"rendered":"\n<p>Frequentemente encontro nas redes sociais, e at\u00e9 mesmo nos meios de ibero-americanos, descri\u00e7\u00f5es idealizadas da atual realidade cubana. Em geral, essas descri\u00e7\u00f5es correspondem a tempos melhores, <a href=\"https:\/\/latinoamerica21.com\/es\/la-mitad-de-los-cubanos-creen-que-habria-que-abandonar-el-modelo-socialista\/\">que j\u00e1 se foram h\u00e1 muito tempo<\/a>, ap\u00f3s o fim da rela\u00e7\u00e3o muito favor\u00e1vel entre a economia cubana com a do campo socialista.<\/p>\n\n\n\n<p>Tentarei agora dar uma ideia das minhas condi\u00e7\u00f5es de vida e das de meus vizinhos em um pequeno munic\u00edpio da prov\u00edncia de Villa Clara. Elas s\u00e3o um pouco piores do que em Havana, mas, em geral, semelhantes \u00e0s do restante dos cubanos que vivem fora dessa cidade.<\/p>\n\n\n\n<p>Comecemos pela alimenta\u00e7\u00e3o. Cozinhar uma por\u00e7\u00e3o de arroz, feij\u00e3o, um ovo frito e um quarto de abacate, temperados ao gosto cubano, custa cerca de 200 pesos. Considere que o custo de um ovo \u00e9 de cerca de 90 pesos, uma cebola do tamanho de uma moeda \u00e9 de 35 pesos, enquanto o sal\u00e1rio m\u00e9dio em Cuba \u00e9 de cerca de 4.648 pesos, de acordo com o Escrit\u00f3rio Nacional de Estat\u00edsticas e Informa\u00e7\u00f5es de Cuba, ONEI.<\/p>\n\n\n\n<p>Devo esclarecer que usamos em nossos c\u00e1lculos o arroz subsidiado pelo governo. Porque, como se sabe, em Cuba temos um cart\u00e3o de abastecimento, por meio do qual nos \u00e9 fornecida uma s\u00e9rie de produtos a pre\u00e7os favor\u00e1veis. Essa s\u00e9rie, no entanto, foi reduzida atualmente a sete libras de arroz por m\u00eas, 60 gramas di\u00e1rias de algo parecido com p\u00e3o e leite para crian\u00e7as menores de sete anos. Al\u00e9m disso, ocasionalmente recebemos uma ou duas barras de sab\u00e3o, pasta de dente, detergente ou dois quilos de a\u00e7\u00facar. Este \u00faltimo, que sempre foi abundante em Cuba durante as crises anteriores, agora s\u00f3 est\u00e1 dispon\u00edvel importado, por 350 a 450 pesos o quilo. Isso \u00e9 consequ\u00eancia do fato de que a antiga \u201cF\u00e1brica de A\u00e7\u00facar do Mundo\u201d agora produz menos a\u00e7\u00facar do que produzia antes de 1840, quando a colheita era feita com bois e trabalho escravo e a ilha era habitada por um milh\u00e3o de pessoas.<\/p>\n\n\n\n<p>Em Cuba, com os sal\u00e1rios atuais e os pre\u00e7os da maioria dos alimentos que n\u00e3o s\u00e3o vendidos para n\u00f3s no setor subsidiado, h\u00e1 uma quantidade significativa de pessoas que fazem apenas uma refei\u00e7\u00e3o por dia. Portanto, a popula\u00e7\u00e3o desnutrida, especialmente entre aqueles com mais de 60 anos que n\u00e3o t\u00eam ningu\u00e9m para ajud\u00e1-los no ex\u00edlio, \u00e9 significativa. Entretanto, como tudo em Cuba, os resultados dos poucos estudos feitos em segredo s\u00e3o mantidos a sete chaves pelas autoridades, e qualquer estudo independente ser\u00e1 considerado atividade subversiva pela onipresente Seguran\u00e7a do Estado.<\/p>\n\n\n\n<p>Juntamente com o controle estatal da informa\u00e7\u00e3o, a distribui\u00e7\u00e3o de sal\u00e1rios explica o n\u00edvel relativamente baixo de conflito social que transcende Cuba, apesar da deteriora\u00e7\u00e3o acentuada das condi\u00e7\u00f5es de vida de seus habitantes. Por exemplo, um m\u00e9dico de primeiro n\u00edvel no Hospital Provincial de Villa Clara, com 30 anos de servi\u00e7o, nunca ganhar\u00e1 mais de 10.000 pesos, enquanto um m\u00e9dico militar rec\u00e9m-formado j\u00e1 recebe 15.000 pesos. De forma significativa, os sal\u00e1rios dos membros das institui\u00e7\u00f5es armadas n\u00e3o s\u00e3o publicados na Gaceta, e s\u00e3o de fato tratados como segredo de interesse nacional.&nbsp;<\/p>\n\n\n\n<p>A explica\u00e7\u00e3o \u00e9 que at\u00e9 mesmo o membro mais mal pago do Minist\u00e9rio do Interior, o agente penitenci\u00e1rio rec\u00e9m-recrutado, sem educa\u00e7\u00e3o m\u00e9dia superior, recebe quase uma vez e meia mais do que o m\u00e9dico ou professor m\u00e9dio. No entanto, n\u00e3o inclu\u00edmos aqui os sal\u00e1rios \u201cem esp\u00e9cie\u201d, como roupas, sapatos, eletrodom\u00e9sticos, alimentos, prioridade para receber uma casa ou uma reserva em um resort \u00e0 beira-mar&#8230; nesse caso, a diferen\u00e7a \u00e9 multiplicada por at\u00e9 seis ou sete vezes, no caso de qualquer agente da principal unidade antimotins provincial, os boinas pretas.&nbsp;<\/p>\n\n\n\n<p>Fora de Havana, dos resorts tur\u00edsticos mais importantes e dos circuitos especiais nas capitais provinciais, <a href=\"https:\/\/efe.com\/mundo\/2024-09-18\/cuba-apagones\/\">a energia el\u00e9trica \u00e9 recebida somente de forma irregular<\/a>. Onde moro, as semanas em que temos energia por menos de um ter\u00e7o dos dias e das noites v\u00eam aumentando desde 2021, at\u00e9 se tornarem o normal. H\u00e1 uma grada\u00e7\u00e3o em que os lugares com menos contato com o mundo exterior, onde o governo pode administrar os protestos sociais de forma mais secreta, t\u00eam um fornecimento de energia mais espor\u00e1dico.<\/p>\n\n\n\n<p>Essa irregularidade no fornecimento de eletricidade paralisa a economia e torna a vida cotidiana ainda mais dif\u00edcil, especialmente para cozinhar, porque as \u00e1reas mais atingidas pelo apag\u00e3o s\u00e3o justamente aquelas em que o g\u00e1s, liquefeito ou de rua, n\u00e3o \u00e9 fornecido. Outro problema com a falta de eletricidade \u00e9 a impossibilidade de armazenar alimentos frios, em um clima tropical como o de Cuba, onde, sem refrigera\u00e7\u00e3o, os alimentos estragam rapidamente. O pior de tudo \u00e9 conseguir dormir de madrugada, nos seis meses em que os mosquitos s\u00e3o numerosos e as temperaturas n\u00e3o caem abaixo de 25 graus Celsius.<\/p>\n\n\n\n<p>Relacionado aos problemas com eletricidade est\u00e1 o problema de obten\u00e7\u00e3o de \u00e1gua. A quest\u00e3o \u00e9 que, fora de Havana, os aquedutos s\u00f3 fornecem \u00e1gua para parte da popula\u00e7\u00e3o, e apenas esporadicamente. Grandes cidades, como Santa Clara, t\u00eam bairros que s\u00f3 recebem \u00e1gua uma vez por m\u00eas, o que obriga as fam\u00edlias a ocupar grande parte do espa\u00e7o de suas casas para armazen\u00e1-la. Cidades como a minha, onde a empresa municipal de aqueduto e esgoto foi homenageada v\u00e1rias vezes em n\u00edvel nacional por seu trabalho, n\u00e3o t\u00eam sistema de esgoto, nem \u00e1gua fornecida por aqueduto para mais de um ter\u00e7o da popula\u00e7\u00e3o. O restante de n\u00f3s depende de po\u00e7os artesianos em nossos quintais, que, em m\u00e9dia, n\u00e3o ficam a mais de 10 metros de uma fossa s\u00e9ptica, porque n\u00e3o h\u00e1 um sistema central de coleta de esgoto em toda a cidade, como existe na maior parte do pa\u00eds fora de Havana e de algumas cidades grandes.<\/p>\n\n\n\n<p>Quanto ao sistema de sa\u00fade p\u00fablica, uma das grandes \u201cconquistas da revolu\u00e7\u00e3o\u201d, ele se deteriorou a um n\u00edvel compar\u00e1vel ou pior do que os piores sistemas p\u00fablicos da Am\u00e9rica Latina. Em Cuba, h\u00e1 muito tempo falta tudo, desde algod\u00e3o ou seringas at\u00e9 medicamentos comuns, como aspirina ou antibi\u00f3ticos, sem mencionar outros mais espec\u00edficos que s\u00e3o completamente inexistentes.<\/p>\n\n\n\n<p>Nos hospitais, o abastecimento de \u00e1gua \u00e9 espor\u00e1dico e o paciente tem de carregar praticamente tudo consigo, exceto a cama e o colch\u00e3o. A presen\u00e7a de um parente acompanhante sempre foi comum nos hospitais cubanos, mas hoje, sem essas pessoas que cuidam de tudo relacionado ao paciente, exceto a aplica\u00e7\u00e3o de medicamentos, as chances de o paciente sair vivo do hospital s\u00e3o muito menores.<\/p>\n\n\n\n<p>Tamb\u00e9m n\u00e3o h\u00e1 abund\u00e2ncia de medicamentos nos hospitais, e a grande maioria dos parentes dos pacientes t\u00eam de compr\u00e1-los eles mesmos, enviados pela parte exilada da fam\u00edlia ou comprados em mercados n\u00e3o controlados por nenhuma ag\u00eancia certificadora. Gra\u00e7as a essa escassez, em Santa Clara, nas imedia\u00e7\u00f5es do Hospital Provincial, prosperam duas \u201ccandongas\u201d de dimens\u00f5es nada pequenas, onde se pode encontrar desde rem\u00e9dios at\u00e9 material para opera\u00e7\u00f5es &#8211; tamb\u00e9m inexistente no sistema de sa\u00fade &#8211; ou fast food para tentar completar a dieta das refei\u00e7\u00f5es intra-hospitalares.<\/p>\n\n\n\n<p>Quanto \u00e0s equipes m\u00e9dicas ou de sa\u00fade, elas provavelmente est\u00e3o entre as mais afetadas pela recente onda de migra\u00e7\u00e3o. Sem mencionar o fato de que as autoridades preferem enviar m\u00e9dicos para miss\u00f5es internacionais, pelas quais s\u00e3o pagos em moeda forte, em vez de preencher as in\u00fameras vagas no pa\u00eds. Isso levou, por exemplo, \u00e0 quase extin\u00e7\u00e3o do programa dos 120 M\u00e9dicos de Fam\u00edlia, muitos dos quais agora t\u00eam de tratar at\u00e9 oito vezes esse n\u00famero.<\/p>\n\n\n\n<p>Eu poderia falar sobre o estado da outra grande \u201cconquista\u201d revolucion\u00e1ria, a educa\u00e7\u00e3o, ou sobre o estado da infraestrutura, que quase desapareceu nos \u00faltimos 34 anos, ou sobre o desaparecimento quase total do transporte p\u00fablico, especialmente fora de Havana, mas n\u00e3o pretendo aborrecer o leitor. Em \u00faltima an\u00e1lise, Cuba est\u00e1 aqui, venha e veja se minha descri\u00e7\u00e3o \u00e9 falsa ou n\u00e3o. Voc\u00ea topa?<\/p>\n","protected":false},"excerpt":{"rendered":"<p>Essas s\u00e3o as minhas condi\u00e7\u00f5es de vida e as de meus vizinhos em um pequeno munic\u00edpio da prov\u00edncia de Villa Clara.<\/p>\n","protected":false},"author":456,"featured_media":44518,"comment_status":"closed","ping_status":"closed","sticky":false,"template":"","format":"standard","meta":{"_acf_changed":false,"episode_type":"","audio_file":"","cover_image":"","cover_image_id":"","duration":"","filesize":"","filesize_raw":"","date_recorded":"","explicit":"","block":"","itunes_episode_number":"","itunes_title":"","itunes_season_number":"","itunes_episode_type":"","footnotes":""},"categories":[16899,16766],"tags":[15839],"gps":[],"class_list":{"0":"post-44540","1":"post","2":"type-post","3":"status-publish","4":"format-standard","5":"has-post-thumbnail","7":"category-cuba-es-pt-br","8":"category-pobreza-pt-br","9":"tag-ideias-pt-br"},"acf":[],"_links":{"self":[{"href":"https:\/\/latinoamerica21.com\/pt-br\/wp-json\/wp\/v2\/posts\/44540","targetHints":{"allow":["GET"]}}],"collection":[{"href":"https:\/\/latinoamerica21.com\/pt-br\/wp-json\/wp\/v2\/posts"}],"about":[{"href":"https:\/\/latinoamerica21.com\/pt-br\/wp-json\/wp\/v2\/types\/post"}],"author":[{"embeddable":true,"href":"https:\/\/latinoamerica21.com\/pt-br\/wp-json\/wp\/v2\/users\/456"}],"replies":[{"embeddable":true,"href":"https:\/\/latinoamerica21.com\/pt-br\/wp-json\/wp\/v2\/comments?post=44540"}],"version-history":[{"count":0,"href":"https:\/\/latinoamerica21.com\/pt-br\/wp-json\/wp\/v2\/posts\/44540\/revisions"}],"wp:featuredmedia":[{"embeddable":true,"href":"https:\/\/latinoamerica21.com\/pt-br\/wp-json\/wp\/v2\/media\/44518"}],"wp:attachment":[{"href":"https:\/\/latinoamerica21.com\/pt-br\/wp-json\/wp\/v2\/media?parent=44540"}],"wp:term":[{"taxonomy":"category","embeddable":true,"href":"https:\/\/latinoamerica21.com\/pt-br\/wp-json\/wp\/v2\/categories?post=44540"},{"taxonomy":"post_tag","embeddable":true,"href":"https:\/\/latinoamerica21.com\/pt-br\/wp-json\/wp\/v2\/tags?post=44540"},{"taxonomy":"gps","embeddable":true,"href":"https:\/\/latinoamerica21.com\/pt-br\/wp-json\/wp\/v2\/gps?post=44540"}],"curies":[{"name":"wp","href":"https:\/\/api.w.org\/{rel}","templated":true}]}}