{"id":44591,"date":"2024-10-15T09:00:00","date_gmt":"2024-10-15T12:00:00","guid":{"rendered":"https:\/\/latinoamerica21.com\/?p=44591"},"modified":"2024-10-14T12:49:35","modified_gmt":"2024-10-14T15:49:35","slug":"ativismo-dos-jovens-na-era-digital","status":"publish","type":"post","link":"https:\/\/latinoamerica21.com\/pt-br\/ativismo-dos-jovens-na-era-digital\/","title":{"rendered":"Ativismo dos jovens na era digital"},"content":{"rendered":"\n<p>O ativismo dos jovens encontrou no \u00e2mbito digital um novo territ\u00f3rio f\u00e9rtil para crescer e se desenvolver. Na Argentina, os jovens de 18 a 24 anos est\u00e3o redefinindo a participa\u00e7\u00e3o social atrav\u00e9s das redes sociais e plataformas digitais. Um relat\u00f3rio recente de um estudo de Cultura de Dar, iniciativa da qual fazemos parte no Voices! mostra que, apesar do baixo interesse em pol\u00edtica, cerca de metade dos jovens do pa\u00eds est\u00e1 interessada em trabalhar ativamente para resolver um <a href=\"https:\/\/latinoamerica21.com\/pt-br\/k-pop-do-fanatismo-musical-ao-ativismo-politico\/\">problema social, ambiental ou pol\u00edtico<\/a> e uma propor\u00e7\u00e3o semelhante acredita que suas a\u00e7\u00f5es podem ter um impacto. Esse estudo destaca que seis em cada dez jovens participam ativamente de quest\u00f5es sociais, ambientais ou pol\u00edticas atrav\u00e9s da internet. Esse fen\u00f4meno permitiu que as novas gera\u00e7\u00f5es se informem, se mobilizem e atuem de uma maneira se afasta das estruturas formais tradicionais, como as organiza\u00e7\u00f5es n\u00e3o governamentais (ONGs), e levanta quest\u00f5es sobre a profundidade e o impacto dessa participa\u00e7\u00e3o.<\/p>\n\n\n\n<p>As redes sociais revolucionaram a maneira como os jovens se relacionam com o mundo e com as causas sociais. O acesso a ferramentas como Twitter, Instagram ou TikTok n\u00e3o s\u00f3 os permitiu se informar, mas tamb\u00e9m organizar campanhas, viralizar mensagens e assinar peti\u00e7\u00f5es em quest\u00e3o de segundos. Essa acessibilidade democratizou o ativismo, permitindo que qualquer um, n\u00e3o importa a localiza\u00e7\u00e3o ou o n\u00edvel socioecon\u00f4mico, participe de movimentos sociais. N\u00e3o \u00e9 mais necess\u00e1rio estar fisicamente presente em um protesto ou fazer parte de uma ONG para fazer com que sua voz seja ouvida. A <a href=\"https:\/\/elestadista.com.ar\/el-estadista\/el-nuevo-activismo-ambientalista-joven-digital-mas-impacto-n2457\">flexibilidade e rapidez do ativismo digital<\/a> s\u00e3o grandes vantagens, permitindo a mobiliza\u00e7\u00e3o instant\u00e2nea em torno de temas urgentes, como a crise clim\u00e1tica, a igualdade de g\u00eanero ou os direitos humanos. Os jovens, \u00e1vidos para se sentirem parte de algo maior, tamb\u00e9m s\u00e3o atra\u00eddos por esses canais ao registrarem com n\u00fameros o tamanho da comunidade (atrav\u00e9s de <em>likes<\/em>, repostagens ou m\u00e9tricas similares).<\/p>\n\n\n\n<p>Entretanto, essa transforma\u00e7\u00e3o tamb\u00e9m levanta quest\u00f5es sobre a efic\u00e1cia e a profundidade dessas a\u00e7\u00f5es. Muitos jovens preferem atuar de maneira independente ou com amigos e familiares em vez de canalizar seus esfor\u00e7os atrav\u00e9s de institui\u00e7\u00f5es, que est\u00e3o sofrendo, a n\u00edvel global, mas acentuadamente em nossa regi\u00e3o, com uma crise de desconfian\u00e7a. Esse tipo de participa\u00e7\u00e3o tamb\u00e9m corre o risco de ser fragmentado e, \u00e0s vezes, ef\u00eamero. Embora os jovens estejam dispostos a se mobilizar rapidamente diante um tema relevante, seu envolvimento de longo prazo pode ser afetado pela falta de estrutura e continuidade. Isso reflete um afastamento das estruturas tradicionais, que veem como lentas ou ineficazes, e uma inclina\u00e7\u00e3o \u00e0s formas de organiza\u00e7\u00e3o mais horizontais e flex\u00edveis.<\/p>\n\n\n\n<p>Uma cr\u00edtica comum ao ativismo digital \u00e9 que pode ser superficial, muitas vezes chamado de \u201cativismo de sof\u00e1\u201d. Compartilhar uma publica\u00e7\u00e3o ou assinar uma peti\u00e7\u00e3o no conforto do lar nem sempre se traduz em a\u00e7\u00f5es concretas que geram mudan\u00e7as reais. Entretanto, os dados do relat\u00f3rio sugerem que os jovens argentinos, embora ativos no mundo digital, tamb\u00e9m se envolvem em a\u00e7\u00f5es mais tang\u00edveis na vida real.<\/p>\n\n\n\n<p>De fato, esse grupo mostra uma tend\u00eancia maior de se voluntariar ou doar bens em compara\u00e7\u00e3o com outros segmentos et\u00e1rios. Esse fato ressalta que, embora o ativismo digital possa parecer superficial em alguns casos, para muitos jovens ele \u00e9 s\u00f3 o primeiro passo ou um complemento para uma participa\u00e7\u00e3o mais comprometida.<\/p>\n\n\n\n<p>A for\u00e7a das ONGs continua sendo chave para o capital social de uma sociedade. As ONGs oferecem estrutura, continuidade e, sobretudo, uma capacidade de organiza\u00e7\u00e3o que n\u00e3o pode igualar \u00e0s a\u00e7\u00f5es isoladas e espont\u00e2neas do ativismo digital. As ONGs n\u00e3o s\u00f3 canalizam a participa\u00e7\u00e3o dos cidad\u00e3os, mas tamb\u00e9m t\u00eam um papel fundamental na presta\u00e7\u00e3o de contas, monitorando projetos e garantindo que os recursos cheguem onde s\u00e3o necess\u00e1rios. Muitos jovens desconhecem as a\u00e7\u00f5es das ONGs ou n\u00e3o percebem sua import\u00e2ncia, o que gera uma desconex\u00e3o entre seu potencial e a participa\u00e7\u00e3o dos jovens.<\/p>\n\n\n\n<p>Ademais, os jovens tendem a n\u00e3o mensalizar\/regularizar suas doa\u00e7\u00f5es, o que representa um desafio para essas organiza\u00e7\u00f5es, que necessitam de previsibilidade em seus recursos. Essa falta de compromisso financeiro de longo prazo, junto \u00e0 tend\u00eancia de alternar entre distintas ONGs, dificulta o planejamento estrat\u00e9gico, o que, em \u00faltima an\u00e1lise, afeta sua capacidade de gerar mudan\u00e7as sustent\u00e1veis.<\/p>\n\n\n\n<p>Em resumo, o ativismo dos jovens na era digital representa uma oportunidade \u00fanica para gerar mudan\u00e7as r\u00e1pidas e efetivas, mas tamb\u00e9m enfrenta desafios importantes. A chave ser\u00e1 encontrar um equil\u00edbrio entre a espontaneidade e a flexibilidade do ativismo digital e a estabilidade e a organiza\u00e7\u00e3o das ONGs. S\u00f3 assim os jovens poder\u00e3o aproveitar ao m\u00e1ximo sua capacidade de influenciar o mundo ao seu redor, tanto no presente quanto no futuro.<\/p>\n","protected":false},"excerpt":{"rendered":"<p>As redes sociais revolucionaram a maneira como os jovens se relacionam com o mundo e com as causas sociais, j\u00e1 que atrav\u00e9s dessas podem organizar campanhas, viralizar mensagens e assinar peti\u00e7\u00f5es em quest\u00e3o de segundos. <\/p>\n","protected":false},"author":448,"featured_media":44578,"comment_status":"closed","ping_status":"closed","sticky":false,"template":"","format":"standard","meta":{"_acf_changed":false,"episode_type":"","audio_file":"","cover_image":"","cover_image_id":"","duration":"","filesize":"","filesize_raw":"","date_recorded":"","explicit":"","block":"","itunes_episode_number":"","itunes_title":"","itunes_season_number":"","itunes_episode_type":"","footnotes":""},"categories":[17098,16795],"tags":[15839],"gps":[],"class_list":{"0":"post-44591","1":"post","2":"type-post","3":"status-publish","4":"format-standard","5":"has-post-thumbnail","7":"category-jovenes-pt-br","8":"category-redes-sociales-es-pt-br","9":"tag-ideias-pt-br"},"acf":[],"_links":{"self":[{"href":"https:\/\/latinoamerica21.com\/pt-br\/wp-json\/wp\/v2\/posts\/44591","targetHints":{"allow":["GET"]}}],"collection":[{"href":"https:\/\/latinoamerica21.com\/pt-br\/wp-json\/wp\/v2\/posts"}],"about":[{"href":"https:\/\/latinoamerica21.com\/pt-br\/wp-json\/wp\/v2\/types\/post"}],"author":[{"embeddable":true,"href":"https:\/\/latinoamerica21.com\/pt-br\/wp-json\/wp\/v2\/users\/448"}],"replies":[{"embeddable":true,"href":"https:\/\/latinoamerica21.com\/pt-br\/wp-json\/wp\/v2\/comments?post=44591"}],"version-history":[{"count":0,"href":"https:\/\/latinoamerica21.com\/pt-br\/wp-json\/wp\/v2\/posts\/44591\/revisions"}],"wp:featuredmedia":[{"embeddable":true,"href":"https:\/\/latinoamerica21.com\/pt-br\/wp-json\/wp\/v2\/media\/44578"}],"wp:attachment":[{"href":"https:\/\/latinoamerica21.com\/pt-br\/wp-json\/wp\/v2\/media?parent=44591"}],"wp:term":[{"taxonomy":"category","embeddable":true,"href":"https:\/\/latinoamerica21.com\/pt-br\/wp-json\/wp\/v2\/categories?post=44591"},{"taxonomy":"post_tag","embeddable":true,"href":"https:\/\/latinoamerica21.com\/pt-br\/wp-json\/wp\/v2\/tags?post=44591"},{"taxonomy":"gps","embeddable":true,"href":"https:\/\/latinoamerica21.com\/pt-br\/wp-json\/wp\/v2\/gps?post=44591"}],"curies":[{"name":"wp","href":"https:\/\/api.w.org\/{rel}","templated":true}]}}