{"id":44769,"date":"2024-10-22T15:00:00","date_gmt":"2024-10-22T18:00:00","guid":{"rendered":"https:\/\/latinoamerica21.com\/?p=44769"},"modified":"2024-10-21T15:16:39","modified_gmt":"2024-10-21T18:16:39","slug":"a-esquerda-uruguaia-tem-vantagem-mas-a-historia-joga-contra","status":"publish","type":"post","link":"https:\/\/latinoamerica21.com\/pt-br\/a-esquerda-uruguaia-tem-vantagem-mas-a-historia-joga-contra\/","title":{"rendered":"A esquerda uruguaia tem vantagem, mas a hist\u00f3ria joga contra"},"content":{"rendered":"\n<p>Ap\u00f3s sua derrota em 2019, a Frente Ampla n\u00e3o desanimou, muito menos cruzou os bra\u00e7os. Pelo contr\u00e1rio, aproveitou o retorno \u00e0 condi\u00e7\u00e3o de principal partido da oposi\u00e7\u00e3o para trabalhar em manter a unidade, encarar a substitui\u00e7\u00e3o geracional de sua lideran\u00e7a, exibir for\u00e7a no referendo para revogar a Lei de Considera\u00e7\u00e3o Urgente aprovada em 2020 e fortalecer seus v\u00ednculos com as bases.<\/p>\n\n\n\n<p>O melhor indicador de que esse esfor\u00e7o parece dar frutos \u00e9 que a Frente Ampla lidera <a href=\"https:\/\/www.ambito.com\/uruguay\/el-frente-amplio-saca-ventaja-unas-elecciones-2024-donde-los-indecisos-seran-determinantes-n6066428\">a inten\u00e7\u00e3o de votos nas pesquisas<\/a> para as elei\u00e7\u00f5es gerais do pr\u00f3ximo domingo e tamb\u00e9m para o segundo turno. No entanto, certas vari\u00e1veis, \u00e0s quais n\u00e3o se costuma dar a import\u00e2ncia que certamente merecem, jogam contra ela em sua corrida pela presid\u00eancia.<\/p>\n\n\n\n<p><strong>A popularidade presidencial<\/strong><\/p>\n\n\n\n<p>Nos \u00faltimos 42 anos, um total de 37 mandat\u00e1rios de 14 pa\u00edses da regi\u00e3o, cujas elei\u00e7\u00f5es ocorreram em um ambiente livre e transparente, chegaram aos meses pr\u00e9vios ao in\u00edcio da campanha eleitoral com uma aprova\u00e7\u00e3o positiva. Em 29 casos (78%), houve uma transfer\u00eancia decisiva de popularidade do executivo ao candidato presidencial governista que se traduziu em votos.&nbsp;<\/p>\n\n\n\n<p>Na Am\u00e9rica Latina, a aprova\u00e7\u00e3o positiva do executivo tende a antecipar de maneira razoavelmente consistente a continuidade no poder do partido governista. Isso ocorre independentemente do candidato presidencial do partido no poder n\u00e3o ser o pr\u00f3prio presidente em exerc\u00edcio, de o processo eleitoral ocorrer em dois turnos ou de a disputa ser entre coaliz\u00f5es eleitorais.<\/p>\n\n\n\n<p>De fato, a taxa de associa\u00e7\u00e3o entre a aprova\u00e7\u00e3o presidencial e o resultado eleitoral da situa\u00e7\u00e3o no Uruguai nas sete elei\u00e7\u00f5es presidenciais realizadas entre 1989 e 2019 \u00e9 de 85,71%, o que coloca o Uruguai entre os mais consistentes da regi\u00e3o. Entretanto, nas duas ocasi\u00f5es em que os presidentes foram bem avaliados, Tabar\u00e9 V\u00e1zquez (2005\/2010) e Jos\u00e9 Mujica (2010\/2015), houve continuidade no governo seguinte.<\/p>\n\n\n\n<p>No caso da campanha atual, a percep\u00e7\u00e3o dos cidad\u00e3os sobre o desempenho do presidente de centro-direita, Luis Lacalle Pou, foi positiva ao longo do mandato. Certamente, no segundo semestre de 2022, a aprova\u00e7\u00e3o presidencial caiu para 39%, associada ao impacto do \u201ccaso Astesiano\u201d, um grande caso de corrup\u00e7\u00e3o que afetou o entorno mais pr\u00f3ximo do presidente, mas no in\u00edcio de 2023 a aceita\u00e7\u00e3o retomou o caminho positivo. Mas o realmente relevante \u00e9 que, antes do in\u00edcio da campanha eleitoral, a aprova\u00e7\u00e3o da gest\u00e3o presidencial era de 49%, superando em muito o n\u00famero dos que desaprovavam (32%).&nbsp;<\/p>\n\n\n\n<p><strong>Exce\u00e7\u00f5es ao caso<\/strong><\/p>\n\n\n\n<p>Embora o apoio a um presidente marque tend\u00eancia do que acontece nas elei\u00e7\u00f5es seguintes, h\u00e1 exce\u00e7\u00f5es. Na elei\u00e7\u00e3o presidencial de 2009 no Chile, o candidato da coaliz\u00e3o governista, Eduardo Frei, entrou na campanha com altos \u00edndices de aprova\u00e7\u00e3o da presidente Michelle Bachelet (78%). No entanto, o candidato de esquerda foi derrotado.&nbsp;<\/p>\n\n\n\n<p>Mais recentemente, nas elei\u00e7\u00f5es presidenciais de 2020 na Rep\u00fablica Dominicana, o candidato presidencial do Partido da Liberta\u00e7\u00e3o Dominicana, Gonzalo Castillo, tamb\u00e9m concorreu impulsionado pela alta aprova\u00e7\u00e3o do presidente em exerc\u00edcio, Danilo Medina (56%). Entretanto, ele tamb\u00e9m foi derrotado.<\/p>\n\n\n\n<p>Esses exemplos nos fazem perguntar por que, em alguns casos, a popularidade presidencial importa e, em outros, n\u00e3o. Uma resposta \u00e9 que, por mais alto que seja o n\u00edvel de aprova\u00e7\u00e3o do executivo, a transfer\u00eancia de popularidade e sua materializa\u00e7\u00e3o em votos para o candidato presidencial do partido governista tende a ser anulada se enfrentar dividido a disputa eleitoral. Assim, uma combina\u00e7\u00e3o de aprova\u00e7\u00e3o presidencial positiva e coes\u00e3o do partido ou da coaliz\u00e3o governamental tende a anunciar melhor a continuidade no poder do partido governista nas democracias da regi\u00e3o.<\/p>\n\n\n\n<p><strong>A unidade da coaliz\u00e3o de governo<\/strong><\/p>\n\n\n\n<p>Em geral, nenhum evento \u00e9 mais capaz de testar a unidade do partido governista do que o processo de sele\u00e7\u00e3o interna do candidato presidencial. O partido nacional evitou com sucesso essa armadilha. Seu candidato presidencial, \u00c1lvaro Delgado, venceu as elei\u00e7\u00f5es prim\u00e1rias de 30 de junho com 74% contra Laura Raffo, que imediatamente se manifestou a favor da coes\u00e3o interna do partido.&nbsp;<\/p>\n\n\n\n<p>Naquela data, o Presidente Lacalle Pou havia superado o principal desafio que enfrentou durante seu governo: manter a Coaliz\u00e3o Republicana, uma coaliz\u00e3o de partidos de centro-direita, direita e partidos menores, unida durante seus cinco anos no cargo.&nbsp;<\/p>\n\n\n\n<p>Durante o per\u00edodo, n\u00e3o faltaram situa\u00e7\u00f5es extremamente tensas, como quando o presidente pediu a ren\u00fancia da ministra Irene Moreira, membro do Cabildo Abierto, um dos partidos membros da coaliz\u00e3o. Mas, no final, esse e outros contratempos pouco prejudicaram a coaliz\u00e3o, que entrou fortalecida na campanha eleitoral.<\/p>\n\n\n\n<p>Portanto, embora a esquerda uruguaia e <a href=\"https:\/\/latinoamerica21.com\/pt-br\/uruguai-cenarios-provaveis-diante-das-eleicoes-de-outubro\/\">seu nov\u00edssimo candidato presidencial Yamand\u00fa Orsi<\/a> estejam bem posicionados para chegar ao poder de acordo com as pesquisas, eles n\u00e3o devem subestimar essas duas vari\u00e1veis que demonstraram uma teimosia mais do que razo\u00e1vel em antecipar o resultado eleitoral nas democracias da regi\u00e3o e que, desta vez, n\u00e3o est\u00e3o exatamente jogando a seu favor.<\/p>\n","protected":false},"excerpt":{"rendered":"<p>Na Am\u00e9rica Latina, a aprova\u00e7\u00e3o positiva do executivo tende a antecipar de maneira razoavelmente consistente a continuidade no poder do partido governista.<\/p>\n","protected":false},"author":675,"featured_media":44744,"comment_status":"closed","ping_status":"closed","sticky":false,"template":"","format":"standard","meta":{"_acf_changed":false,"episode_type":"","audio_file":"","cover_image":"","cover_image_id":"","duration":"","filesize":"","filesize_raw":"","date_recorded":"","explicit":"","block":"","itunes_episode_number":"","itunes_title":"","itunes_season_number":"","itunes_episode_type":"","footnotes":""},"categories":[16725,16711],"tags":[15839],"gps":[],"class_list":{"0":"post-44769","1":"post","2":"type-post","3":"status-publish","4":"format-standard","5":"has-post-thumbnail","7":"category-uruguay-pt-br","8":"category-elecciones-pt-br","9":"tag-ideias-pt-br"},"acf":[],"_links":{"self":[{"href":"https:\/\/latinoamerica21.com\/pt-br\/wp-json\/wp\/v2\/posts\/44769","targetHints":{"allow":["GET"]}}],"collection":[{"href":"https:\/\/latinoamerica21.com\/pt-br\/wp-json\/wp\/v2\/posts"}],"about":[{"href":"https:\/\/latinoamerica21.com\/pt-br\/wp-json\/wp\/v2\/types\/post"}],"author":[{"embeddable":true,"href":"https:\/\/latinoamerica21.com\/pt-br\/wp-json\/wp\/v2\/users\/675"}],"replies":[{"embeddable":true,"href":"https:\/\/latinoamerica21.com\/pt-br\/wp-json\/wp\/v2\/comments?post=44769"}],"version-history":[{"count":0,"href":"https:\/\/latinoamerica21.com\/pt-br\/wp-json\/wp\/v2\/posts\/44769\/revisions"}],"wp:featuredmedia":[{"embeddable":true,"href":"https:\/\/latinoamerica21.com\/pt-br\/wp-json\/wp\/v2\/media\/44744"}],"wp:attachment":[{"href":"https:\/\/latinoamerica21.com\/pt-br\/wp-json\/wp\/v2\/media?parent=44769"}],"wp:term":[{"taxonomy":"category","embeddable":true,"href":"https:\/\/latinoamerica21.com\/pt-br\/wp-json\/wp\/v2\/categories?post=44769"},{"taxonomy":"post_tag","embeddable":true,"href":"https:\/\/latinoamerica21.com\/pt-br\/wp-json\/wp\/v2\/tags?post=44769"},{"taxonomy":"gps","embeddable":true,"href":"https:\/\/latinoamerica21.com\/pt-br\/wp-json\/wp\/v2\/gps?post=44769"}],"curies":[{"name":"wp","href":"https:\/\/api.w.org\/{rel}","templated":true}]}}