{"id":44933,"date":"2024-10-28T09:00:00","date_gmt":"2024-10-28T12:00:00","guid":{"rendered":"https:\/\/latinoamerica21.com\/?p=44933"},"modified":"2024-10-28T14:38:36","modified_gmt":"2024-10-28T17:38:36","slug":"a-eleicao-do-odio","status":"publish","type":"post","link":"https:\/\/latinoamerica21.com\/pt-br\/a-eleicao-do-odio\/","title":{"rendered":"A elei\u00e7\u00e3o do \u00f3dio"},"content":{"rendered":"\n<p>Um dos paradoxos da elei\u00e7\u00e3o presidencial dos Estados Unidos \u00e9 que um dos candidatos, cujo ponto forte entre os eleitores \u00e9 a economia, pensa que esse n\u00e3o \u00e9 o tema principal da elei\u00e7\u00e3o. Pela primeira vez, em um ato eleitoral, Trump falou em voz alta o que vinha dizendo a seus principais assessores, que a imigra\u00e7\u00e3o \u00e9 o principal tema, \u201csupera a economia\u201d. Mas n\u00e3o foi s\u00f3 isso, Tump afirmou que \u201cEstados Unidos \u00e9 agora um pa\u00eds ocupado. Mas 5 de novembro de 2024 ser\u00e1 o dia da liberta\u00e7\u00e3o nos Estados Unidos\u201d.<\/p>\n\n\n\n<p>Pa\u00eds ocupado? Liberta\u00e7\u00e3o? Essas ideias conspirat\u00f3rias e apocal\u00edpticas nos lembram as das ditaduras latino-americanas, como a de Jorge Rafael Videla na Argentina ou Augusto Pinochet no Chile. E, voltando um pouco mais, aos discursos fascistas, como os de Adolf Hitler e Benito Mussolini.<\/p>\n\n\n\n<p>Se Pinochet escreveu um livro sobre liberdade enquanto a destru\u00eda por completo em seu pa\u00eds, demonizando e assassinando opositores, Trump promete deporta\u00e7\u00f5es em massa e uma ditadura ef\u00eamera para o primeiro dia de seu governo: \u201ca ditadura do dia 1\u201d. E como se n\u00e3o bastasse, o ex-presidente afirma que os imigrantes n\u00e3o devem ser considerados pessoas e que poluem o ser nacional, pois \u201cenvenenam o sangue de nosso pa\u00eds\u201d, algo que lembra as palavras de Hitler em seu livro Mein Kampf: \u201cTodas as grandes culturas do passado pereceram porque as ra\u00e7as originalmente criativas se extinguiram pelo envenenamento do sangue\u201d.<\/p>\n\n\n\n<p><a href=\"https:\/\/latinoamerica21.com\/pt-br\/trump-e-a-mentira-fascista\/\">A rela\u00e7\u00e3o entre crime e desumaniza\u00e7\u00e3o<\/a>, explorada por l\u00edderes como Bolsonaro no Brasil e Bukele em El Salvador, faz parte de uma ideologia extremista que a precede. A viol\u00eancia extrajudicial \u00e9 apresentada como uma solu\u00e7\u00e3o absoluta para os problemas das pessoas. E, nesse marco, a economia e a desigualdade ficam em segundo plano, enquanto a pol\u00edtica de entendimento e o di\u00e1logo democr\u00e1tico desaparecem por completo.<\/p>\n\n\n\n<p><strong>Um discurso repetido na regi\u00e3o<\/strong><\/p>\n\n\n\n<p>J\u00e1 em meados do s\u00e9culo passado, o l\u00edder pol\u00edtico fascista brasileiro, Pl\u00ednio Salgado, entendia que a viol\u00eancia era parte da luta pela alma da civiliza\u00e7\u00e3o e que salvaria a na\u00e7\u00e3o da extin\u00e7\u00e3o ao destruir aqueles que considerava diferentes. Em sua opini\u00e3o, n\u00e3o era poss\u00edvel ser imparcial na batalha entre \u201co bem e o mal\u201d e era preciso agir contra \u201cdegenerados e criminosos\u201d.<\/p>\n\n\n\n<p>Para os fascistas argentinos das primeiras d\u00e9cadas do s\u00e9culo XX, a conflu\u00eancia de democracia, imigra\u00e7\u00e3o e socialismo criou mais criminosos e representou uma grande amea\u00e7a \u00e0 \u201cseguran\u00e7a nacional\u201d. O famoso escritor fascista argentino, Leopoldo Lugones, afirmou que muitos imigrantes eram \u201canormais\u201d e \u201ccriminosos cru\u00e9is\u201d e que sua presen\u00e7a era \u201cintoler\u00e1vel\u201d.<\/p>\n\n\n\n<p>Esse v\u00ednculo entre criminosos, inimigos absolutos e ideologia foi fundamental para a ideologia fascista. Em Mein Kampf, Hitler escreveu que os inimigos \u201cn\u00e3o vivem neste mundo como representantes da honra e da sinceridade, mas como campe\u00f5es do engano, da mentira, do furto, da pilhagem e da rapina\u201d. Essa desumaniza\u00e7\u00e3o dos advers\u00e1rios facilitou sua desvitimiza\u00e7\u00e3o. Os pr\u00f3ximos passos foram a deporta\u00e7\u00e3o, os campos de concentra\u00e7\u00e3o e o exterm\u00ednio.<\/p>\n\n\n\n<p><strong>Mas o que acontecer\u00e1 nos Estados Unidos?<\/strong><\/p>\n\n\n\n<p>Muitos especialistas se perguntam como Trump, caso ganhe a elei\u00e7\u00e3o, mudar\u00e1 o sistema pol\u00edtico, j\u00e1 que a democracia estadunidense tem um sistema complexo de freios e contrapesos legais e sociais. No entanto, os planos autorit\u00e1rios est\u00e3o at\u00e9 no papel. Em particular, devemos nos lembrar do Projeto 2025 da Heritage Foundation, prefaciado por seu candidato a vice-presidente, J.D. Vance. Uma das ideias \u00e9 recategorizar uma infinidade de funcion\u00e1rios p\u00fablicos como nomeados pol\u00edticos e substitu\u00ed-los por trumpistas. Ou seja, prop\u00f5e a eros\u00e3o das diferen\u00e7as entre as institui\u00e7\u00f5es, o l\u00edder e a constitui\u00e7\u00e3o de um Estado que estaria absolutamente sujeito aos seus caprichos.<\/p>\n\n\n\n<p>A preocupa\u00e7\u00e3o com uma poss\u00edvel vit\u00f3ria de Trump e sua rela\u00e7\u00e3o com o fascismo apareceu recentemente na capa do <em>The New York Times<\/em>. At\u00e9 mesmo a candidata democrata Kamala Harris afirma que a op\u00e7\u00e3o que Trump representa pode ser considerada fascista.<\/p>\n\n\n\n<p>Trump \u00e9 <a href=\"https:\/\/www.nytimes.com\/es\/2024\/10\/20\/espanol\/estados-unidos\/harris-palabra-fascista-trump.html\">\u201cfascista em sua ess\u00eancia\u201d<\/a>, disse o general aposentado Mark Milley no novo livro do renomado jornalista Bob Woodward. O ex-chefe do Estado-Maior Conjunto acrescentou que Trump \u00e9 \u201ca pessoa mais perigosa para este pa\u00eds\u201d. Os coment\u00e1rios de Milley confirmaram o que muitos pensam. A pol\u00edtica de Trump baseada em \u00f3dio, mentiras, idealiza\u00e7\u00e3o da viol\u00eancia e da repress\u00e3o e aspira\u00e7\u00f5es ditatoriais s\u00e3o muito semelhantes \u00e0s formas cl\u00e1ssicas de fascismo.<\/p>\n\n\n\n<p>Trump tem uma compreens\u00e3o muito b\u00e1sica e intuitiva da pol\u00edtica e n\u00e3o tem fundamentos te\u00f3ricos mais profundos para suas tend\u00eancias fascistas, al\u00e9m do apoio superficial a ideias que j\u00e1 s\u00e3o populares entre sua base de extrema direita. Assim como Bolsonaro, Trump v\u00ea a pol\u00edtica de extrema direita, antes de tudo, como uma via para o avan\u00e7o pessoal.<\/p>\n\n\n\n<p>Nesse sentido, a negativa de Trump sobre aceitar o veredito do sistema democr\u00e1tico ap\u00f3s perder as elei\u00e7\u00f5es de 2020 combina seus impulsos antidemocr\u00e1ticos com temores pessoais, a mesma combina\u00e7\u00e3o que marcou os totalit\u00e1rios e fascistas por d\u00e9cadas. O ex e quiz\u00e1 futuro presidente segue o manual de Hitler ao projetar sobre seus inimigos todos seus \u00f3dios, fantasias e aspira\u00e7\u00f5es.<\/p>\n","protected":false},"excerpt":{"rendered":"<p>Trump tem uma compreens\u00e3o muito b\u00e1sica e intuitiva da pol\u00edtica e n\u00e3o tem fundamentos te\u00f3ricos mais profundos para suas tend\u00eancias fascistas, al\u00e9m do apoio superficial a ideias que j\u00e1 s\u00e3o populares entre sua base de extrema direita.<\/p>\n","protected":false},"author":77,"featured_media":44918,"comment_status":"closed","ping_status":"closed","sticky":false,"template":"","format":"standard","meta":{"_acf_changed":false,"episode_type":"","audio_file":"","cover_image":"","cover_image_id":"","duration":"","filesize":"","filesize_raw":"","date_recorded":"","explicit":"","block":"","itunes_episode_number":"","itunes_title":"","itunes_season_number":"","itunes_episode_type":"","footnotes":""},"categories":[16757,16711],"tags":[],"gps":[],"class_list":{"0":"post-44933","1":"post","2":"type-post","3":"status-publish","4":"format-standard","5":"has-post-thumbnail","7":"category-eeuu-pt-br","8":"category-elecciones-pt-br"},"acf":[],"_links":{"self":[{"href":"https:\/\/latinoamerica21.com\/pt-br\/wp-json\/wp\/v2\/posts\/44933","targetHints":{"allow":["GET"]}}],"collection":[{"href":"https:\/\/latinoamerica21.com\/pt-br\/wp-json\/wp\/v2\/posts"}],"about":[{"href":"https:\/\/latinoamerica21.com\/pt-br\/wp-json\/wp\/v2\/types\/post"}],"author":[{"embeddable":true,"href":"https:\/\/latinoamerica21.com\/pt-br\/wp-json\/wp\/v2\/users\/77"}],"replies":[{"embeddable":true,"href":"https:\/\/latinoamerica21.com\/pt-br\/wp-json\/wp\/v2\/comments?post=44933"}],"version-history":[{"count":0,"href":"https:\/\/latinoamerica21.com\/pt-br\/wp-json\/wp\/v2\/posts\/44933\/revisions"}],"wp:featuredmedia":[{"embeddable":true,"href":"https:\/\/latinoamerica21.com\/pt-br\/wp-json\/wp\/v2\/media\/44918"}],"wp:attachment":[{"href":"https:\/\/latinoamerica21.com\/pt-br\/wp-json\/wp\/v2\/media?parent=44933"}],"wp:term":[{"taxonomy":"category","embeddable":true,"href":"https:\/\/latinoamerica21.com\/pt-br\/wp-json\/wp\/v2\/categories?post=44933"},{"taxonomy":"post_tag","embeddable":true,"href":"https:\/\/latinoamerica21.com\/pt-br\/wp-json\/wp\/v2\/tags?post=44933"},{"taxonomy":"gps","embeddable":true,"href":"https:\/\/latinoamerica21.com\/pt-br\/wp-json\/wp\/v2\/gps?post=44933"}],"curies":[{"name":"wp","href":"https:\/\/api.w.org\/{rel}","templated":true}]}}