{"id":45253,"date":"2024-11-13T09:00:00","date_gmt":"2024-11-13T12:00:00","guid":{"rendered":"https:\/\/latinoamerica21.com\/?p=45253"},"modified":"2024-11-12T18:58:18","modified_gmt":"2024-11-12T21:58:18","slug":"antauro-humala-o-hitler-peruano-vetado-no-peru","status":"publish","type":"post","link":"https:\/\/latinoamerica21.com\/pt-br\/antauro-humala-o-hitler-peruano-vetado-no-peru\/","title":{"rendered":"Antauro Humala, o \u201cHitler peruano\u201d, vetado no Peru"},"content":{"rendered":"\n<p>Em uma decis\u00e3o hist\u00f3rica com&nbsp; o fim de defender o sistema democr\u00e1tico do pa\u00eds, a justi\u00e7a peruana resolveu, em primeira inst\u00e2ncia, <a href=\"https:\/\/www.infobae.com\/peru\/2024\/11\/06\/antauro-humala-apelara-fallo-del-poder-judicial-que-ordeno-disolucion-de-su-partido\/\">declarar ilegal o partido pol\u00edtico<\/a> Alianza Nacional de Trabajadores Agricultores Universitarios Reservistas y Obreros, cuja sigla \u00e9 A.N.T.A.U.R.O., acr\u00f4nimo do ex-militar Antauro Humala Tasso, que no in\u00edcio de 2005 assassinou quatro policiais durante uma revolta na localidade andina de Andahuaylas, a mais de 750 quil\u00f4metros de Lima. Por esse caso, denominado de Andahuaylazo, foi condenado a 19 anos de pris\u00e3o pelos crimes de homic\u00eddio, sequestro, danos agravados, roubo ou furto de arma de fogo e rebeli\u00e3o.<\/p>\n\n\n\n<p>Humala, que era o l\u00edder de fato do grupo, embora n\u00e3o figurasse nominalmente na cadeia de comando, pretendia <a href=\"https:\/\/latinoamerica21.com\/pt-br\/os-congressistas-mochasueldos-que-infectam-o-peru\/\">usar essa plataforma pol\u00edtica para concorrer<\/a> \u00e0s elei\u00e7\u00f5es presidenciais de abril de 2026 e bombardear o Estado por dentro. Em mais de uma ocasi\u00e3o, prop\u00f4s fuzilar seus rivais pol\u00edticos, incluindo seu irm\u00e3o, o ex-presidente Ollanta Humala, investigado por atos de corrup\u00e7\u00e3o. \u201cCaralho! Minha m\u00e3e o pariu, sa\u00edmos do mesmo \u00fatero, mas ele traiu. Por acaso sou meu irm\u00e3o? Ele traiu e tem que ser fuzilado do mesmo jeito\u201d, disse em um v\u00eddeo difundido pelo TikTok em 2022, durante um ato proselitista.<\/p>\n\n\n\n<p>Em fevereiro deste ano, durante uma entrevista de r\u00e1dio, disse que para \u201cmoralizar as For\u00e7as Armadas\u201d h\u00e1 dois m\u00e9todos, um que \u201ccusta US$ 8 bilh\u00f5es de d\u00f3lares\u201d e outro que \u201ccusta dois carregadores de arma, porque fuzilando dois generais e tr\u00eas coroneis o ex\u00e9rcito se torna operacional em tr\u00eas dias\u201d. Depois, referindo-se \u00e0 possibilidade de dissolver o Congresso da Rep\u00fablica, afirmou que \u201cum comandante geral deveria dar um golpe de Estado, n\u00e3o um an\u00f3dino\u201d.&nbsp;<\/p>\n\n\n\n<p>Por essas e outras raz\u00f5es, a Procuradoria Geral da Rep\u00fablica do Peru apresentou um pedido \u00e0 Suprema Corte para declarar a A.N.T.A.U.R.O. ilegal, aceitando, por sua vez, um pedido do congressista Alejandro Mu\u00f1ante, que formulou a demanda ao Jurado Nacional de Elecciones (JNE), o mais alto \u00f3rg\u00e3o eleitoral do pa\u00eds, que, infelizmente, lavou as m\u00e3os do caso e decidiu remeter o caso \u00e0 esfera puramente judicial.<\/p>\n\n\n\n<p>A promotoria argumentou que o grupo de Humala promove \u201catividades antidemocr\u00e1ticas\u201d que \u201cviolam sistematicamente as liberdades e os direitos fundamentais\u201d e advertiu que ele incentiva um \u201cdiscurso violento, odioso e discriminat\u00f3rio\u201d. Acrescentou que o grupo pol\u00edtico estabelece princ\u00edpios de nacionalismo baseados na \u201clinhagem\u201d, em que a nacionalidade \u00e9 definida apenas pelo sangue, excluindo quem n\u00e3o \u00e9 semelhante ao \u201caut\u00f3ctone\u201d. Em 2022, em uma entrevista ao <em>El Pa\u00eds<\/em>, Antauro declarou que \u201cos pele acobreada devem exercer o poder\u201d.<\/p>\n\n\n\n<p>A C\u00e2mara Permanente de Direito Constitucional e Social da Suprema Corte do Peru, que proferiu o veredicto por maioria, tamb\u00e9m decidiu decretar a dissolu\u00e7\u00e3o do partido pol\u00edtico e sua anula\u00e7\u00e3o no registro oficial do JNE, ordenando tamb\u00e9m o fechamento de suas bases a n\u00edvel nacional e proibindo seu novo registro. Entretanto, n\u00e3o decidiu desqualificar seus l\u00edderes. A decis\u00e3o baseou-se na jurisprud\u00eancia adotada na esteira das not\u00f3rias figuras genocidas Adolf Hitler e Benito Mussolini.<\/p>\n\n\n\n<p>As decis\u00f5es judiciais entrar\u00e3o em vigor quando forem definitivas, em \u00faltima inst\u00e2ncia. O congressista Alex Flores, membro da A.N.T.A.U.R.O., anunciou que apelar\u00e1 o veto, que ele considerou \u201cantidemocr\u00e1tico, inconstitucional e arbitr\u00e1rio\u201d. O caso pode chegar ao Tribunal Constitucional (TC) peruano, cuja presidente, a ju\u00edza Luz Pacheco, realizou uma reuni\u00e3o em 21 de outubro com o pr\u00f3prio Antauro e sua parceira sentimental e advogada, Carmen Huidobro, que tamb\u00e9m foi condenada pelo Andahuaylazo, algo que foi questionado pelo p\u00fablico.<\/p>\n\n\n\n<p>Apesar de suas declara\u00e7\u00f5es p\u00fablicas ultrajantes, em 27 de outubro, poucos dias antes da decis\u00e3o judicial que vetou seu partido pol\u00edtico, a empresa de pesquisas Ipsos Peru informou que Antauro Humala estava em segundo lugar nas proje\u00e7\u00f5es de inten\u00e7\u00f5es de voto para presidente, atr\u00e1s apenas de Keiko Fujimori.&nbsp;<\/p>\n\n\n\n<p>O processo eleitoral s\u00f3 ser\u00e1 convocado em abril de 2025, ou seja, daqui a cinco meses, mas Antauro n\u00e3o poder\u00e1 concorrer \u00e0 presid\u00eancia do Peru, pelo menos porque o prazo legal para faz\u00ea-lo em outra agremia\u00e7\u00e3o j\u00e1 expirou. Ele poderia tentar concorrer como convidado, mas para integrar o Parlamento, que <a href=\"https:\/\/latinoamerica21.com\/pt-br\/peru-volta-a-ter-um-congresso-bicameral\/\">ser\u00e1 bicameral a partir do pr\u00f3ximo quinqu\u00eanio<\/a>.<\/p>\n\n\n\n<p>De qualquer forma, chegar\u00e1 o momento em que os cidad\u00e3os ratificar\u00e3o a firmeza do sistema judici\u00e1rio e aposentar\u00e3o Antauro Humala e suas pr\u00e1ticas com seu voto, ou lhe dar\u00e3o o poder de destruir o pa\u00eds. Todas as apostas est\u00e3o abertas.<\/p>\n","protected":false},"excerpt":{"rendered":"<p>A promotoria argumentou que o grupo de Humala promove atividades antidemocr\u00e1ticas que violam os direitos fundamentais e advertiu que incentiva um discurso violento.<\/p>\n","protected":false},"author":621,"featured_media":45250,"comment_status":"closed","ping_status":"closed","sticky":false,"template":"","format":"standard","meta":{"_acf_changed":false,"episode_type":"","audio_file":"","cover_image":"","cover_image_id":"","duration":"","filesize":"","filesize_raw":"","date_recorded":"","explicit":"","block":"","itunes_episode_number":"","itunes_title":"","itunes_season_number":"","itunes_episode_type":"","footnotes":""},"categories":[16738,16708],"tags":[17187],"gps":[],"class_list":{"0":"post-45253","1":"post","2":"type-post","3":"status-publish","4":"format-standard","5":"has-post-thumbnail","7":"category-peru-pt-br","8":"category-politica-pt-br","9":"tag-debates-2"},"acf":[],"_links":{"self":[{"href":"https:\/\/latinoamerica21.com\/pt-br\/wp-json\/wp\/v2\/posts\/45253","targetHints":{"allow":["GET"]}}],"collection":[{"href":"https:\/\/latinoamerica21.com\/pt-br\/wp-json\/wp\/v2\/posts"}],"about":[{"href":"https:\/\/latinoamerica21.com\/pt-br\/wp-json\/wp\/v2\/types\/post"}],"author":[{"embeddable":true,"href":"https:\/\/latinoamerica21.com\/pt-br\/wp-json\/wp\/v2\/users\/621"}],"replies":[{"embeddable":true,"href":"https:\/\/latinoamerica21.com\/pt-br\/wp-json\/wp\/v2\/comments?post=45253"}],"version-history":[{"count":0,"href":"https:\/\/latinoamerica21.com\/pt-br\/wp-json\/wp\/v2\/posts\/45253\/revisions"}],"wp:featuredmedia":[{"embeddable":true,"href":"https:\/\/latinoamerica21.com\/pt-br\/wp-json\/wp\/v2\/media\/45250"}],"wp:attachment":[{"href":"https:\/\/latinoamerica21.com\/pt-br\/wp-json\/wp\/v2\/media?parent=45253"}],"wp:term":[{"taxonomy":"category","embeddable":true,"href":"https:\/\/latinoamerica21.com\/pt-br\/wp-json\/wp\/v2\/categories?post=45253"},{"taxonomy":"post_tag","embeddable":true,"href":"https:\/\/latinoamerica21.com\/pt-br\/wp-json\/wp\/v2\/tags?post=45253"},{"taxonomy":"gps","embeddable":true,"href":"https:\/\/latinoamerica21.com\/pt-br\/wp-json\/wp\/v2\/gps?post=45253"}],"curies":[{"name":"wp","href":"https:\/\/api.w.org\/{rel}","templated":true}]}}