{"id":45272,"date":"2024-11-14T09:00:00","date_gmt":"2024-11-14T12:00:00","guid":{"rendered":"https:\/\/latinoamerica21.com\/?p=45272"},"modified":"2024-11-13T14:37:56","modified_gmt":"2024-11-13T17:37:56","slug":"o-apoio-da-maioria-nao-legitima-o-autoritarismo","status":"publish","type":"post","link":"https:\/\/latinoamerica21.com\/pt-br\/o-apoio-da-maioria-nao-legitima-o-autoritarismo\/","title":{"rendered":"O apoio da maioria n\u00e3o legitima o autoritarismo"},"content":{"rendered":"\n<p>O mundo vive um profundo transtorno. Uma era de mudan\u00e7as autorit\u00e1rias apoiadas por maiorias. <a href=\"https:\/\/latinoamerica21.com\/pt-br\/estados-unidos-a-rebeliao-contra-o-progressismo\/\">Donald Trump venceu uma elei\u00e7\u00e3o hist\u00f3rica<\/a>, mas n\u00e3o foi a virada copernicana que ele afirma ter sido e muito menos implica que o resultado o autoriza a mudar tudo. Na democracia, a vit\u00f3ria eleitoral n\u00e3o significa a delega\u00e7\u00e3o de poder. Infelizmente, essa confus\u00e3o entre legitimidade e legalidade tende a ser aceita sem pensamento cr\u00edtico. E o resultado dessa aceita\u00e7\u00e3o da anormalidade afeta a qualidade presente e futura da democracia.<\/p>\n\n\n\n<p>O fato de 50,4% dos eleitores terem eleito Trump n\u00e3o o torna menos autorit\u00e1rio ou aspirante a fascista, e essa grande vit\u00f3ria n\u00e3o deve ser considerada uma delega\u00e7\u00e3o de poder, o que, por si s\u00f3, \u00e9 totalmente antidemocr\u00e1tico. Diga-se de passagem, Harris obteve 48% dos votos.<\/p>\n\n\n\n<p>Este n\u00e3o \u00e9 o momento para explica\u00e7\u00f5es unicausais ou atribui\u00e7\u00f5es de culpa. <a href=\"https:\/\/www.nytimes.com\/es\/2024\/11\/07\/espanol\/opinion\/trump-gano-presidente-poder.html\">Trump venceu por muitos motivos<\/a>, como propaganda eficaz, demoniza\u00e7\u00e3o, misoginia, racismo, militariza\u00e7\u00e3o da pol\u00edtica e falta de justi\u00e7a em rela\u00e7\u00e3o \u00e0 sua tentativa de golpe. A legalidade \u00e9 fundamental para a democracia e isso foi flagrantemente ignorado. O sistema pol\u00edtico dos Estados Unidos negou que Trump tivesse promovido um golpe e decidiu que ele poderia concorrer novamente.<\/p>\n\n\n\n<p><strong>Normalizar a ilegalidade<\/strong><\/p>\n\n\n\n<p>Al\u00e9m disso, muitos meios de comunica\u00e7\u00e3o acabaram normalizando a ilegalidade de Trump. Seu extremismo tornou-se parte do panorama midi\u00e1tico e o contexto internacional certamente o ajudou. Seus c\u00famplices globais o apoiaram como era de se esperar.<\/p>\n\n\n\n<p>Por outro lado, muitos optaram pelo ex-presidente por acharem que ele era melhor para a economia e outros decidiram que havia pouca diferen\u00e7a entre a candidata pr\u00f3-democracia e o candidato antidemocracia. Como sempre acontece com o populismo, a cr\u00edtica real ao elitismo e \u00e0 tecnocracia dos governantes em exerc\u00edcio se funde com uma resposta messi\u00e2nica, autorit\u00e1ria e hier\u00e1rquica. A mensagem antipol\u00edtica de Trump foi muito efetiva, mas isso n\u00e3o significa que sua solu\u00e7\u00e3o acabar\u00e1 com o elitismo e melhorar\u00e1 a situa\u00e7\u00e3o econ\u00f4mica do pa\u00eds. Na verdade, seus planos protecionistas e suas promessas de deporta\u00e7\u00f5es em massa ir\u00e3o, de muitas maneiras, piorar a vida das pessoas.<\/p>\n\n\n\n<p>A hist\u00f3ria parece se repetir: durante toda a campanha eleitoral de 2016, Trump foi duramente criticado por seus coment\u00e1rios fascistas e racistas, mas depois da elei\u00e7\u00e3o ele diminuiu drasticamente sua ret\u00f3rica. No in\u00edcio de sua presid\u00eancia, muitos jornais hesitaram em rotul\u00e1-lo de mis\u00f3gino e racista, apesar das evid\u00eancias crescentes, e a palavra \u201cfascismo\u201d foi frequentemente retirada do l\u00e9xico. Muitos acreditavam que as institui\u00e7\u00f5es, a lei e a tradi\u00e7\u00e3o da legalidade for\u00e7ariam o novo presidente a se comportar de modo presidencial e a respeitar os valores constitucionais fundamentais do pa\u00eds. \u00c9 claro que aconteceu o contr\u00e1rio. Trump nunca se tornou \u201cpresidencial\u201d. Os aspirantes a fascistas nunca se tornam, e seu mandato terminou com o golpe fracassado de 6 de janeiro de 2021.<\/p>\n\n\n\n<p>Apesar de tudo isso, sua narrativa voltou a se normalizar e as li\u00e7\u00f5es de seu primeiro mandato foram esquecidas.&nbsp;<\/p>\n\n\n\n<p>Pelo menos para os especialistas em fascismo e populismo, o autoritarismo de Trump nunca foi uma estrat\u00e9gia pol\u00edtica, mas sim uma autenticidade aos fatos da realidade. Assim como Jair Bolsonaro no Brasil, Viktor Orban na Hungria e Narendra Modi na \u00cdndia, Trump \u00e9 um populista extremo, um aspirante a fascista.<\/p>\n\n\n\n<p><strong>Um ponto de inflex\u00e3o<\/strong><\/p>\n\n\n\n<p>Ao negar os resultados das elei\u00e7\u00f5es de 2020 e promover a Grande Mentira sobre fraude eleitoral, Trump marcou um ponto de inflex\u00e3o na pol\u00edtica populista, permitindo e inspirando outros l\u00edderes a negar a legitimidade eleitoral de seus oponentes. Bolsonaro, no Brasil, ou Benjamin Netanyahu, em Israel, usaram falsidades sobre legalidade e fraude eleitoral para criar uma realidade alternativa em que podem governar sem os encargos e as restri\u00e7\u00f5es dos procedimentos democr\u00e1ticos.<\/p>\n\n\n\n<p>\u00c9 de se esperar que em seu pr\u00f3ximo governo Trump intensifique a distor\u00e7\u00e3o da legalidade em prol da legitimidade do l\u00edder. Sua disposi\u00e7\u00e3o de se colocar acima da legalidade se tornar\u00e1 a regra, e os direitos humanos e pol\u00edticos ser\u00e3o gradualmente deixados de lado. Os fascistas, e muitas vezes tamb\u00e9m os populistas, justificam a mais absoluta ilegalidade em termos legais. \u00c9 claro que isso n\u00e3o implica a destrui\u00e7\u00e3o da democracia americana, mas n\u00e3o h\u00e1 d\u00favida de que ela sofrer\u00e1 com o ataque do l\u00edder.<\/p>\n\n\n\n<p>O aspirante ao fascismo \u00e9 uma vers\u00e3o incompleta do fascismo, caracter\u00edstica daqueles que buscam destruir a democracia para obter ganhos pessoais de curto prazo. Ganhando ou perdendo, Trump continua sendo uma figura autorit\u00e1ria, um populista extremo, um exemplo ideal da antidemocracia que amea\u00e7a o pluralismo e a toler\u00e2ncia em n\u00edvel global.<\/p>\n","protected":false},"excerpt":{"rendered":"<p>O fato de 50,4% dos eleitores terem eleito Trump n\u00e3o o torna menos autorit\u00e1rio ou aspirante a fascista, e essa grande vit\u00f3ria n\u00e3o deve ser considerada uma delega\u00e7\u00e3o de poder.<\/p>\n","protected":false},"author":77,"featured_media":45260,"comment_status":"closed","ping_status":"closed","sticky":false,"template":"","format":"standard","meta":{"_acf_changed":false,"episode_type":"","audio_file":"","cover_image":"","cover_image_id":"","duration":"","filesize":"","filesize_raw":"","date_recorded":"","explicit":"","block":"","itunes_episode_number":"","itunes_title":"","itunes_season_number":"","itunes_episode_type":"","footnotes":""},"categories":[16773,16758],"tags":[17187],"gps":[],"class_list":{"0":"post-45272","1":"post","2":"type-post","3":"status-publish","4":"format-standard","5":"has-post-thumbnail","7":"category-autoritarismo-pt-br","8":"category-donald-trump-pt-br","9":"tag-debates-2"},"acf":[],"_links":{"self":[{"href":"https:\/\/latinoamerica21.com\/pt-br\/wp-json\/wp\/v2\/posts\/45272","targetHints":{"allow":["GET"]}}],"collection":[{"href":"https:\/\/latinoamerica21.com\/pt-br\/wp-json\/wp\/v2\/posts"}],"about":[{"href":"https:\/\/latinoamerica21.com\/pt-br\/wp-json\/wp\/v2\/types\/post"}],"author":[{"embeddable":true,"href":"https:\/\/latinoamerica21.com\/pt-br\/wp-json\/wp\/v2\/users\/77"}],"replies":[{"embeddable":true,"href":"https:\/\/latinoamerica21.com\/pt-br\/wp-json\/wp\/v2\/comments?post=45272"}],"version-history":[{"count":0,"href":"https:\/\/latinoamerica21.com\/pt-br\/wp-json\/wp\/v2\/posts\/45272\/revisions"}],"wp:featuredmedia":[{"embeddable":true,"href":"https:\/\/latinoamerica21.com\/pt-br\/wp-json\/wp\/v2\/media\/45260"}],"wp:attachment":[{"href":"https:\/\/latinoamerica21.com\/pt-br\/wp-json\/wp\/v2\/media?parent=45272"}],"wp:term":[{"taxonomy":"category","embeddable":true,"href":"https:\/\/latinoamerica21.com\/pt-br\/wp-json\/wp\/v2\/categories?post=45272"},{"taxonomy":"post_tag","embeddable":true,"href":"https:\/\/latinoamerica21.com\/pt-br\/wp-json\/wp\/v2\/tags?post=45272"},{"taxonomy":"gps","embeddable":true,"href":"https:\/\/latinoamerica21.com\/pt-br\/wp-json\/wp\/v2\/gps?post=45272"}],"curies":[{"name":"wp","href":"https:\/\/api.w.org\/{rel}","templated":true}]}}