{"id":45883,"date":"2024-12-18T09:00:00","date_gmt":"2024-12-18T12:00:00","guid":{"rendered":"https:\/\/latinoamerica21.com\/?p=45883"},"modified":"2024-12-17T12:56:01","modified_gmt":"2024-12-17T15:56:01","slug":"primeiro-ano-de-milei-a-motosserra-e-seus-criticos","status":"publish","type":"post","link":"https:\/\/latinoamerica21.com\/pt-br\/primeiro-ano-de-milei-a-motosserra-e-seus-criticos\/","title":{"rendered":"Primeiro ano de Milei: a motosserra e seus cr\u00edticos"},"content":{"rendered":"\n<p>H\u00e1 alguma vantagem em adiar um pouco a an\u00e1lise do balan\u00e7o do primeiro ano do governo do presidente Milei, sobretudo porque nos permite observar as cr\u00edticas que foram feitas a esse anivers\u00e1rio. \u00c9 claro, a grande maioria dessas cr\u00edticas procedem das fileiras do progressismo, incluindo a velha e a nova esquerda. Mas \u00e9 necess\u00e1rio ser seletivo a esse respeito. N\u00e3o interessam tanto as invectivas repetidas ou as admoesta\u00e7\u00f5es da extrema esquerda utilizando o termo fascismo sem discri\u00e7\u00e3o que interessam, mas sim as do setor progressista que j\u00e1 se recuperou da ideia otimista de que o primeiro grande corte de Milei provocaria tantas mobiliza\u00e7\u00f5es que ele seria expulso da Casa Rosada. Esse progressismo mais criterioso olha agora com ansiedade para as elei\u00e7\u00f5es de 2025, para que o <em>outsider<\/em> que, h\u00e1 um ano, chegou \u00e0 presid\u00eancia sem partido, sem apoio parlamentar e sem prefeitos n\u00e3o as ven\u00e7a. Se isso ocorrer, o \u201clouco\u201d teria conquistado o Estado em grande parte e seu projeto se prolongar\u00e1 no tempo.<\/p>\n\n\n\n<p>Em todo caso, Milei n\u00e3o perdeu a oportunidade de celebrar seu primeiro ano no cargo. Em um trimestre, conseguiu transformar em super\u00e1vit o preocupante d\u00e9ficit fiscal do pa\u00eds e, em um semestre, transformou o IPC de 25% mensal para menos de 3% em outubro; os t\u00edtulos da d\u00edvida subiram, o n\u00edvel de risco de cr\u00e9dito caiu e o investimento se recuperou. Ademais, Milei est\u00e1 aproveitando as receitas da megarreserva de g\u00e1s Vaca Muerta. Tudo isso aplicando \u201co programa de choque mais radical da hist\u00f3ria da humanidade\u201d (a motosserra) sem ter de enfrentar um temido protesto social e com sua popularidade bastante intacta (acima de 50%), enquanto a oposi\u00e7\u00e3o continua dividida, com uma direita tradicional (de Macri) subordinada e um peronismo em plena crise. Verdade, a pobreza aumentou 11 pontos desde meados do ano passado, mas isso n\u00e3o parece se refletir em um decl\u00ednio correspondente em sua popularidade.<\/p>\n\n\n\n<p>As cr\u00edticas do progressismo mais criterioso a esse modelo apresentam dois elementos s\u00f3lidos: o mencionado aumento da pobreza e a dif\u00edcil sustentabilidade deste programa econ\u00f4mico radical. H\u00e1 tamb\u00e9m uma leitura cr\u00edtica em termos pol\u00edticos. Pode-se mencionar dois exemplos not\u00e1veis desse progressismo (de l\u00edngua espanhola): o artigo de Pablo Stefanoni (\u201c<a href=\"https:\/\/www.nuso.org\/articulo\/de-milei-al-mileismo\/\">De Milei al Mile\u00edsmo<\/a>\u201d) publicado na revista Nueva Sociedad e o editorial do di\u00e1rio espanhol El Pa\u00eds (12\/9\/24), significativamente intitulado \u201c<a href=\"https:\/\/elpais.com\/opinion\/2024-12-10\/el-dano-de-milei.html\">El da\u00f1o de Milei<\/a>\u201d.<\/p>\n\n\n\n<p>O balan\u00e7o de Stefanoni destaca a crise pol\u00edtica da oposi\u00e7\u00e3o. De fato, a aprova\u00e7\u00e3o da ambiciosa Ley de Bases de Milei, ao menos parcialmente, contou com a totalidade do macronismo, bem como com os peronistas dissidentes e radicais. Ou seja, o governo superminorit\u00e1rio n\u00e3o teve grandes dificuldades para aprovar a legisla\u00e7\u00e3o que o favorece, evitando assim um choque entre o Legislativo e o Executivo. \u00c9 por isso que Stefanoni conclui: \u201cAlguns na oposi\u00e7\u00e3o se perguntam: E se der certo?\u201d E ent\u00e3o ele responde: \u201cSe sair bem significaria que melhoraram os dados econ\u00f4micos e que isso se traduziria em um triunfo nas elei\u00e7\u00f5es de meio de mandato de 2025 e em um aumento da representa\u00e7\u00e3o no Congresso\u201d. Mas isso muda o eixo de sua an\u00e1lise: ele se sair bem n\u00e3o depende mais de qu\u00e3o mal a oposi\u00e7\u00e3o se sai, mas da sociedade argentina como um todo. E, infelizmente, Stefanoni evita sondar as profundezas da cidadania e de sua cultura pol\u00edtica.<\/p>\n\n\n\n<p>O caso do editorial do jornal El Pa\u00eds tem uma refer\u00eancia diferente. Sua cr\u00edtica \u00e9 muito mais comprometida, porque esse jornal se tornou o apoio cultural e pol\u00edtico do modelo oposto de governan\u00e7a: o progressismo deificado. De fato, o governo de Pedro S\u00e1nchez cumpre todas as premissas que Milei gosta de caricaturar: uma economia expansiva e tributa\u00e7\u00e3o sobre o cr\u00e9dito, um modelo pol\u00edtico baseado em maiorias parlamentares oportunistas e uma cultura pol\u00edtica convencida de sua superioridade moral.<\/p>\n\n\n\n<p>S\u00e1nchez repete que, em um sistema parlamentarista, n\u00e3o \u00e9 quem ganha as elei\u00e7\u00f5es que governa, mas quem consegue obter o apoio da maioria no Congresso. Mas isso tem seus limites: obter o apoio de grupos que s\u00e3o contr\u00e1rios ao programa eleitoral apresentado obriga a modificar o contrato adquirido com o eleitorado. Isso lembra bastante a ideia de Marx (Groucho): \u201cEu tenho meus princ\u00edpios, mas se n\u00e3o gostar deles, eu tenho outros\u201d. Ou seja, trata-se de um modelo fraudulento de governan\u00e7a. Algo que nos obriga a nos colocar em uma perspectiva de fuga permanente para a frente. O modelo precisa ser aprofundado para resistir: mais expansivo, mais fen\u00edcio, mais autorreferencial. \u201cSomos uma refer\u00eancia mundial\u201d, disse S\u00e1nchez no recente congresso do PSOE.<\/p>\n\n\n\n<p>\u00c9 por isso que a cr\u00edtica ao modelo oposto do di\u00e1rio de Madri \u00e9 absoluta: Milei causa danos irrepar\u00e1veis. E ele pode estar certo. Mas, aplicando a mesma l\u00f3gica, devemos nos perguntar se apoiar um modelo fraudulento de governan\u00e7a tamb\u00e9m n\u00e3o causa danos consider\u00e1veis. O editorial do El Pa\u00eds conclui: \u201cN\u00e3o vale tudo em troca de reduzir a infla\u00e7\u00e3o\u201d. \u00c9 verdade, mas tamb\u00e9m n\u00e3o vale tudo para permanecer no governo.<\/p>\n\n\n\n<p>Na realidade, esse \u00e9 o drama deste momento: dois modelos radicais de governan\u00e7a, opostos, mas que se alimentam um do outro. Um \u00e9 a rea\u00e7\u00e3o consequente do outro. Nenhum deles pode ser sustent\u00e1vel, mas, enquanto durarem, causar\u00e3o sofrimento e divis\u00e3o interna nos pa\u00edses.<\/p>\n\n\n\n<p><em><sub>Tradu\u00e7\u00e3o autom\u00e1tica revisada por Isabel Lima<\/sub><\/em><\/p>\n","protected":false},"excerpt":{"rendered":"<p>As cr\u00edticas a esse modelo apresentam dois elementos s\u00f3lidos: o mencionado aumento da pobreza e a dif\u00edcil sustentabilidade deste programa econ\u00f4mico radical. <\/p>\n","protected":false},"author":300,"featured_media":45881,"comment_status":"closed","ping_status":"closed","sticky":false,"template":"","format":"standard","meta":{"_acf_changed":false,"episode_type":"","audio_file":"","cover_image":"","cover_image_id":"","duration":"","filesize":"","filesize_raw":"","date_recorded":"","explicit":"","block":"","itunes_episode_number":"","itunes_title":"","itunes_season_number":"","itunes_episode_type":"","footnotes":""},"categories":[16960,16734],"tags":[17187],"gps":[],"class_list":{"0":"post-45883","1":"post","2":"type-post","3":"status-publish","4":"format-standard","5":"has-post-thumbnail","7":"category-javier-milei-pt-br","8":"category-argentina-pt-br","9":"tag-debates-2"},"acf":[],"_links":{"self":[{"href":"https:\/\/latinoamerica21.com\/pt-br\/wp-json\/wp\/v2\/posts\/45883","targetHints":{"allow":["GET"]}}],"collection":[{"href":"https:\/\/latinoamerica21.com\/pt-br\/wp-json\/wp\/v2\/posts"}],"about":[{"href":"https:\/\/latinoamerica21.com\/pt-br\/wp-json\/wp\/v2\/types\/post"}],"author":[{"embeddable":true,"href":"https:\/\/latinoamerica21.com\/pt-br\/wp-json\/wp\/v2\/users\/300"}],"replies":[{"embeddable":true,"href":"https:\/\/latinoamerica21.com\/pt-br\/wp-json\/wp\/v2\/comments?post=45883"}],"version-history":[{"count":0,"href":"https:\/\/latinoamerica21.com\/pt-br\/wp-json\/wp\/v2\/posts\/45883\/revisions"}],"wp:featuredmedia":[{"embeddable":true,"href":"https:\/\/latinoamerica21.com\/pt-br\/wp-json\/wp\/v2\/media\/45881"}],"wp:attachment":[{"href":"https:\/\/latinoamerica21.com\/pt-br\/wp-json\/wp\/v2\/media?parent=45883"}],"wp:term":[{"taxonomy":"category","embeddable":true,"href":"https:\/\/latinoamerica21.com\/pt-br\/wp-json\/wp\/v2\/categories?post=45883"},{"taxonomy":"post_tag","embeddable":true,"href":"https:\/\/latinoamerica21.com\/pt-br\/wp-json\/wp\/v2\/tags?post=45883"},{"taxonomy":"gps","embeddable":true,"href":"https:\/\/latinoamerica21.com\/pt-br\/wp-json\/wp\/v2\/gps?post=45883"}],"curies":[{"name":"wp","href":"https:\/\/api.w.org\/{rel}","templated":true}]}}