{"id":46060,"date":"2024-12-30T10:49:21","date_gmt":"2024-12-30T13:49:21","guid":{"rendered":"https:\/\/latinoamerica21.com\/?p=46060"},"modified":"2024-12-30T12:00:41","modified_gmt":"2024-12-30T15:00:41","slug":"sexo-por-votos-o-novo-escandalo-no-congresso-peruano","status":"publish","type":"post","link":"https:\/\/latinoamerica21.com\/pt-br\/sexo-por-votos-o-novo-escandalo-no-congresso-peruano\/","title":{"rendered":"Sexo por votos, o novo esc\u00e2ndalo no Congresso peruano"},"content":{"rendered":"\n<p>H\u00e1 congressistas cafet\u00f5es no Peru? \u00c9 a pergunta que metade do pa\u00eds faz desde 10 de dezembro, quando tr\u00eas sic\u00e1rios em motos atacaram o t\u00e1xi em que <a href=\"https:\/\/www.infobae.com\/peru\/2024\/12\/21\/andrea-vidal-y-el-misterio-de-su-asesinato-revelan-que-visito-la-oficina-de-jorge-torres-poco-antes-de-morir\/\">Andrea Vidal G\u00f3mez<\/a>, de 28 anos, viajava, atirando nela n\u00e3o uma ou duas, mas 70 vezes. Duas dessas balas atravessaram sua cabe\u00e7a.<\/p>\n\n\n\n<p>Segundo as investiga\u00e7\u00f5es fiscais, os disparos tinham um objetivo: silenci\u00e1-la para que n\u00e3o revelasse detalhes de uma rede de lenoc\u00ednio e prostitui\u00e7\u00e3o dentro do Congresso da Rep\u00fablica do Peru, onde ela trabalhou at\u00e9 setembro de 2024 como assessora no Escrit\u00f3rio Jur\u00eddico e Constitucional, sob as ordens de um funcion\u00e1rio chamado Jorge Torres Saravia.<\/p>\n\n\n\n<p>Vidal morreu uma semana depois, ap\u00f3s uma longa agonia no Hospital Dos de Mayo, no cora\u00e7\u00e3o de Lima, sem conseguir dizer uma palavra.<\/p>\n\n\n\n<p>As mesmas investiga\u00e7\u00f5es revelam que Vidal estava encarregada de recrutar jovens mulheres sem experi\u00eancia acad\u00eamica ou profissional para trabalhar como secret\u00e1rias ou funcion\u00e1rias administrativas em diferentes escrit\u00f3rios do Congresso, com a cumplicidade dos partidos pol\u00edticos ali representados, para depois oferecer seus servi\u00e7os sexuais aos parlamentares em troca de voltarem de determinada maneira em sess\u00f5es importantes.<\/p>\n\n\n\n<p>Testemunhas entrevistadas por distintos meios de comunica\u00e7\u00e3o locais, que n\u00e3o revelaram sua identidade, apontaram Jorge Torres como o organizador dessa pr\u00e1tica criminosa, que era consumada com encontros privados ap\u00f3s festas em apartamentos alugados via plataformas como Airbnb. Torres haveria demitido Andrea Vidal e duas outras trabalhadoras do Congresso a mando de um funcion\u00e1rio de alto escal\u00e3o, ainda desconhecido.<\/p>\n\n\n\n<p>Uma das jovens envolvidas, Isabel Cajo Salvador, que havia participado das festas organizadas por Torres, publicava conte\u00fado na plataforma para adultos OnlyFans at\u00e9 fevereiro deste ano. Ela iniciou sua carreira no Parlamento na \u00e1rea de Administra\u00e7\u00e3o de Bens e depois trabalhou diretamente com Torres, para finalmente mudar-se para o gabinete do congressista Edwin Martinez, onde atualmente ganha 7 mil soles (quase US$ 1.900) por m\u00eas, apesar de n\u00e3o ter conclu\u00eddo o ensino m\u00e9dio.<\/p>\n\n\n\n<p>Como de costume, a classe pol\u00edtica como um todo tentou se desligar dessa den\u00fancia. O pr\u00f3prio Torres rejeitou as acusa\u00e7\u00f5es e lamentou a morte de Vidal. Disse tamb\u00e9m que ele n\u00e3o determinou sua demiss\u00e3o, mas sim o departamento de Recursos Humanos do Parlamento, apesar de uma reportagem do seman\u00e1rio <em>Hildebrandt en sus trece<\/em> revelou que, duas semanas antes do crime, Vidal se reuniu com Torres em seu escrit\u00f3rio e deixou o local visivelmente abalada.<\/p>\n\n\n\n<p>A crise se estendeu ao partido Alianza Para el Progreso (APP), que levou Torres ao Congresso. Embora ela n\u00e3o figure como militante do APP, h\u00e1 v\u00e1rias fotos dela nas redes sociais participando em atividades de proselitismo do partido e inclusive acompanhou seu secret\u00e1rio-geral, Luis Vald\u00e9z, ex-congressista e bra\u00e7o direito do l\u00edder do partido, C\u00e9sar Acu\u00f1a. Ambos se distanciaram de Torres.<\/p>\n\n\n\n<p>Acu\u00f1a, governador da regi\u00e3o nortenha de La Libertad, tem uma rela\u00e7\u00e3o pr\u00f3xima com a Presidente da Rep\u00fablica, Dina Boluarte. Em multiplas ocasi\u00f5es, ele a defendeu de cr\u00edticas p\u00fablicas, e um de seus aliados, o m\u00e9dico C\u00e9sar V\u00e1squez, \u00e9 o ministro da sa\u00fade do governo desde junho do ano passado. Inclusive falou-se de um co-governo entre APP e Boluarte ap\u00f3s a pesquisa de poder da revista <em>Semana Econ\u00f3mica <\/em>de setembro mostrou que Acu\u00f1a e Boluarte t\u00eam quase o mesmo poder no Peru.<\/p>\n\n\n\n<p>Enquanto investiga-se o assassinato de Vidal e a suposta explora\u00e7\u00e3o sexual em dois arquivos distintos da promotoria, a Comiss\u00e3o de Supervis\u00e3o do Congresso tamb\u00e9m assumiu o assunto e citou diversos funcion\u00e1rios para iniciar investiga\u00e7\u00f5es sobre o caso. V\u00e1rias bancadas com assentos no Parlamento pediram a ren\u00fancia do presidente deste poder do Estado, Eduardo Salhuana, que tamb\u00e9m \u00e9 membro do partido APP, mas ele descartou isso ocorreu.A percep\u00e7\u00e3o de que existe um Congresso lumpen \u00e9 evidente. O proxenetismo se junta \u00e0 longa lista de <a href=\"https:\/\/latinoamerica21.com\/pt-br\/os-congressistas-mochasueldos-que-infectam-o-peru\/\">crimes grav\u00edssimos<\/a> pelos quais funcion\u00e1rios ou membros do Parlamento peruano s\u00e3o investigados pela justi\u00e7a. Nas pr\u00f3ximas elei\u00e7\u00f5es, os cidad\u00e3os j\u00e1 n\u00e3o esperam bons representantes; apenas que os novos n\u00e3o sejam piores do que os anteriores.<\/p>\n\n\n\n<p><em><sub>Tradu\u00e7\u00e3o autom\u00e1tica revisada por Isabel Lima<\/sub><\/em><\/p>\n\n\n\n<p><\/p>\n","protected":false},"excerpt":{"rendered":"<p>O proxenetismo se junta \u00e0 longa lista de crimes grav\u00edssimos pelos quais funcion\u00e1rios ou membros do Parlamento peruano s\u00e3o investigados pela justi\u00e7a.<\/p>\n","protected":false},"author":621,"featured_media":46040,"comment_status":"closed","ping_status":"closed","sticky":false,"template":"","format":"standard","meta":{"_acf_changed":false,"episode_type":"","audio_file":"","cover_image":"","cover_image_id":"","duration":"","filesize":"","filesize_raw":"","date_recorded":"","explicit":"","block":"","itunes_episode_number":"","itunes_title":"","itunes_season_number":"","itunes_episode_type":"","footnotes":""},"categories":[16738,16714],"tags":[17187],"gps":[],"class_list":{"0":"post-46060","1":"post","2":"type-post","3":"status-publish","4":"format-standard","5":"has-post-thumbnail","7":"category-peru-pt-br","8":"category-corrupcion-pt-br","9":"tag-debates-2"},"acf":[],"_links":{"self":[{"href":"https:\/\/latinoamerica21.com\/pt-br\/wp-json\/wp\/v2\/posts\/46060","targetHints":{"allow":["GET"]}}],"collection":[{"href":"https:\/\/latinoamerica21.com\/pt-br\/wp-json\/wp\/v2\/posts"}],"about":[{"href":"https:\/\/latinoamerica21.com\/pt-br\/wp-json\/wp\/v2\/types\/post"}],"author":[{"embeddable":true,"href":"https:\/\/latinoamerica21.com\/pt-br\/wp-json\/wp\/v2\/users\/621"}],"replies":[{"embeddable":true,"href":"https:\/\/latinoamerica21.com\/pt-br\/wp-json\/wp\/v2\/comments?post=46060"}],"version-history":[{"count":0,"href":"https:\/\/latinoamerica21.com\/pt-br\/wp-json\/wp\/v2\/posts\/46060\/revisions"}],"wp:featuredmedia":[{"embeddable":true,"href":"https:\/\/latinoamerica21.com\/pt-br\/wp-json\/wp\/v2\/media\/46040"}],"wp:attachment":[{"href":"https:\/\/latinoamerica21.com\/pt-br\/wp-json\/wp\/v2\/media?parent=46060"}],"wp:term":[{"taxonomy":"category","embeddable":true,"href":"https:\/\/latinoamerica21.com\/pt-br\/wp-json\/wp\/v2\/categories?post=46060"},{"taxonomy":"post_tag","embeddable":true,"href":"https:\/\/latinoamerica21.com\/pt-br\/wp-json\/wp\/v2\/tags?post=46060"},{"taxonomy":"gps","embeddable":true,"href":"https:\/\/latinoamerica21.com\/pt-br\/wp-json\/wp\/v2\/gps?post=46060"}],"curies":[{"name":"wp","href":"https:\/\/api.w.org\/{rel}","templated":true}]}}