{"id":46525,"date":"2025-01-27T09:00:00","date_gmt":"2025-01-27T12:00:00","guid":{"rendered":"https:\/\/latinoamerica21.com\/?p=46525"},"modified":"2025-01-27T11:28:31","modified_gmt":"2025-01-27T14:28:31","slug":"o-retorno-de-trump-e-o-mexico","status":"publish","type":"post","link":"https:\/\/latinoamerica21.com\/pt-br\/o-retorno-de-trump-e-o-mexico\/","title":{"rendered":"O retorno de Trump e o M\u00e9xico"},"content":{"rendered":"\n<p>O retorno de Donald Trump \u00e0 Casa Branca marca o in\u00edcio de uma nova fase de confronto que situa o M\u00e9xico e a Am\u00e9rica Latina no epicentro de um jogo geopol\u00edtico que favorece o isolamento e a hostilidade. Suas primeiras a\u00e7\u00f5es, longe de constitu\u00edrem estrat\u00e9gias coerentes de pol\u00edtica externa, parecem destinadas a satisfazer sua base eleitoral, sacrificando rela\u00e7\u00f5es estrat\u00e9gicas e minando a estabilidade regional.<\/p>\n\n\n\n<p>Desde o primeiro dia, Trump reativou pol\u00edticas migrat\u00f3rias r\u00edgidas, incluindo o envio de 4.000 tropas para a fronteira sul e a instaura\u00e7\u00e3o do programa <a href=\"https:\/\/noticias.uol.com.br\/ultimas-noticias\/afp\/2025\/01\/21\/trump-reativa-o-programa-fique-no-mexico.htm\"><em>Fique no<\/em> <em>M\u00e9xico<\/em><\/a>. Esse programa, que afetou mais de 70.000 migrantes entre 2019 e 2021, obriga os solicitantes de asilo a esperar em condi\u00e7\u00f5es prec\u00e1rias no M\u00e9xico, muitas vezes sob a amea\u00e7a do crime organizado. Essas pol\u00edticas n\u00e3o s\u00f3 desumanizam os migrantes, mas tamb\u00e9m geram um custo social e econ\u00f4mico significativo ao M\u00e9xico, que j\u00e1 enfrenta press\u00f5es em seus sistemas de assist\u00eancia e seguran\u00e7a.<\/p>\n\n\n\n<p>Uma medida especialmente alarmante \u00e9 a designa\u00e7\u00e3o dos cart\u00e9is mexicanos como organiza\u00e7\u00f5es terroristas estrangeiras, o que poderia facilitar incurs\u00f5es militares unilaterais dos Estados Unidos no territ\u00f3rio mexicano, violando assim a soberania do pa\u00eds, embora o pr\u00f3prio Secret\u00e1rio de Estado Marco Rubio tenha questionado essa possibilidade, segundo o escopo legal da medida executiva. Embora os carteis gerem receitas aproximadas de 60 bilh\u00f5es de d\u00f3lares ao ano, segundo a Secretaria de Seguran\u00e7a e Prote\u00e7\u00e3o Cidad\u00e3, enfrent\u00e1-los requer coopera\u00e7\u00e3o bilateral e n\u00e3o medidas unilaterais que s\u00f3 tencionam as rela\u00e7\u00f5es entre as duas na\u00e7\u00f5es.<\/p>\n\n\n\n<p>No \u00e2mbito econ\u00f4mico, Trump amea\u00e7a <a href=\"https:\/\/latinoamerica21.com\/pt-br\/diante-das-medidas-de-trump-mexico-esta-avaliando-as-opcoes-de-represalia\/\">renegociar o Tratado entre M\u00e9xico, Estados Unidos e Canad\u00e1<\/a> (T-MEC) e impor tarifas de 25% aos produtos mexicanos e canadenses. Em 2024, o M\u00e9xico exportou mais de 460 bilh\u00f5es de d\u00f3lares aos Estados Unidos, o que representa 80% de suas exporta\u00e7\u00f5es totais. Setores chave, como o automotivo e o agroalimentar, dependem muito do mercado estadunidense, e essas barreiras comerciais n\u00e3o prejudicariam s\u00f3 o M\u00e9xico, mas tamb\u00e9m os consumidores e as empresas dos Estados Unidos, ao aumentar custos e reduzir a competitividade em um ambiente global cada vez mais desafiador.<\/p>\n\n\n\n<p>O desd\u00e9m de Trump pela Am\u00e9rica Latina n\u00e3o se limita \u00e0 economia. Suas declara\u00e7\u00f5es, como \u201cos Estados Unidos n\u00e3o precisam da Am\u00e9rica Latina\u201d, revelam uma perspectiva imperialista que ignora as interdepend\u00eancias globais. A Am\u00e9rica Latina representa 20% das importa\u00e7\u00f5es totais dos Estados Unidos e \u00e9 um mercado chave para maquin\u00e1rio e tecnologia estadunidense. Reduzir a regi\u00e3o a um problema menor perpetua uma narrativa de desigualdade hist\u00f3rica e dificulta a coopera\u00e7\u00e3o em assuntos cr\u00edticos, como mudan\u00e7as clim\u00e1ticas, seguran\u00e7a energ\u00e9tica e gest\u00e3o de crises migrat\u00f3rias.<\/p>\n\n\n\n<p>A postura de Trump em rela\u00e7\u00e3o ao Tratado de Paris tamb\u00e9m \u00e9 motivo de preocupa\u00e7\u00e3o. Durante seu primeiro mandato, retirou os Estados Unidos do acordo clim\u00e1tico e deixou claro que o faria novamente se chegasse a um segundo mandato. Isso teria graves repercuss\u00f5es para os esfor\u00e7os globais contra as mudan\u00e7as clim\u00e1ticas, especialmente na Am\u00e9rica Latina, uma das regi\u00f5es mais vulner\u00e1veis ao aquecimento global. Pa\u00edses como M\u00e9xico enfrentam secas extremas, enquanto o Brasil sofre com o desmatamento acelerado da Amaz\u00f4nia. Sem o apoio financeiro e tecnol\u00f3gico dos Estados Unidos, a regi\u00e3o teria menos condi\u00e7\u00f5es de mitigar os desastres naturais e se adaptar aos efeitos clim\u00e1ticos.<\/p>\n\n\n\n<p>No \u00e2mbito social, Trump reavivou sua ret\u00f3rica contra os direitos de g\u00eanero e a diversidade sexual. Durante seu mandato anterior, implementou restri\u00e7\u00f5es a tratamentos m\u00e9dicos para pessoas transg\u00eanero, eliminou prote\u00e7\u00f5es trabalhistas para a comunidade LGBTQ+ e limitou a educa\u00e7\u00e3o inclusiva de g\u00eanero. Embora essas medidas afetem diretamente os Estados Unidos, sua influ\u00eancia polarizadora ressoa na Am\u00e9rica Latina, onde os movimentos progressistas em defesa aos direitos humanos ganharam terreno. A exclus\u00e3o promovida por Trump freia esses avan\u00e7os e alimenta discursos conservadores que dificultam a integra\u00e7\u00e3o social na regi\u00e3o.<\/p>\n\n\n\n<p>O impacto de Trump na Am\u00e9rica Latina n\u00e3o representa s\u00f3 um desafio para a regi\u00e3o, mas tamb\u00e9m um retrocesso para os Estados Unidos em sua posi\u00e7\u00e3o global. Em um mundo cada vez mais multipolar, onde pot\u00eancias como China e Uni\u00e3o Europeia buscam expandir sua influ\u00eancia, isolar-se de seus vizinhos mais pr\u00f3ximos \u00e9 uma estrat\u00e9gia contraproducente. Em 2023, a China superou os Estados Unidos como o principal parceiro comercial de pa\u00edses como Brasil e Chile, o que evidencia que a Am\u00e9rica Latina j\u00e1 est\u00e1 explorando alternativas econ\u00f4micas. O isolacionismo estadunidense n\u00e3o gera s\u00f3 tens\u00f5es diplom\u00e1ticas, mas tamb\u00e9m limita as oportunidades de colabora\u00e7\u00e3o em temas cruciais que afetam a regi\u00e3o e o mundo.<\/p>\n\n\n\n<p>Diante dessas medidas, a Am\u00e9rica Latina enfrenta o desafio de responder com unidade e estrat\u00e9gia. O M\u00e9xico, como vizinho imediato dos Estados Unidos e principal receptor de suas pol\u00edticas migrat\u00f3rias e econ\u00f4micas, tem a responsabilidade de liderar uma resposta regional que defenda a soberania e promova a coopera\u00e7\u00e3o internacional. \u00c9 hora de fortalecer as alian\u00e7as internas e diversificar os parceiros comerciais e pol\u00edticos para reduzir a depend\u00eancia dos Estados Unidos. Isso n\u00e3o ser\u00e1 essencial s\u00f3 para combater as pol\u00edticas de Trump, mas tamb\u00e9m para construir uma posi\u00e7\u00e3o mais aut\u00f4noma no cen\u00e1rio global.<\/p>\n\n\n\n<p>O retorno de Trump \u00e0 presid\u00eancia deve ser um sinal de alerta para a Am\u00e9rica Latina. A regi\u00e3o n\u00e3o pode se permitir ser o bode expiat\u00f3rio de uma administra\u00e7\u00e3o que busca consolidar seu poder atrav\u00e9s do isolamento e do confronto. Em vez disso, deve agir como um bloco unido, capaz de enfrentar desafios e demonstrar sua capacidade de dialogar, negociar e construir um futuro que beneficie todos os seus habitantes. A Am\u00e9rica Latina tem o potencial para ser um ator chave no s\u00e9culo XXI, e esse \u00e9 o momento de provar isso. As pol\u00edticas de divis\u00e3o de Trump podem tentar levantar muros, mas n\u00e3o deter\u00e3o uma regi\u00e3o que busca avan\u00e7ar com dignidade e prop\u00f3sito.<\/p>\n\n\n\n<p><em><sub>Tradu\u00e7\u00e3o autom\u00e1tica revisada por Isabel Lima<\/sub><\/em><\/p>\n\n\n\n<p><\/p>\n","protected":false},"excerpt":{"rendered":"<p>A regi\u00e3o n\u00e3o pode se permitir ser o bode expiat\u00f3rio de uma administra\u00e7\u00e3o que busca consolidar seu poder atrav\u00e9s do isolamento e do confronto.<\/p>\n","protected":false},"author":385,"featured_media":46504,"comment_status":"closed","ping_status":"closed","sticky":false,"template":"","format":"standard","meta":{"_acf_changed":false,"episode_type":"","audio_file":"","cover_image":"","cover_image_id":"","duration":"","filesize":"","filesize_raw":"","date_recorded":"","explicit":"","block":"","itunes_episode_number":"","itunes_title":"","itunes_season_number":"","itunes_episode_type":"","footnotes":""},"categories":[16706,16758],"tags":[17187],"gps":[],"class_list":{"0":"post-46525","1":"post","2":"type-post","3":"status-publish","4":"format-standard","5":"has-post-thumbnail","7":"category-mexico-pt-br","8":"category-donald-trump-pt-br","9":"tag-debates-2"},"acf":[],"_links":{"self":[{"href":"https:\/\/latinoamerica21.com\/pt-br\/wp-json\/wp\/v2\/posts\/46525","targetHints":{"allow":["GET"]}}],"collection":[{"href":"https:\/\/latinoamerica21.com\/pt-br\/wp-json\/wp\/v2\/posts"}],"about":[{"href":"https:\/\/latinoamerica21.com\/pt-br\/wp-json\/wp\/v2\/types\/post"}],"author":[{"embeddable":true,"href":"https:\/\/latinoamerica21.com\/pt-br\/wp-json\/wp\/v2\/users\/385"}],"replies":[{"embeddable":true,"href":"https:\/\/latinoamerica21.com\/pt-br\/wp-json\/wp\/v2\/comments?post=46525"}],"version-history":[{"count":0,"href":"https:\/\/latinoamerica21.com\/pt-br\/wp-json\/wp\/v2\/posts\/46525\/revisions"}],"wp:featuredmedia":[{"embeddable":true,"href":"https:\/\/latinoamerica21.com\/pt-br\/wp-json\/wp\/v2\/media\/46504"}],"wp:attachment":[{"href":"https:\/\/latinoamerica21.com\/pt-br\/wp-json\/wp\/v2\/media?parent=46525"}],"wp:term":[{"taxonomy":"category","embeddable":true,"href":"https:\/\/latinoamerica21.com\/pt-br\/wp-json\/wp\/v2\/categories?post=46525"},{"taxonomy":"post_tag","embeddable":true,"href":"https:\/\/latinoamerica21.com\/pt-br\/wp-json\/wp\/v2\/tags?post=46525"},{"taxonomy":"gps","embeddable":true,"href":"https:\/\/latinoamerica21.com\/pt-br\/wp-json\/wp\/v2\/gps?post=46525"}],"curies":[{"name":"wp","href":"https:\/\/api.w.org\/{rel}","templated":true}]}}