{"id":46666,"date":"2025-02-04T09:00:00","date_gmt":"2025-02-04T12:00:00","guid":{"rendered":"https:\/\/latinoamerica21.com\/?p=46666"},"modified":"2025-02-03T10:13:24","modified_gmt":"2025-02-03T13:13:24","slug":"o-potencial-da-regiao-para-liderar-a-transicao-para-uma-economia-azul-sustentavel","status":"publish","type":"post","link":"https:\/\/latinoamerica21.com\/pt-br\/o-potencial-da-regiao-para-liderar-a-transicao-para-uma-economia-azul-sustentavel\/","title":{"rendered":"O potencial da regi\u00e3o para liderar a transi\u00e7\u00e3o para uma economia azul sustent\u00e1vel"},"content":{"rendered":"\n<p>A Am\u00e9rica Latina e o Caribe (ALC) abrigam 19% das ecorregi\u00f5es marinhas do mundo. Banhadas pelo Caribe, Atl\u00e2ntico, Ant\u00e1rtico e Pac\u00edfico, essas \u00e1guas desempenham um papel central na regula\u00e7\u00e3o clim\u00e1tica global e figuram entre os maiores reservat\u00f3rios de biodiversidade marinha do planeta. Al\u00e9m de concentrarem 25% da biodiversidade marinha global.<\/p>\n\n\n\n<p>Manguezais brasileiros e caribenhos s\u00e3o ber\u00e7\u00e1rios de vida, sequestrando e armazenando bilh\u00f5es de toneladas de carbono no solo, bem como nas \u00e1rvores, incluindo folhas, troncos e ra\u00edzes, conhecido como carbono azul. Esses ecossistemas podem armazenar at\u00e9 quatro vezes mais carbono por hectare do que florestas tropicais e ainda atuam como barreiras naturais contra tempestades tropicais, protegendo comunidades costeiras. No Pac\u00edfico, a Corrente de Humboldt, uma das mais produtivas do mundo, \u00e9 respons\u00e1vel por cerca de 20% da captura global de peixes, sustentando as economias do Chile e do Peru. S\u00f3 no Brasil, a economia azul representa aproximadamente 20% do PIB, destacando-se como um setor estrat\u00e9gico.&nbsp;&nbsp;<\/p>\n\n\n\n<p>No entanto, a acidifica\u00e7\u00e3o do oceano, causada pela maior absor\u00e7\u00e3o de CO\u2082 atmosf\u00e9rico pela \u00e1gua do mar, amea\u00e7a organismos como corais, crust\u00e1ceos e moluscos, afetando processos biol\u00f3gicos essenciais, como reprodu\u00e7\u00e3o, forma\u00e7\u00e3o de carapa\u00e7as e esqueletos, sinaliza\u00e7\u00e3o qu\u00edmica e comportamento alimentar. Milh\u00f5es de toneladas de pl\u00e1stico, fertilizantes agr\u00edcolas e agrot\u00f3xicos poluem o oceano, enquanto a sobrepesca e a perda de habitats amea\u00e7am ecossistemas marinhos.&nbsp; Essas press\u00f5es acumuladas comprometem a biodiversidade, os servi\u00e7os ecossist\u00eamicos e a subsist\u00eancia de milh\u00f5es, desencadeando um efeito domin\u00f3 na vida marinha e em setores-chave como turismo e pesca, pilares econ\u00f4micos da regi\u00e3o.&nbsp;<\/p>\n\n\n\n<p>Al\u00e9m disso, a minera\u00e7\u00e3o em \u00e1guas profundas, que carece de regulamenta\u00e7\u00e3o internacional efetiva e \u00e9 impulsionada pela crescente demanda por minerais raros, pode liberar sedimentos t\u00f3xicos e metais pesados. Essa atividade ocorre em um ambiente complexo, onde os impactos se espalham em v\u00e1rias dire\u00e7\u00f5es, afetando tanto o fundo do mar quanto as correntes oce\u00e2nicas que interligam diferentes regi\u00f5es do planeta. Paralelamente, a explora\u00e7\u00e3o de petr\u00f3leo offshore e o transporte mar\u00edtimo, essenciais para o com\u00e9rcio global, aumentam os riscos de derramamentos de petr\u00f3leo e da introdu\u00e7\u00e3o de esp\u00e9cies invasoras e pat\u00f3genos.&nbsp;<\/p>\n\n\n\n<p>As mudan\u00e7as clim\u00e1ticas ampliam os desafios \u00e0 biodiversidade, mas seus efeitos comprometem tamb\u00e9m economias e vidas humanas. Na regi\u00e3o, comunidades costeiras e em ilhas enfrentam uma combina\u00e7\u00e3o perigosa de impactos, como o aquecimento do oceano, aumento do n\u00edvel do mar, ondas de calor, ressacas extremas, chuvas torrenciais e enchentes, tornados, furac\u00f5es e eros\u00e3o costeira. Esses fen\u00f4menos amea\u00e7am a sobreviv\u00eancia de quem vive nesses territ\u00f3rios, e colocam em risco pilares econ\u00f4micos como o turismo e a infraestrutura portu\u00e1ria, abalando toda a cadeia produtiva da regi\u00e3o.&nbsp;&nbsp;<\/p>\n\n\n\n<p><strong><em>As crises do clima e da biodiversidade precisam do azul planet\u00e1rio&nbsp;&nbsp;<\/em><\/strong><\/p>\n\n\n\n<p>A Comiss\u00e3o Oceanogr\u00e1fica Intergovernamental da UNESCO tem colaborado com 23 pa\u00edses da regi\u00e3o na implementa\u00e7\u00e3o do <a href=\"https:\/\/trade.ec.europa.eu\/access-to-markets\/es\/content\/convenio-paneuromediterraneo-pem\">Planejamento Espacial Marinho (PEM)<\/a>, um processo p\u00fablico de an\u00e1lise e organiza\u00e7\u00e3o das atividades humanas em \u00e1reas marinhas. O PEM busca conciliar, de forma politicamente negociada, objetivos ecol\u00f3gicos, econ\u00f4micos e sociais, sendo essencial para a governan\u00e7a global do oceano e para o cumprimento das metas de acordos internacionais, como do Clima e da Biodiversidade.&nbsp;<\/p>\n\n\n\n<p>Solu\u00e7\u00f5es baseadas na natureza (SBN), como a restaura\u00e7\u00e3o de ecossistemas e iniciativas de economia regenerativa, s\u00e3o essenciais para reverter o colapso de servi\u00e7os <a href=\"https:\/\/latinoamerica21.com\/pt-br\/o-aquecimento-dos-oceanos-ja-afeta-a-vida-de-muitos-latino-americanos\/\">ecossist\u00eamicos marinhos<\/a> e assegurar a sustentabilidade socioecon\u00f4mica.&nbsp;<\/p>\n\n\n\n<p>A integra\u00e7\u00e3o entre PEM e SBN oferece um caminho transformador para alinhar as metas do clima e da biodiversidade, acelerando os esfor\u00e7os para mapear, restaurar e gerenciar de forma sustent\u00e1vel os ecossistemas marinhos e costeiros, promovendo tanto a resili\u00eancia clim\u00e1tica quanto a conserva\u00e7\u00e3o da biodiversidade.<\/p>\n\n\n\n<p><strong>Mecanismos financeiros e oportunidades<\/strong>&nbsp;<\/p>\n\n\n\n<p>Cerca de 23,2% das \u00e1reas marinhas da Am\u00e9rica Latina e Caribe (ALC) est\u00e3o sob alguma forma de conserva\u00e7\u00e3o, mas a expans\u00e3o e implementa\u00e7\u00e3o eficaz das \u00c1reas Marinhas Protegidas s\u00e3o cruciais para equilibrar crescimento econ\u00f4mico e conserva\u00e7\u00e3o da biodiversidade.<\/p>\n\n\n\n<p>Iniciativas como o recente acordo \u2018d\u00edvida por natureza\u2019 do Equador, que utiliza <em>blue bonds<\/em> para destinar US$ 12 milh\u00f5es anuais \u00e0 conserva\u00e7\u00e3o das Ilhas Gal\u00e1pagos, destacam o potencial de mecanismos financeiros inovadores. Ao longo de 20 anos, a iniciativa mobilizar\u00e1 US$ 450 milh\u00f5es, estabelecendo um modelo promissor para a regi\u00e3o.&nbsp;&nbsp;<\/p>\n\n\n\n<p>Os <em>blue bonds<\/em> emergem como instrumentos poderosos para financiar a conserva\u00e7\u00e3o ambiental e o desenvolvimento sustent\u00e1vel, alinhando preserva\u00e7\u00e3o \u00e0 redu\u00e7\u00e3o de d\u00edvidas soberanas. Exemplos como o Corredor Marinho do Pac\u00edfico Tropical Oriental, que conecta \u00e1reas protegidas da Costa Rica, Panam\u00e1, Col\u00f4mbia e Equador, demonstra como colabora\u00e7\u00f5es multilaterais fortalecem a conectividade ecol\u00f3gica e a conserva\u00e7\u00e3o.<\/p>\n\n\n\n<p>No Brasil, manguezais, recifes amaz\u00f4nicos e o maior banco de rodolitos do mundo destacam o potencial do pa\u00eds em iniciativas de carbono azul e cr\u00e9ditos de biodiversidade. Al\u00e9m disso, a regi\u00e3o de Abrolhos e Vit\u00f3ria-Trindade, candidata a Reserva da Biosfera, reafirma seu potencial a <em>blue bonds<\/em> e refor\u00e7a a posi\u00e7\u00e3o da Am\u00e9rica Latina como guardi\u00e3 de ecossistemas \u00fanicos e estrat\u00e9gicos do planeta.&nbsp;<\/p>\n\n\n\n<p>Pol\u00edticas de pagamento por servi\u00e7os ambientais podem incluir comunidades tradicionais e povos ind\u00edgenas na conserva\u00e7\u00e3o da biodiversidade, integrando-se a planos e estrat\u00e9gias nacionais e regionais. Essas iniciativas promovem a economia regenerativa, justi\u00e7a socioambiental e reconhecem o papel ativo dessas comunidades na conserva\u00e7\u00e3o da natureza, podendo ainda apoiar as Contribui\u00e7\u00f5es Nacionalmente Determinadas (NDCs) e a implementa\u00e7\u00e3o de Estrat\u00e9gias e Planos de A\u00e7\u00e3o Nacionais para a Biodiversidade (NBSAPs).&nbsp;<\/p>\n\n\n\n<p><strong>O futuro azul da Am\u00e9rica Latina e o Caribe: colapso ou inova\u00e7\u00e3o?&nbsp;<\/strong><\/p>\n\n\n\n<p>A crescente vulnerabilidade da riqueza marinha \u00e0s press\u00f5es globais demanda a\u00e7\u00f5es urgentes e coordenadas. Com governan\u00e7a s\u00f3lida e parcerias p\u00fablico-privadas, a Am\u00e9rica Latina e o Caribe t\u00eam o potencial de liderar a transi\u00e7\u00e3o para uma economia azul sustent\u00e1vel. A expans\u00e3o de \u00c1reas Marinhas Protegidas e o uso de instrumentos financeiros inovadores fortalecem a conserva\u00e7\u00e3o da biodiversidade, impulsionam a economia regional e integram-se a planos nacionais e regionais alinhados a acordos globais, como os do Clima e da Biodiversidade.&nbsp;<\/p>\n\n\n\n<p>Este modelo orquestra uma transi\u00e7\u00e3o para potencializar o capital natural do Sul Global e fornecer servi\u00e7os ecossist\u00eamicos essenciais, garantindo a subsist\u00eancia de milh\u00f5es e a sa\u00fade do planeta. Ser\u00e1 a Am\u00e9rica Latina e o Caribe v\u00edtimas do colapso iminente ou l\u00edderes da transforma\u00e7\u00e3o?<\/p>\n\n\n\n<p><em><sub>*Texto produzido em conjunto com o Instituto Interamericano de Pesquisa sobre Mudan\u00e7as Globais (IAI). As opini\u00f5es expressas nesta publica\u00e7\u00e3o s\u00e3o dos autores e n\u00e3o necessariamente das suas organiza\u00e7\u00f5es.<\/sub><\/em><\/p>\n\n\n\n<p><\/p>\n","protected":false},"excerpt":{"rendered":"<p>Com governan\u00e7a s\u00f3lida e parcerias p\u00fablico-privadas, a Am\u00e9rica Latina e o Caribe t\u00eam o potencial de liderar a transi\u00e7\u00e3o para uma economia azul sustent\u00e1vel.<\/p>\n","protected":false},"author":447,"featured_media":46659,"comment_status":"closed","ping_status":"closed","sticky":false,"template":"","format":"standard","meta":{"_acf_changed":false,"episode_type":"","audio_file":"","cover_image":"","cover_image_id":"","duration":"","filesize":"","filesize_raw":"","date_recorded":"","explicit":"","block":"","itunes_episode_number":"","itunes_title":"","itunes_season_number":"","itunes_episode_type":"","footnotes":""},"categories":[17102,16751],"tags":[17187],"gps":[],"class_list":{"0":"post-46666","1":"post","2":"type-post","3":"status-publish","4":"format-standard","5":"has-post-thumbnail","7":"category-biodiversidad-pt-br","8":"category-medioambiente-pt-br","9":"tag-debates-2"},"acf":[],"_links":{"self":[{"href":"https:\/\/latinoamerica21.com\/pt-br\/wp-json\/wp\/v2\/posts\/46666","targetHints":{"allow":["GET"]}}],"collection":[{"href":"https:\/\/latinoamerica21.com\/pt-br\/wp-json\/wp\/v2\/posts"}],"about":[{"href":"https:\/\/latinoamerica21.com\/pt-br\/wp-json\/wp\/v2\/types\/post"}],"author":[{"embeddable":true,"href":"https:\/\/latinoamerica21.com\/pt-br\/wp-json\/wp\/v2\/users\/447"}],"replies":[{"embeddable":true,"href":"https:\/\/latinoamerica21.com\/pt-br\/wp-json\/wp\/v2\/comments?post=46666"}],"version-history":[{"count":0,"href":"https:\/\/latinoamerica21.com\/pt-br\/wp-json\/wp\/v2\/posts\/46666\/revisions"}],"wp:featuredmedia":[{"embeddable":true,"href":"https:\/\/latinoamerica21.com\/pt-br\/wp-json\/wp\/v2\/media\/46659"}],"wp:attachment":[{"href":"https:\/\/latinoamerica21.com\/pt-br\/wp-json\/wp\/v2\/media?parent=46666"}],"wp:term":[{"taxonomy":"category","embeddable":true,"href":"https:\/\/latinoamerica21.com\/pt-br\/wp-json\/wp\/v2\/categories?post=46666"},{"taxonomy":"post_tag","embeddable":true,"href":"https:\/\/latinoamerica21.com\/pt-br\/wp-json\/wp\/v2\/tags?post=46666"},{"taxonomy":"gps","embeddable":true,"href":"https:\/\/latinoamerica21.com\/pt-br\/wp-json\/wp\/v2\/gps?post=46666"}],"curies":[{"name":"wp","href":"https:\/\/api.w.org\/{rel}","templated":true}]}}