{"id":46683,"date":"2025-02-05T09:00:00","date_gmt":"2025-02-05T12:00:00","guid":{"rendered":"https:\/\/latinoamerica21.com\/?p=46683"},"modified":"2025-02-04T10:24:45","modified_gmt":"2025-02-04T13:24:45","slug":"milei-e-a-construcao-de-um-partido-que-o-fara-perdurar","status":"publish","type":"post","link":"https:\/\/latinoamerica21.com\/pt-br\/milei-e-a-construcao-de-um-partido-que-o-fara-perdurar\/","title":{"rendered":"Milei e a constru\u00e7\u00e3o de um partido que o far\u00e1 perdurar"},"content":{"rendered":"\n<p>A constru\u00e7\u00e3o de partidos para os dirigentes \u201coutsiders\u201d \u00e9 essencial para sua sobreviv\u00eancia, e a experi\u00eancia da Argentina mostra que, para sobreviver na pol\u00edtica, \u00e9 necess\u00e1rio <a href=\"https:\/\/latinoamerica21.com\/pt-br\/e-possivel-haver-democracia-sem-partidos-politicos\/\">formar um partido pol\u00edtico<\/a>. Ciente disso, ao longo de seu primeiro ano no cargo, um dos objetivos de Javier Milei foi criar seu partido para permanecer competitivo do ponto de vista eleitoral.<\/p>\n\n\n\n<p>O ano de 2025 \u00e9 um ano de especial relev\u00e2ncia para a presid\u00eancia de Javier Milei. N\u00e3o apenas por causa do contexto internacional ou da visibilidade que ele ganhou na m\u00eddia global e na agenda pol\u00edtica. \u00c9 porque em 2025 ele ter\u00e1 que passar pelo <a href=\"https:\/\/chequeado.com\/el-explicador\/calendario-electoral-2025-que-se-vota-cuando-y-donde\/\">primeiro teste eleitoral<\/a>. Nas elei\u00e7\u00f5es de 2021 e 2023, o atual presidente argentino concorreu como um \u201ccandidato antissistema\u201d. Em outras palavras, ele concentrou suas propostas em uma formula\u00e7\u00e3o cl\u00e1ssica de \u201cn\u00f3s contra eles\u201d, em que o \u201celes\u201d era a classe e o sistema pol\u00edtico como um todo, que ele chamou de \u201ccasta\u201d. No entanto, quando esses movimentos e l\u00edderes chegam ao governo, eles precisam se reinventar, pois j\u00e1 est\u00e3o \u00e0 frente do sistema.<\/p>\n\n\n\n<p>Milei venceu as elei\u00e7\u00f5es de 2023 com uma candidatura ad hoc, sem um partido, com uma alian\u00e7a fraca chamada \u201cLa Libertad Avanza\u201d. Em termos de apoio \u00e0 estrutura partid\u00e1ria, La Libertad Avanza (LLA) era desconhecida do eleitorado argentino e, nas elei\u00e7\u00f5es prim\u00e1rias e gerais, teve v\u00e1rios problemas para conseguir representantes nas se\u00e7\u00f5es eleitorais. Na verdade, para o segundo turno, a principal contribui\u00e7\u00e3o de Mauricio Macri para o setor mile\u00edsta foi fornecer a ele grande parte da estrutura de supervis\u00e3o de seu partido, o Pro, a n\u00edvel nacional. Isso tornou Milei um candidato vi\u00e1vel e, por fim, vencedor. Desde sua vit\u00f3ria em novembro de 2023, um dos maiores esfor\u00e7os de Milei tem sido formar uma for\u00e7a pol\u00edtica.<\/p>\n\n\n\n<p>Sob a lideran\u00e7a de Karina Milei, secret\u00e1ria geral da presid\u00eancia, e do estrategista do governo, Santiago Caputo, o La Libertad Avanza iniciou um caminho de constru\u00e7\u00e3o partid\u00e1ria, que tomou v\u00e1rias medidas. Uma das primeiras etapas foi um expurgo, que incluiu a solidifica\u00e7\u00e3o dos relativamente pequenos blocos pr\u00f3-governo no Congresso Nacional e a cria\u00e7\u00e3o de uma forte disciplina partid\u00e1ria. Isso levou ao surgimento de blocos alternativos, n\u00e3o pertencentes \u00e0 LLA, com membros originalmente escolhidos pelo partido no poder. Os casos mais not\u00e1veis s\u00e3o a expuls\u00e3o do bloco do senador Francisco Paoltroni e as sa\u00eddas dos deputados Zago e Arrieta, no contexto de conflitos com o governo. Em alguns casos, esses deputados continuaram a apoiar o executivo, enquanto em outros se tornaram opositores. Em outros casos, como o de Carolina P\u00edparo, eles deixaram o bloco pr\u00f3-governo e retornaram algum tempo depois.<\/p>\n\n\n\n<p>Uma vez consolidada a base mileista, houve duas situa\u00e7\u00f5es simult\u00e2neas na constru\u00e7\u00e3o do partido: a formaliza\u00e7\u00e3o de um partido pol\u00edtico como uma figura legal para competir eleitoralmente &#8211; e n\u00e3o depender de alian\u00e7as com outros partidos &#8211; e a estrutura\u00e7\u00e3o e consolida\u00e7\u00e3o de blocos partid\u00e1rios nas diferentes legislaturas provinciais (semelhante ao que aconteceu em n\u00edvel nacional). Isso destaca um elemento crucial da constru\u00e7\u00e3o do partido: como qualquer partido, o LLA tem linhas internas. Dois exemplos disso s\u00e3o o conflito interno na Legislatura da Cidade de Buenos Aires entre o setor liderado por Ramiro Marra e um setor alinhado com Karina Milei; e as elei\u00e7\u00f5es internas do partido realizadas em janeiro em Entre R\u00edos, onde houve certos n\u00edveis de conflito, mas um processo que foi reconhecido internamente por todas as partes.<\/p>\n\n\n\n<p>A partir da\u00ed, Milei come\u00e7ou a delinear sua estrat\u00e9gia para as elei\u00e7\u00f5es de 2025, diferenciando-se de seus aliados, em particular do Pro e de Mauricio Macri. Os objetivos de ambos os partidos s\u00e3o diferentes: enquanto o LLA precisa vencer as elei\u00e7\u00f5es para endossar sua gest\u00e3o e aumentar seu contingente legislativo, o Pro pensa em manter suas cotas de poder e influ\u00eancia e, principalmente, fazer uma boa elei\u00e7\u00e3o na Cidade de Buenos Aires.<\/p>\n\n\n\n<p>Embora, at\u00e9 certo ponto, esses objetivos possam ser convergentes, a press\u00e3o do Pro \u00e9 contr\u00e1ria \u00e0 necessidade do LLA de liderar o processo. Por esse motivo, nos \u00faltimos dias houve atrito entre as duas for\u00e7as e, ao mesmo tempo, para refor\u00e7ar seu poder territorial, o LLA saiu para conquistar os l\u00edderes do Pro. A primeira pe\u00e7a importante desse processo \u00e9 o l\u00edder do distrito de Tres de Febrero, na regi\u00e3o metropolitana de Buenos Aires, Diego Valenzuela.<\/p>\n\n\n\n<p>Para que Milei, que chegou como um <em>outsider<\/em>, consiga se sustentar ao longo do tempo, \u00e9 essencial que ele crie seu pr\u00f3prio partido. O mesmo aconteceu com Jos\u00e9 Antonio Kast no Chile, que, em seu processo de dissid\u00eancia das for\u00e7as pol\u00edticas tradicionais de direita, teve de criar seu \u201cPartido Republicano\u201d e, a partir da\u00ed, sair para competir em processos eleitorais nos quais ele n\u00e3o era &#8211; e n\u00e3o podia ser &#8211; candidato. Embora tenha perdido apoio eleitoral (e apoio na opini\u00e3o p\u00fablica) nesse processo, a constru\u00e7\u00e3o do partido permitiu que ele estruturasse sua oferta e a tornasse mais clara.<\/p>\n\n\n\n<p>O outro lado desse processo \u00e9 o<em> bolsonarismo<\/em>, que, de forma semelhante a Javier Milei, tentou criar um partido pol\u00edtico dentro do governo. Entretanto, dada a natureza do sistema partid\u00e1rio e do federalismo brasileiro, isso se mostrou imposs\u00edvel. Sua estrutura ainda \u00e9 povoada por coaliz\u00f5es de lideran\u00e7as de direita em todo o Brasil. Isso n\u00e3o impede que Bolsonaro e o <em>bolsonarismo<\/em> mantenham uma posi\u00e7\u00e3o competitiva, mudando o eixo da pol\u00edtica brasileira.<\/p>\n\n\n\n<p>O tempo, e este ano em particular, mostrar\u00e1 se Milei est\u00e1 mais pr\u00f3ximo do \u201cmodelo Kast\u201d ou do \u201cmodelo Bolsonaro\u201d. Em outras palavras, se estamos diante de um l\u00edder que procura deixar uma ideia clara ou buscar coaliz\u00f5es que tornem as a\u00e7\u00f5es de seu governo sustent\u00e1veis.<\/p>\n\n\n\n<p><em><sub>Tradu\u00e7\u00e3o autom\u00e1tica revisada por Giulia Gaspar.<\/sub><\/em><\/p>\n","protected":false},"excerpt":{"rendered":"<p>O ano de 2025 \u00e9 um ano de especial relev\u00e2ncia para a presid\u00eancia de Javier Milei porque dever\u00e1 superar a primeira prova eleitoral desde que est\u00e1 no poder.<\/p>\n","protected":false},"author":710,"featured_media":46675,"comment_status":"closed","ping_status":"closed","sticky":false,"template":"","format":"standard","meta":{"_acf_changed":false,"episode_type":"","audio_file":"","cover_image":"","cover_image_id":"","duration":"","filesize":"","filesize_raw":"","date_recorded":"","explicit":"","block":"","itunes_episode_number":"","itunes_title":"","itunes_season_number":"","itunes_episode_type":"","footnotes":""},"categories":[16960,16708],"tags":[15839],"gps":[],"class_list":{"0":"post-46683","1":"post","2":"type-post","3":"status-publish","4":"format-standard","5":"has-post-thumbnail","7":"category-javier-milei-pt-br","8":"category-politica-pt-br","9":"tag-ideias-pt-br"},"acf":[],"_links":{"self":[{"href":"https:\/\/latinoamerica21.com\/pt-br\/wp-json\/wp\/v2\/posts\/46683","targetHints":{"allow":["GET"]}}],"collection":[{"href":"https:\/\/latinoamerica21.com\/pt-br\/wp-json\/wp\/v2\/posts"}],"about":[{"href":"https:\/\/latinoamerica21.com\/pt-br\/wp-json\/wp\/v2\/types\/post"}],"author":[{"embeddable":true,"href":"https:\/\/latinoamerica21.com\/pt-br\/wp-json\/wp\/v2\/users\/710"}],"replies":[{"embeddable":true,"href":"https:\/\/latinoamerica21.com\/pt-br\/wp-json\/wp\/v2\/comments?post=46683"}],"version-history":[{"count":0,"href":"https:\/\/latinoamerica21.com\/pt-br\/wp-json\/wp\/v2\/posts\/46683\/revisions"}],"wp:featuredmedia":[{"embeddable":true,"href":"https:\/\/latinoamerica21.com\/pt-br\/wp-json\/wp\/v2\/media\/46675"}],"wp:attachment":[{"href":"https:\/\/latinoamerica21.com\/pt-br\/wp-json\/wp\/v2\/media?parent=46683"}],"wp:term":[{"taxonomy":"category","embeddable":true,"href":"https:\/\/latinoamerica21.com\/pt-br\/wp-json\/wp\/v2\/categories?post=46683"},{"taxonomy":"post_tag","embeddable":true,"href":"https:\/\/latinoamerica21.com\/pt-br\/wp-json\/wp\/v2\/tags?post=46683"},{"taxonomy":"gps","embeddable":true,"href":"https:\/\/latinoamerica21.com\/pt-br\/wp-json\/wp\/v2\/gps?post=46683"}],"curies":[{"name":"wp","href":"https:\/\/api.w.org\/{rel}","templated":true}]}}