{"id":46873,"date":"2025-02-14T15:00:00","date_gmt":"2025-02-14T18:00:00","guid":{"rendered":"https:\/\/latinoamerica21.com\/?p=46873"},"modified":"2025-02-13T10:19:48","modified_gmt":"2025-02-13T13:19:48","slug":"petro-trump-e-o-mundo-depois-dos-estados-unidos","status":"publish","type":"post","link":"https:\/\/latinoamerica21.com\/pt-br\/petro-trump-e-o-mundo-depois-dos-estados-unidos\/","title":{"rendered":"Petro, Trump e o mundo depois dos Estados Unidos"},"content":{"rendered":"\n<p>A disputa diplom\u00e1tica entre <a href=\"https:\/\/latinoamerica21.com\/pt-br\/a-crise-dos-avioes-tensiona-as-relacoes-entre-colombia-e-estados-unidos\/\">Donald Trump e Gustavo Petro<\/a> (bem como as medidas anunciadas pelo presidente dos Estados Unidos desde que assumiu o cargo) colocou os holofotes em um aspecto fundamental das rela\u00e7\u00f5es internacionais contempor\u00e2neas: <strong>a constru\u00e7\u00e3o acelerada de um mundo p\u00f3s- Estados Unidos<\/strong>. Isso representa para a Col\u00f4mbia o desafio monumental de construir uma maior autonomia pol\u00edtica e econ\u00f4mica em suas rela\u00e7\u00f5es internacionais. Embora as caracter\u00edsticas do mundo emergente ainda n\u00e3o estejam claras, podemos ver alguns dos aspectos que os Estados Unidos est\u00e3o deixando para tr\u00e1s: a defesa ferrenha do livre com\u00e9rcio, as institui\u00e7\u00f5es internacionais e o ideal de ser o farol global da liberdade e da democracia.<\/p>\n\n\n\n<p>Para uma parte importante da elite pol\u00edtica colombiana (e latino-americana), \u00e9 dif\u00edcil aceitar essa transi\u00e7\u00e3o. Tamb\u00e9m \u00e9 dif\u00edcil para os meios de comunica\u00e7\u00e3o hegem\u00f4nicos. O imagin\u00e1rio pr\u00f3- Estados Unidos ainda \u00e9 forte, e \u00e9 por isso que eles esperam que o alinhamento pol\u00edtico e as boas maneiras diplom\u00e1ticas continuem a nos proteger da intimida\u00e7\u00e3o dos Estados Unidos.<\/p>\n\n\n\n<p>Nada poderia estar mais longe da verdade. Embora valha a pena evitar ao m\u00e1ximo novos e prolongados confrontos, mesmo a ret\u00f3rica mais ass\u00e9ptica n\u00e3o nos proteger\u00e1 de Trump ou das realidades estruturais do mundo emergente. \u00c9 nesse ponto que os defensores de sempre manter a cabe\u00e7a baixa est\u00e3o errados. Mas isso n\u00e3o significa ser imprudente e nos colocar na mira sempre que houver uma controv\u00e9rsia. Tamb\u00e9m devemos jogar o jogo de longo prazo, deixando de lado a arrog\u00e2ncia e melhorando nosso jogo de diplomacia estrat\u00e9gica.<\/p>\n\n\n\n<p><strong>T\u00e1ticas e estrat\u00e9gias em um mundo mais conflituoso<\/strong><\/p>\n\n\n\n<p>O panorama internacional mostra um conflito crescente que levou atores como a Uni\u00e3o Europeia a querer reduzir suas depend\u00eancias comerciais e buscar maior \u201c<a href=\"https:\/\/www.eeas.europa.eu\/eeas\/por-qu%C3%A9-es-importante-la-autonom%C3%ADa-estrat%C3%A9gica-europea_es\">autonomia estrat\u00e9gica<\/a>\u201d no contexto dos confrontos econ\u00f4micos entre os <a href=\"https:\/\/latinoamerica21.com\/pt-br\/a-politica-isolacionista-de-trump-risco-ou-oportunidade-para-a-china-na-regiao\/\">Estados Unidos e a China<\/a>. O confronto Trump-Petro tem se mostrado um sintoma, n\u00e3o apenas para a classe pol\u00edtica, mas tamb\u00e9m para as associa\u00e7\u00f5es econ\u00f4micas, dos perigos da depend\u00eancia excessiva dos Estados Unidos de Trump.<\/p>\n\n\n\n<p>A tarefa que isso representa n\u00e3o \u00e9 simples, mas \u00e9 de extrema import\u00e2ncia e urg\u00eancia. Os la\u00e7os comerciais e pol\u00edticos com outros atores internacionais (na \u00c1sia e na \u00c1frica, por exemplo) precisam ser fortalecidos. Isso implica n\u00e3o apenas um esfor\u00e7o estrat\u00e9gico e diplom\u00e1tico para aprofundar as rela\u00e7\u00f5es e construir novas agendas, mas tamb\u00e9m um apoio decisivo para que as empresas se abram a novos mercados. Nunca \u00e9 demais enfatizar que isso tamb\u00e9m deve envolver uma transforma\u00e7\u00e3o produtiva ainda mais ambiciosa, que possa nos livrar do peso da depend\u00eancia de nossa economia em rela\u00e7\u00e3o \u00e0s mat\u00e9rias-primas e seus pre\u00e7os internacionais vol\u00e1teis.<\/p>\n\n\n\n<p>Como a Comiss\u00e3o Econ\u00f4mica para a Am\u00e9rica Latina e o Caribe (CEPAL) apontou em v\u00e1rios relat\u00f3rios, uma das maneiras de conseguir isso \u00e9 uma maior integra\u00e7\u00e3o regional. Embora pare\u00e7a dif\u00edcil fazer muito progresso na agenda de integra\u00e7\u00e3o no contexto atual de profundos antagonismos pol\u00edticos internos e regionais, trata-se de um imperativo. Talvez as crescentes amea\u00e7as dos Estados Unidos possam ser um novo incentivo para aprofundar os la\u00e7os, mesmo que o recente cancelamento da reuni\u00e3o da Comunidade de Estados Latino-Americanos e Caribenhos (CELAC) nos obrigue a manter a cautela.<\/p>\n\n\n\n<p>Uma das f\u00f3rmulas que temos discutido no meio acad\u00eamico \u00e9 promover a integra\u00e7\u00e3o de forma mais segmentada e n\u00e3o com organiza\u00e7\u00f5es que abrangem muitas quest\u00f5es. Tamb\u00e9m \u00e9 poss\u00edvel se concentrar em quest\u00f5es que geram um consenso m\u00ednimo com v\u00e1rios pa\u00edses da regi\u00e3o. A CEPAL destaca, por exemplo, a urg\u00eancia de construir uma maior autossufici\u00eancia em sa\u00fade (o que a pandemia demonstrou) e em alimentos (o que a invas\u00e3o russa na Ucr\u00e2nia enfatizou).<\/p>\n\n\n\n<p><strong>Imaginar politicamente o dia depois dos Estados Unidos<\/strong><\/p>\n\n\n\n<p>Al\u00e9m de construir maior autonomia nacional e regional e de nos defendermos dos ataques comerciais e pol\u00edticos dos Estados Unidos, tamb\u00e9m \u00e9 necess\u00e1rio pensar de forma mais radical sobre o mundo que queremos construir. O avan\u00e7o global da extrema direita tem como objetivo jogar por terra muitas das conquistas de direitos obtidas nas \u00faltimas d\u00e9cadas. Nossa resposta n\u00e3o pode ser meramente defensiva e reativa. Devemos tamb\u00e9m ser capazes de imaginar politicamente esse mundo al\u00e9m dos Estados Unidos e construir uma agenda concreta para materializ\u00e1-lo.<\/p>\n\n\n\n<p>A Col\u00f4mbia tem se comprometido com algumas ideias e pol\u00edticas nessa dire\u00e7\u00e3o: a pol\u00edtica externa feminista, o imposto sobre os super-ricos e o compromisso com a transi\u00e7\u00e3o clim\u00e1tica e energ\u00e9tica. Tamb\u00e9m \u00e9 essencial: reformar as institui\u00e7\u00f5es de governan\u00e7a global e avan\u00e7ar em dire\u00e7\u00e3o a novas institui\u00e7\u00f5es que possam ser mais eficazes e mais justas; promover um multilateralismo renovado, com abordagens que representem melhor as necessidades do sul global e permitam a participa\u00e7\u00e3o equitativa de todos os atores internacionais; e defender ferozmente que o direito internacional n\u00e3o seja aplicado seletivamente em conflitos como os de Gaza e da Ucr\u00e2nia.<\/p>\n\n\n\n<p>Todos os itens acima tamb\u00e9m devem apontar para objetivos sociais espec\u00edficos, como a erradica\u00e7\u00e3o da fome em n\u00edvel global &#8211; uma bandeira que o governo brasileiro tem defendido com veem\u00eancia. Ousemos imaginar um mundo radicalmente diferente e avancemos com intelig\u00eancia, autonomia e diplomacia para torn\u00e1-lo realidade. Autonomia implica diplomacia econ\u00f4mica ativa, reformula\u00e7\u00e3o das pol\u00edticas industriais e fortalecimento da pesquisa e do desenvolvimento tecnol\u00f3gico. Esse deve ser um compromisso nacional constru\u00eddo com as cidades e regi\u00f5es e com todos os atores sociais, pol\u00edticos e econ\u00f4micos.<\/p>\n\n\n\n<p>Al\u00e9m disso, a autonomia n\u00e3o \u00e9 um presente ou uma declara\u00e7\u00e3o de inten\u00e7\u00f5es: \u00e9 uma constru\u00e7\u00e3o pol\u00edtica, econ\u00f4mica e cultural que exige determina\u00e7\u00e3o e vontade pol\u00edtica.<\/p>\n\n\n\n<p>O mundo est\u00e1 mudando; \u00e9 hora de a Col\u00f4mbia mudar tamb\u00e9m.<\/p>\n\n\n\n<p><em><sub>Tradu\u00e7\u00e3o autom\u00e1tica revisada por Giulia Gaspar.\u00a0<\/sub><\/em><\/p>\n\n\n\n<p><\/p>\n","protected":false},"excerpt":{"rendered":"<p>A autonomia n\u00e3o \u00e9 um presente ou uma declara\u00e7\u00e3o de inten\u00e7\u00f5es: \u00e9 uma constru\u00e7\u00e3o pol\u00edtica, econ\u00f4mica e cultural que exige determina\u00e7\u00e3o e vontade pol\u00edtica.<\/p>\n","protected":false},"author":716,"featured_media":46862,"comment_status":"closed","ping_status":"closed","sticky":false,"template":"","format":"standard","meta":{"_acf_changed":false,"episode_type":"","audio_file":"","cover_image":"","cover_image_id":"","duration":"","filesize":"","filesize_raw":"","date_recorded":"","explicit":"","block":"","itunes_episode_number":"","itunes_title":"","itunes_season_number":"","itunes_episode_type":"","footnotes":""},"categories":[17008,16758],"tags":[17187],"gps":[],"class_list":{"0":"post-46873","1":"post","2":"type-post","3":"status-publish","4":"format-standard","5":"has-post-thumbnail","7":"category-gustavo-petro-es-pt-br","8":"category-donald-trump-pt-br","9":"tag-debates-2"},"acf":[],"_links":{"self":[{"href":"https:\/\/latinoamerica21.com\/pt-br\/wp-json\/wp\/v2\/posts\/46873","targetHints":{"allow":["GET"]}}],"collection":[{"href":"https:\/\/latinoamerica21.com\/pt-br\/wp-json\/wp\/v2\/posts"}],"about":[{"href":"https:\/\/latinoamerica21.com\/pt-br\/wp-json\/wp\/v2\/types\/post"}],"author":[{"embeddable":true,"href":"https:\/\/latinoamerica21.com\/pt-br\/wp-json\/wp\/v2\/users\/716"}],"replies":[{"embeddable":true,"href":"https:\/\/latinoamerica21.com\/pt-br\/wp-json\/wp\/v2\/comments?post=46873"}],"version-history":[{"count":0,"href":"https:\/\/latinoamerica21.com\/pt-br\/wp-json\/wp\/v2\/posts\/46873\/revisions"}],"wp:featuredmedia":[{"embeddable":true,"href":"https:\/\/latinoamerica21.com\/pt-br\/wp-json\/wp\/v2\/media\/46862"}],"wp:attachment":[{"href":"https:\/\/latinoamerica21.com\/pt-br\/wp-json\/wp\/v2\/media?parent=46873"}],"wp:term":[{"taxonomy":"category","embeddable":true,"href":"https:\/\/latinoamerica21.com\/pt-br\/wp-json\/wp\/v2\/categories?post=46873"},{"taxonomy":"post_tag","embeddable":true,"href":"https:\/\/latinoamerica21.com\/pt-br\/wp-json\/wp\/v2\/tags?post=46873"},{"taxonomy":"gps","embeddable":true,"href":"https:\/\/latinoamerica21.com\/pt-br\/wp-json\/wp\/v2\/gps?post=46873"}],"curies":[{"name":"wp","href":"https:\/\/api.w.org\/{rel}","templated":true}]}}