{"id":47169,"date":"2025-03-05T09:00:00","date_gmt":"2025-03-05T12:00:00","guid":{"rendered":"https:\/\/latinoamerica21.com\/?p=47169"},"modified":"2025-03-04T19:07:33","modified_gmt":"2025-03-04T22:07:33","slug":"os-carteis-organizacoes-terroristas-no-mexico","status":"publish","type":"post","link":"https:\/\/latinoamerica21.com\/pt-br\/os-carteis-organizacoes-terroristas-no-mexico\/","title":{"rendered":"Os carteis: \u201corganiza\u00e7\u00f5es terroristas\u201d no M\u00e9xico"},"content":{"rendered":"\n<p>O an\u00fancio h\u00e1 muito anunciado na arena pol\u00edtica estadunidense chegou. O Registro Federal dos Estados Unidos designou seis carteis mexicanos como organiza\u00e7\u00f5es terroristas estrangeiras e, <em>ipso facto<\/em>, o Departamento de Estado e o Departamento do Tesouro o oficializaram.<\/p>\n\n\n\n<p>Trata-se dos <a href=\"https:\/\/www.bbc.com\/mundo\/articles\/c805kp4eke5o\">carteis<\/a> de Sinaloa, Jalisco Nueva Generaci\u00f3n, Noreste, Golfo, Abuelo e Unidos. Estamos falando de todos esses grupos do crime organizado que, somados, est\u00e3o nos 32 estados da federa\u00e7\u00e3o. E a maioria deles tem conex\u00f5es internacionais.&nbsp;<\/p>\n\n\n\n<p>Ou seja, a designa\u00e7\u00e3o n\u00e3o \u00e9 pequena, mas de extrema relev\u00e2ncia para as <a href=\"https:\/\/latinoamerica21.com\/pt-br\/trump-e-o-hemisferio-em-tensao\/\">rela\u00e7\u00f5es entre Estados Unidos e M\u00e9xico<\/a>. Portanto, \u00e9 importante a resposta da Presidente Claudia Sheinbaum, que manteve uma linha de argumenta\u00e7\u00e3o baseada na \u201csoberania e na n\u00e3o interfer\u00eancia de estrangeiros\u201d, na aposta discursiva de \u201ccolabora\u00e7\u00e3o e coopera\u00e7\u00e3o\u201d entre as duas na\u00e7\u00f5es.&nbsp;<\/p>\n\n\n\n<p>Embora existam contatos institucionais e acordos entre os respons\u00e1veis pol\u00edticos de seguran\u00e7a dos dois pa\u00edses, os exerc\u00edcios estadunidense est\u00e3o nos avi\u00f5es, drones e navios militares que cruzam a terra, o ar e o mar, o que poderia ir al\u00e9m dessas mesas de negocia\u00e7\u00e3o; na verdade, j\u00e1 vai al\u00e9m delas, seja porque fazem parte dos acordos ou por<em> motu proprio<\/em> dos EUA.<\/p>\n\n\n\n<p>Acima de tudo, pelas caracter\u00edsticas da estrat\u00e9gia do governo dos Estados Unidos, que parece operar no mundo sem pedir permiss\u00e3o e submetendo as na\u00e7\u00f5es a press\u00f5es militares e tarif\u00e1rias que deixam pouca margem de manobra para os l\u00edderes pol\u00edticos que respondem n\u00e3o s\u00f3, como disse a presidente Sheinbaum, aos princ\u00edpios de seu projeto pol\u00edtico, mas \u00e0s for\u00e7as da narcopol\u00edtica que construiram ao longo de d\u00e9cadas, como demonstram as pesquisas acad\u00eamicas do soci\u00f3logo Luis Astorga e dezenas de investiga\u00e7\u00f5es jornal\u00edsticas.&nbsp;<\/p>\n\n\n\n<p>E elas est\u00e3o, inclusive, em seu pr\u00f3prio movimento pol\u00edtico. N\u00e3o basta a presidente dizer que est\u00e1 em sintonia com o governo estadunidense na luta contra as agora \u201corganiza\u00e7\u00f5es terroristas\u201d; ela deve agir cumprindo a lei. Primeiro, porque o artigo 139 do C\u00f3digo Penal Federal define e pune os atos de terrorismo. Essa disposi\u00e7\u00e3o descreve um retrato falado do terrorismo em curso todos os dias: \u201cSer\u00e1 imposta pena de pris\u00e3o de quinze a quarenta anos e multa de quatrocentos a mil e duzentos dias, sem preju\u00edzo das penas que correspondam a outros delitos decorrentes: I. Aquele que, utilizando subst\u00e2ncias t\u00f3xicas, armas qu\u00edmicas, biol\u00f3gicas ou similares, material radioativo, material nuclear, combust\u00edvel nuclear, mineral radioativo, fonte de radia\u00e7\u00e3o ou instrumentos que emitam radia\u00e7\u00e3o, explosivos ou armas de fogo, ou por meio de inc\u00eandio, inunda\u00e7\u00e3o ou qualquer outro meio violento, praticar intencionalmente atos contra bens ou servi\u00e7os p\u00fablicos ou privados, ou contra a integridade f\u00edsica ou emocional ou a vida de pessoas, que produzam alarme, medo ou terror na popula\u00e7\u00e3o ou em um grupo ou setor dela, para atentar contra a seguran\u00e7a nacional ou pressionar a autoridade ou um particular, ou for\u00e7\u00e1-lo a tomar uma decis\u00e3o&#8230;\u201d.<\/p>\n\n\n\n<p>Essa norma tem sido letra morta h\u00e1 muitos anos, os anos em que o crime organizado deixou de ser uma atividade menor de um grupo de fazendeiros no Tri\u00e2ngulo Dourado (Sinaloa, Chihuahua e Durango) para se tornar uma organiza\u00e7\u00e3o consolidada com conex\u00f5es internacionais.&nbsp;<\/p>\n\n\n\n<p>E \u00e9 nesse ponto que estamos. Sheinbaum sabe que a narcopol\u00edtica, como o pr\u00f3prio Trump a definiu em v\u00e1rios discursos, \u00e9 estrutural, o que exige uma mudan\u00e7a de um discurso agressivo para um discurso sereno e racional que seja bom para ambas as na\u00e7\u00f5es.&nbsp;<\/p>\n\n\n\n<p>Porque proceder de forma abrupta seria desastroso para os equil\u00edbrios pol\u00edticos, econ\u00f4micos e at\u00e9 mesmo sociais internos. E \u00e9 por isso que falta uma estrat\u00e9gia gradual para desmantelar as estruturas criminosas que est\u00e3o causando centenas de milhares de v\u00edtimas todos os anos nos Estados Unidos e no M\u00e9xico.&nbsp;<\/p>\n\n\n\n<p>Fala-se na m\u00eddia mais ou menos informada sobre a poss\u00edvel queda do governador de Sinaloa, que estaria por tr\u00e1s da pris\u00e3o e traslado ao territ\u00f3rio estadunidense do chef\u00e3o Ismael El Mayo Zambada, o que provocou uma guerra de sete meses entre fac\u00e7\u00f5es do Cartel de Sinaloa que causou milhares de mortes e desaparecimentos for\u00e7ados; tamb\u00e9m que os estados de Sinaloa, Durango e Tamaulipas poderiam ser classificados como narcoestados, o que implicaria, al\u00e9m de uma novidade nas escalas de classifica\u00e7\u00e3o institucional, uma pol\u00edtica p\u00fablica espec\u00edfica, sem precedentes em qualquer pa\u00eds com esse tipo de problema estrutural.&nbsp;<\/p>\n\n\n\n<p>E, ainda mais, atuando na \u00e1rea de \u201ccolabora\u00e7\u00e3o e coopera\u00e7\u00e3o\u201d, h\u00e1 o ataque ao duplo aspecto dos grupos que geram viol\u00eancia e dos operadores financeiros.&nbsp;<\/p>\n\n\n\n<p>Bem administrado, \u00e9 uma oportunidade, n\u00e3o isenta de riscos, para um governo que est\u00e1 ancorado na ideologia e nos interesses do ex-presidente L\u00f3pez Obrador, que para muitos mexicanos continua sendo aquele que mexe o ber\u00e7o no mandato de Claudia Sheinbaum.&nbsp;<\/p>\n\n\n\n<p>A quest\u00e3o \u00e9 se a presidente estar\u00e1 disposta e ser\u00e1 capaz de abrir m\u00e3o dessa tutela ou se o governo Trump acabar\u00e1 por ultrapass\u00e1-la com incurs\u00f5es militares unilaterais, abertas ou clandestinas, conforme prev\u00ea a classifica\u00e7\u00e3o emitida e certificada pelo Registro Federal e pelos Departamentos de Estado e do Tesouro dos EUA. O tempo corre para defini\u00e7\u00f5es imediatas.&nbsp;<\/p>\n\n\n\n<p><em><sub>Tradu\u00e7\u00e3o autom\u00e1tica revisada por Isabel Lima<\/sub><\/em><\/p>\n","protected":false},"excerpt":{"rendered":"<p>N\u00e3o basta a presidente dizer que est\u00e1 em sintonia com o governo estadunidense na luta contra as agora \u201corganiza\u00e7\u00f5es terroristas\u201d, agora ela deve passar para a a\u00e7\u00e3o.<\/p>\n","protected":false},"author":331,"featured_media":47152,"comment_status":"closed","ping_status":"closed","sticky":false,"template":"","format":"standard","meta":{"_acf_changed":false,"episode_type":"","audio_file":"","cover_image":"","cover_image_id":"","duration":"","filesize":"","filesize_raw":"","date_recorded":"","explicit":"","block":"","itunes_episode_number":"","itunes_title":"","itunes_season_number":"","itunes_episode_type":"","footnotes":""},"categories":[16817,16706],"tags":[17187],"gps":[],"class_list":{"0":"post-47169","1":"post","2":"type-post","3":"status-publish","4":"format-standard","5":"has-post-thumbnail","7":"category-terrorismo-pt-br","8":"category-mexico-pt-br","9":"tag-debates-2"},"acf":[],"_links":{"self":[{"href":"https:\/\/latinoamerica21.com\/pt-br\/wp-json\/wp\/v2\/posts\/47169","targetHints":{"allow":["GET"]}}],"collection":[{"href":"https:\/\/latinoamerica21.com\/pt-br\/wp-json\/wp\/v2\/posts"}],"about":[{"href":"https:\/\/latinoamerica21.com\/pt-br\/wp-json\/wp\/v2\/types\/post"}],"author":[{"embeddable":true,"href":"https:\/\/latinoamerica21.com\/pt-br\/wp-json\/wp\/v2\/users\/331"}],"replies":[{"embeddable":true,"href":"https:\/\/latinoamerica21.com\/pt-br\/wp-json\/wp\/v2\/comments?post=47169"}],"version-history":[{"count":0,"href":"https:\/\/latinoamerica21.com\/pt-br\/wp-json\/wp\/v2\/posts\/47169\/revisions"}],"wp:featuredmedia":[{"embeddable":true,"href":"https:\/\/latinoamerica21.com\/pt-br\/wp-json\/wp\/v2\/media\/47152"}],"wp:attachment":[{"href":"https:\/\/latinoamerica21.com\/pt-br\/wp-json\/wp\/v2\/media?parent=47169"}],"wp:term":[{"taxonomy":"category","embeddable":true,"href":"https:\/\/latinoamerica21.com\/pt-br\/wp-json\/wp\/v2\/categories?post=47169"},{"taxonomy":"post_tag","embeddable":true,"href":"https:\/\/latinoamerica21.com\/pt-br\/wp-json\/wp\/v2\/tags?post=47169"},{"taxonomy":"gps","embeddable":true,"href":"https:\/\/latinoamerica21.com\/pt-br\/wp-json\/wp\/v2\/gps?post=47169"}],"curies":[{"name":"wp","href":"https:\/\/api.w.org\/{rel}","templated":true}]}}