{"id":47450,"date":"2025-03-21T09:00:00","date_gmt":"2025-03-21T12:00:00","guid":{"rendered":"https:\/\/latinoamerica21.com\/?p=47450"},"modified":"2025-03-22T17:41:52","modified_gmt":"2025-03-22T20:41:52","slug":"todos-somos-khalil","status":"publish","type":"post","link":"https:\/\/latinoamerica21.com\/pt-br\/todos-somos-khalil\/","title":{"rendered":"Todos somos Khalil"},"content":{"rendered":"\n<p>O nome Mahmoud Khalil est\u00e1 destinado a ser gravado na hist\u00f3ria dos Estados Unidos. O que resta saber \u00e9 se ele ser\u00e1 um s\u00edmbolo da perseverante resili\u00eancia da democracia estadunidense ou de seu agonizante fim. O caso Khalil colocou o Estado de Direito em jogo, e sua resolu\u00e7\u00e3o pode solidificar <a href=\"https:\/\/latinoamerica21.com\/es\/las-grandes-mentiras-de-la-nueva-era-de-trump\/\">as bases de um regime autorit\u00e1rio<\/a> com Trump como ditador.<\/p>\n\n\n\n<p>Na noite de 8 de mar\u00e7o, <a href=\"https:\/\/www.bbc.com\/mundo\/articles\/crrdk7zvgr5o\">Mahmoud Khalil<\/a> foi preso em frente \u00e0 sua casa e na frente de sua esposa gr\u00e1vida de oito meses. Os policiais \u00e0 paisana o algemaram e afirmaram que ele estava sendo deportado porque seu visto de estudante havia sido revogado. Khalil argumentou que, embora n\u00e3o seja cidad\u00e3o estadunidense, ele tem um green card que lhe d\u00e1 resid\u00eancia permanente. Os policiais, um tanto surpresos, disseram que o green card tamb\u00e9m havia sido revogado e o levaram em um ve\u00edculo n\u00e3o registrado. Em nenhum momento eles mostraram um mandado, uma ordem judicial ou qualquer identifica\u00e7\u00e3o oficial mostrando que eram autoridades leg\u00edtimas de qualquer \u00f3rg\u00e3o federal. Mahmoud Khalil n\u00e3o foi detido nem preso: ele foi \u201csequestrado\u201d.<\/p>\n\n\n\n<p>Khalil foi levado rapidamente de Nova York para Nova Jersey, primeiro, e depois de avi\u00e3o para Louisiana. Sua deporta\u00e7\u00e3o iminente s\u00f3 foi temporariamente suspensa depois que seus advogados entraram com uma peti\u00e7\u00e3o de<em> habeas corpus <\/em>junto a um juiz federal em Nova York. Sua primeira apresenta\u00e7\u00e3o perante uma corte migrat\u00f3ria na Louisiana est\u00e1 marcada para o pr\u00f3ximo 27 de mar\u00e7o. O que \u00e9 mais surpreendente e perigoso \u00e9 que sua deten\u00e7\u00e3o e revoga\u00e7\u00e3o de resid\u00eancia n\u00e3o se deveu ao cometimento de qualquer crime, mas ao poder discricion\u00e1rio e arbitr\u00e1rio do executivo dos Estados Unidos. Mahmood Khalil \u00e9 um prisioneiro pol\u00edtico.<\/p>\n\n\n\n<p>O Secret\u00e1rio de Estado Marco Rubio, seguindo as instru\u00e7\u00f5es do Presidente Trump, legalizou suas a\u00e7\u00f5es de acordo com as disposi\u00e7\u00f5es da Lei de Imigra\u00e7\u00e3o e Nacionalidade de 1952 que o autoriza a expulsar estrangeiros residentes e n\u00e3o residentes cuja presen\u00e7a ou atividades sejam prejudiciais \u00e0 pol\u00edtica externa ou \u00e0 seguran\u00e7a nacional. O executivo argumenta que Khalil, em seu papel de l\u00edder dos protestos estudantis na Universidade de Columbia contra a guerra em Gaza, promoveu a ideologia antissemita e atos pr\u00f3-Hamas. Para os advogados de Khalil, Trump est\u00e1 usando esse caso para atacar o direito de protestar e censurar opini\u00f5es contr\u00e1rias \u00e0s pol\u00edticas de seu governo, dos Estados Unidos e de Israel. A realidade \u00e9 um pouco mais complexa e obscura.<\/p>\n\n\n\n<p>Durante sua campanha presidencial, Trump prometeu deportar todos os estudantes estrangeiros que participassem de protestos universit\u00e1rios contra a a\u00e7\u00e3o israelense, classificando-os como antissemitas e simpatizantes do Hamas. Os congressistas e senadores republicanos, e tamb\u00e9m alguns democratas, realizaram audi\u00eancias p\u00fablicas com os reitores de Columbia, Harvard, MIT e Penn, onde foram submetidos a \u201cjulgamentos de fachada\u201d, o que resultou em suas eventuais ren\u00fancias. Essa foi a primeira grande vit\u00f3ria do conservadorismo republicano em sua chamada guerra cultural contra o progressismo.<\/p>\n\n\n\n<p>As acusa\u00e7\u00f5es infundadas de antissemitismo e apoio ao Hamas nos protestos foram apenas uma desculpa para iniciar um ataque cruel \u00e0s institui\u00e7\u00f5es universit\u00e1rias dos Estados Unidos, que s\u00e3o vistas como os centros das elites culturais de doutrina\u00e7\u00e3o progressista. Essas \u00faltimas, de acordo com a direita conservadora e reacion\u00e1ria, revelaram seu antipatriotismo ao apoiar os protestos liderados por estudantes estrangeiros rotulados como antissemitas e antiamericanos por criticarem ativamente os Estados Unidos e Israel.<\/p>\n\n\n\n<p>Poucas horas ap\u00f3s a cerim\u00f4nia de transi\u00e7\u00e3o, Trump emitiu v\u00e1rias ordens executivas eliminando todas as medidas federais que promoviam os valores de diversidade, equidade e igualdade. Seus efeitos foram sentidos al\u00e9m da burocracia do governo federal: todas as concess\u00f5es e empr\u00e9stimos a empresas e o financiamento de pesquisas a centros de desenvolvimento de ci\u00eancia e tecnologia e institui\u00e7\u00f5es acad\u00eamicas foram suspensos.<\/p>\n\n\n\n<p>Para os republicanos, a diversidade, a equidade e a igualdade s\u00e3o os pilares do chamado \u201cmarxismo cultural\u201d, que inclui, segundo eles, o multiculturalismo, o feminismo, a sexualidade queer, a teoria cr\u00edtica da ra\u00e7a e o p\u00f3s-colonialismo. Todas as ideias que come\u00e7aram na contracultura dos anos 60 e 70 e conseguiram amea\u00e7ar os valores tradicionais por meio de sua populariza\u00e7\u00e3o nos anos 90 nas universidades e nos anos 2000-2010 com os meios de comunica\u00e7\u00e3o de massa.<\/p>\n\n\n\n<p>A Universidade de Columbia \u00e9 a primeira batalha nessa guerra cultural. Dias antes da pris\u00e3o de Khalil, Trump reteve mais de US$ 400 milh\u00f5es em fundos de pesquisa do governo federal, alegando que a Columbia n\u00e3o havia conseguido proteger seus alunos judeus. Para obter os fundos, a Columbia deveria sancionar e expulsar os alunos respons\u00e1veis, eliminar a diversidade como fator de admiss\u00e3o de alunos, permitir o acesso de agentes de imigra\u00e7\u00e3o ao campus e eliminar os departamentos do Oriente M\u00e9dio, \u00c1frica e \u00c1sia. Ao mesmo tempo, o Departamento de Justi\u00e7a iniciou uma investiga\u00e7\u00e3o contra grupos de estudantes por \u201catividades de apoio ao terrorismo\u201d.<\/p>\n\n\n\n<p>A intimida\u00e7\u00e3o surtiu efeito, pois a Columbia expulsou mais de 20 alunos e revogou os vistos de v\u00e1rios alunos estrangeiros, um teste piloto bem-sucedido. O Departamento de Educa\u00e7\u00e3o enviou intimida\u00e7\u00f5es semelhantes a mais de 60 universidades, amea\u00e7ando cortar os fundos federais se elas n\u00e3o eliminassem determinados programas ou cancelassem determinados cursos, especialmente aqueles relacionados a quest\u00f5es de ra\u00e7a, feminismo, teoria queer e colonialismo.<\/p>\n\n\n\n<p>O projeto pol\u00edtico do trumpismo e de seus aliados ideol\u00f3gicos, como Orban, Milei, Bukele, Netanyahu e Putin, entre outros, \u00e9 instalar regimes autorit\u00e1rios, portanto, a erradica\u00e7\u00e3o do pensamento cr\u00edtico, da liberdade de pesquisa e ensino e do progressismo nas universidades \u00e9 o primeiro passo. O cancelamento de verbas e subs\u00eddios federais \u00e9 simplesmente uma estrat\u00e9gia disciplinadora.<\/p>\n\n\n\n<p>O mesmo acontece com o caso Khalil, que \u00e9 uma quest\u00e3o de liberdade de express\u00e3o e n\u00e3o de seguran\u00e7a nacional. A revoga\u00e7\u00e3o de vistos e a deporta\u00e7\u00e3o de estrangeiros simplesmente por causa de suas opini\u00f5es \u00e9 uma t\u00e1tica que visa a instilar medo e p\u00e2nico para silenciar os oponentes e disciplinar a opini\u00e3o p\u00fablica. N\u00e3o \u00e9 coincid\u00eancia o fato de a lei usada para deportar Khalil ter sido promulgada durante a ascens\u00e3o do McCarthismo e prever, al\u00e9m da expuls\u00e3o de estrangeiros simp\u00e1ticos a ideologias totalit\u00e1rias e antiamericanas, a desnacionaliza\u00e7\u00e3o de cidad\u00e3os estadunidenses.<\/p>\n\n\n\n<p>O que est\u00e1 come\u00e7ando a surgir nos Estados Unidos \u00e9 um novo maCartismo, ca\u00e7a \u00e0s bruxas ideol\u00f3gica e censura de opini\u00f5es dissidentes cr\u00edticas ao pa\u00eds, acompanhadas de medidas autorit\u00e1rias dignas das Juntas latino-americanas da d\u00e9cada de 1970, fechamento de universidades devido a atividades subversivas, \u201cdesaparecimento for\u00e7ado de terroristas\u201d e criminaliza\u00e7\u00e3o de protestos.<\/p>\n\n\n\n<p>A sobreviv\u00eancia do estado de direito depende de os tribunais limitarem o poder discricion\u00e1rio do executivo. Os tribunais devem rejeitar o argumento de que Khalil representa um perigo para a seguran\u00e7a nacional e defender o direito de express\u00e3o, opini\u00e3o e protesto de todos os indiv\u00edduos em solo estadunidense. O problema \u00e9 que \u00e9 poss\u00edvel que Trump ignore essa decis\u00e3o judicial e deporte Khalil, assim como nos \u00faltimos dias foram realizadas deporta\u00e7\u00f5es de venezuelanos e de um m\u00e9dico e professor liban\u00eas com vistos de trabalho, apesar de ordens judiciais suspendendo as deporta\u00e7\u00f5es.<\/p>\n\n\n\n<p>Trump argumenta que a Lei de Inimigos Estrangeiros de 1798 permite que a presen\u00e7a de certos estrangeiros em solo estadunidense seja interpretada como uma invas\u00e3o, autorizando deporta\u00e7\u00f5es sem revis\u00e3o judicial. Os legisladores republicanos tamb\u00e9m lan\u00e7aram resolu\u00e7\u00f5es de impeachment contra ju\u00edzes federais que declararam inconstitucionais as a\u00e7\u00f5es de Trump. Trump amea\u00e7ou remover esses ju\u00edzes, convidando uma obje\u00e7\u00e3o p\u00fablica e altamente incomum do presidente da Suprema Corte e desencadeando o que est\u00e1 se configurando como uma grave crise constitucional. O fim de um Judici\u00e1rio independente \u00e9 o \u00faltimo elo antes de um governo autorit\u00e1rio.<\/p>\n\n\n\n<p>A liberdade de Khalil \u00e9 a liberdade de todos.<\/p>\n\n\n\n<p><em><sub>Tradu\u00e7\u00e3o autom\u00e1tica revisada por Giulia Gaspar.\u00a0<\/sub><\/em><\/p>\n","protected":false},"excerpt":{"rendered":"<p>Durante sua campanha presidencial, Trump prometeu deportar todos os estudantes estrangeiros que participassem de protestos universit\u00e1rios contra as pol\u00edticas de Israel.<\/p>\n","protected":false},"author":82,"featured_media":47392,"comment_status":"closed","ping_status":"closed","sticky":false,"template":"","format":"standard","meta":{"_acf_changed":false,"episode_type":"","audio_file":"","cover_image":"","cover_image_id":"","duration":"","filesize":"","filesize_raw":"","date_recorded":"","explicit":"","block":"","itunes_episode_number":"","itunes_title":"","itunes_season_number":"","itunes_episode_type":"","footnotes":""},"categories":[16758,17143],"tags":[17187],"gps":[],"class_list":{"0":"post-47450","1":"post","2":"type-post","3":"status-publish","4":"format-standard","5":"has-post-thumbnail","7":"category-donald-trump-pt-br","8":"category-autocracia-pt-br","9":"tag-debates-2"},"acf":[],"_links":{"self":[{"href":"https:\/\/latinoamerica21.com\/pt-br\/wp-json\/wp\/v2\/posts\/47450","targetHints":{"allow":["GET"]}}],"collection":[{"href":"https:\/\/latinoamerica21.com\/pt-br\/wp-json\/wp\/v2\/posts"}],"about":[{"href":"https:\/\/latinoamerica21.com\/pt-br\/wp-json\/wp\/v2\/types\/post"}],"author":[{"embeddable":true,"href":"https:\/\/latinoamerica21.com\/pt-br\/wp-json\/wp\/v2\/users\/82"}],"replies":[{"embeddable":true,"href":"https:\/\/latinoamerica21.com\/pt-br\/wp-json\/wp\/v2\/comments?post=47450"}],"version-history":[{"count":0,"href":"https:\/\/latinoamerica21.com\/pt-br\/wp-json\/wp\/v2\/posts\/47450\/revisions"}],"wp:featuredmedia":[{"embeddable":true,"href":"https:\/\/latinoamerica21.com\/pt-br\/wp-json\/wp\/v2\/media\/47392"}],"wp:attachment":[{"href":"https:\/\/latinoamerica21.com\/pt-br\/wp-json\/wp\/v2\/media?parent=47450"}],"wp:term":[{"taxonomy":"category","embeddable":true,"href":"https:\/\/latinoamerica21.com\/pt-br\/wp-json\/wp\/v2\/categories?post=47450"},{"taxonomy":"post_tag","embeddable":true,"href":"https:\/\/latinoamerica21.com\/pt-br\/wp-json\/wp\/v2\/tags?post=47450"},{"taxonomy":"gps","embeddable":true,"href":"https:\/\/latinoamerica21.com\/pt-br\/wp-json\/wp\/v2\/gps?post=47450"}],"curies":[{"name":"wp","href":"https:\/\/api.w.org\/{rel}","templated":true}]}}