{"id":47591,"date":"2025-03-31T09:00:00","date_gmt":"2025-03-31T12:00:00","guid":{"rendered":"https:\/\/latinoamerica21.com\/?p=47591"},"modified":"2025-04-01T10:22:56","modified_gmt":"2025-04-01T13:22:56","slug":"eleicoes-no-equador-presos-entre-a-polarizacao-e-a-escalada-de-violencia","status":"publish","type":"post","link":"https:\/\/latinoamerica21.com\/pt-br\/eleicoes-no-equador-presos-entre-a-polarizacao-e-a-escalada-de-violencia\/","title":{"rendered":"Elei\u00e7\u00f5es no Equador: presos entre a polariza\u00e7\u00e3o e a escalada de viol\u00eancia"},"content":{"rendered":"\n<p>Os resultados das elei\u00e7\u00f5es gerais de 9 de fevereiro no Equador revelaram profundas divis\u00f5es pol\u00edticas. A disputa acirrada entre o atual em exerc\u00edcio, Daniel Noboa, e sua rival, Luisa Gonz\u00e1lez, preparou o terreno para um intenso segundo turno no dia 13 de abril. O resultado das elei\u00e7\u00f5es ser\u00e1 crucial para o futuro do Equador, um pa\u00eds imerso na luta para conter a crescente viol\u00eancia de gangues e do crime organizado em meio \u00e0 instabilidade institucional e a um eleitorado cada vez mais dividido.<\/p>\n\n\n\n<p><strong>Impasse pol\u00edtico se aproxima antes do segundo turno das elei\u00e7\u00f5es<\/strong><\/p>\n\n\n\n<p>O panorama pol\u00edtico do Equador foi transformado com a ascens\u00e3o de Luisa Gonz\u00e1lez, de tend\u00eancia esquerdista, no primeiro turno das elei\u00e7\u00f5es. Embora algumas pesquisas pr\u00e9-eleitorais sugerissem que Daniel Noboa, o atual presidente de direita, parecia estar destinado a vencer, a divis\u00e3o quase uniforme de quase 90% do eleitorado entre ambos os candidatos revela <a href=\"https:\/\/latinoamerica21.com\/pt-br\/equador-na-encruzilhada-dois-candidatos-uma-nacao-polarizada\/\">uma profunda polariza\u00e7\u00e3o<\/a>. As tens\u00f5es parecem estar a ponto de aumentar, j\u00e1 que a rec\u00e9m-eleita Assembleia Nacional reflete essa fragmenta\u00e7\u00e3o partid\u00e1ria, sem que nenhum dos candidatos esteja em condi\u00e7\u00f5es de assegurar uma maioria legislativa.<\/p>\n\n\n\n<p>At\u00e9 agora, o governo de Noboa tem buscado consolidar o poder executivo, muitas vezes contornando um legislativo fragmentado mediante decretos e mecanismos legais question\u00e1veis. Se continuar no cargo, seus esfor\u00e7os para centralizar o poder provavelmente enfrentar\u00e3o uma oposi\u00e7\u00e3o significativa, e sua capacidade de governar ser\u00e1 ainda mais testada. Esse impasse pol\u00edtico iminente, aliado \u00e0 crescente preocupa\u00e7\u00e3o com a seguran\u00e7a, poder\u00e1 testar a governabilidade do Equador nos pr\u00f3ximos anos.<\/p>\n\n\n\n<p><strong>O Estado luta para abordar a crescente viol\u00eancia das gangues<\/strong><\/p>\n\n\n\n<p>H\u00e1 menos de dois anos, em agosto de 2023, os equatorianos elegeram Daniel Noboa para concluir o mandato do ent\u00e3o presidente Guillermo Lasso, que havia dissolvido a Assembleia Nacional e convocado elei\u00e7\u00f5es antecipadas. Uma profunda crise pol\u00edtica entre o legislativo e o executivo, precedida por casos de corrup\u00e7\u00e3o envolvendo funcion\u00e1rios de alto escal\u00e3o, levou ao uso desse mecanismo extraordin\u00e1rio.<\/p>\n\n\n\n<p>A campanha eleitoral de 2023 foi marcada por viol\u00eancia, amea\u00e7as e at\u00e9 mesmo o assassinato de um candidato presidencial. Isso ocorreu ap\u00f3s um aumento alarmante do crime organizado e da viol\u00eancia nos \u00faltimos anos. A taxa de homic\u00eddios do pa\u00eds subiu de 6 por 100.000 habitantes em 2018 para impressionantes 47 em 2023, impulsionada pela expans\u00e3o de organiza\u00e7\u00f5es transnacionais, como os cart\u00e9is de drogas do M\u00e9xico e da Alb\u00e2nia, e pela reorganiza\u00e7\u00e3o das rotas de tr\u00e1fico de coca\u00edna para a Europa. Esses grupos criminosos se infiltraram em pris\u00f5es, corromperam tribunais e cooptaram governos locais para a lavagem de dinheiro, minando a autoridade do Estado e alimentando um ciclo de impunidade, viol\u00eancia e deteriora\u00e7\u00e3o institucional.<\/p>\n\n\n\n<p>Isso \u00e9 ilustrado pelo <a href=\"https:\/\/bti-project.org\/en\/reports\/country-dashboard\/ECU\">\u00cdndice de Transforma\u00e7\u00e3o Bertelsmann (BTI)<\/a>, que, em 2024, atribuiu ao Equador uma pontua\u00e7\u00e3o de 7 em um total de 10 pontos poss\u00edveis no monop\u00f3lio estatal do uso da for\u00e7a, abaixo dos 9 pontos em 2020. Esse decl\u00ednio reflete o enfraquecimento do controle estatal sobre a seguran\u00e7a, colocando o Equador abaixo de seus pares regionais, como Uruguai e Argentina, e pontuando um pouco acima de Col\u00f4mbia e M\u00e9xico, ambos pa\u00edses com um longo hist\u00f3rico de crime organizado.<\/p>\n\n\n\n<p>O governo interino de Noboa respondeu enviando for\u00e7as militares em zonas-chave de conflito, emitindo decretos de emerg\u00eancia e expandindo o aparato de seguran\u00e7a mediante o aumento da presen\u00e7a policial e militar, assim como as medidas de vigil\u00e2ncia. O presidente tamb\u00e9m declarou um \u201cconflito armado interno\u201d e catalogou mais de 20 gangues criminosas como organiza\u00e7\u00f5es terroristas. No entanto, dada a incapacidade do governo de reduzir a viol\u00eancia e sua depend\u00eancia de medidas de emerg\u00eancia, espera-se que os indicadores da estabilidade do pa\u00eds, ou sua capacidade de estender seu controle sobre o territ\u00f3rio, seguem diminuindo.<\/p>\n\n\n\n<p>Embora a decis\u00e3o de mobilizar o ex\u00e9rcito para assumir a seguran\u00e7a das pris\u00f5es e refor\u00e7ar a presen\u00e7a da pol\u00edcia em zonas de alta criminalidade tenha mostrado certo \u00eaxito a curto prazo, tamb\u00e9m houve preocupa\u00e7\u00f5es sobre poss\u00edveis viola\u00e7\u00f5es de direitos humanos e o enfraquecimento do controle democr\u00e1tico. Os cr\u00edticos argumentam que uma resposta militarizada poderia exacerbar os ciclos de viol\u00eancia em vez de abordar os fatores socioecon\u00f4micos estruturais que fomentam o crime.<\/p>\n\n\n\n<p>A quest\u00e3o persiste: poder\u00e1 o pr\u00f3ximo governo do Equador implementar uma estrat\u00e9gia de seguran\u00e7a sustent\u00e1vel que equilibre a aplica\u00e7\u00e3o da lei com a reforma institucional?<\/p>\n\n\n\n<p><strong>Posturas e orienta\u00e7\u00f5es pol\u00edticas em mat\u00e9ria de seguran\u00e7a<\/strong><\/p>\n\n\n\n<p>As elei\u00e7\u00f5es de 13 de abril determinar\u00e3o se o pa\u00eds continuar\u00e1 com a abordagem linha-dura de Noboa ou se avan\u00e7ar\u00e1 para estrat\u00e9gias de preven\u00e7\u00e3o ao crime baseadas na comunidade propostas por Gonz\u00e1lez.<\/p>\n\n\n\n<p>Luisa Gonz\u00e1lez, ex-deputada do partido esquerdista Movimiento Revoluci\u00f3n Ciudadana e protegida do ex-presidente exilado Rafael Correa, fez campanha com uma plataforma que promete um retorno \u00e0s pol\u00edticas sociais e ao modelo econ\u00f4mico do governo Correa (2007-2017). Gonz\u00e1lez se comprometeu a aumentar os subs\u00eddios, ampliar a interven\u00e7\u00e3o estatal na economia e abordar as causas fundamentais da viol\u00eancia mediante investimentos sociais, al\u00e9m de reavaliar a estrat\u00e9gia de seguran\u00e7a do Equador, restaurando as institui\u00e7\u00f5es da era Correa, como as assembleias comunit\u00e1rias de seguran\u00e7a cidad\u00e3, para coordenar e supervisionar a a\u00e7\u00e3o policial. Entretanto, em termos de abordagem dos desafios do crime organizado, suas propostas carecem de detalhes. Isso levou a v\u00e1rias interpreta\u00e7\u00f5es e cr\u00edticas, e alguns vinculam sua candidatura ao legado autorit\u00e1rio do l\u00edder de seu partido e ao poss\u00edvel retorno do corre\u00edsmo ao poder e seu controle sobre autoridades p\u00fablicas independentes.<\/p>\n\n\n\n<p><strong>O que acontecer\u00e1 ap\u00f3s o segundo turno?<\/strong><\/p>\n\n\n\n<p>A crise de seguran\u00e7a e a consequente resposta estatal abalaram a j\u00e1 lenta economia do pa\u00eds, com investimentos estrangeiros e empregos caindo a n\u00edveis preocupantes. Essa deteriora\u00e7\u00e3o exacerbou os problemas sociais do pa\u00eds.<\/p>\n\n\n\n<p>Se Noboa permanecer no poder, \u00e9 prov\u00e1vel que seu governo mantenha sua abordagem militarizada \u00e0 seguran\u00e7a e, ao mesmo tempo, promova reformas econ\u00f4micas. No entanto, seu plano para atrair capital estrangeiro pode ser dif\u00edcil diante das crescentes preocupa\u00e7\u00f5es com o retrocesso democr\u00e1tico, as limita\u00e7\u00f5es institucionais e a incapacidade do governo de conter o crime organizado. Por outro lado, uma vit\u00f3ria de Gonz\u00e1lez provavelmente significaria uma mudan\u00e7a no sentido de maiores gastos sociais, uma reavalia\u00e7\u00e3o da pol\u00edtica de seguran\u00e7a e uma \u00eanfase no desenvolvimento liderado pelo Estado. Seu governo tamb\u00e9m enfrentaria desafios na implementa\u00e7\u00e3o de reformas devido \u00e0 forte oposi\u00e7\u00e3o no legislativo e \u00e0 influ\u00eancia cont\u00ednua de redes criminosas arraigadas.<\/p>\n\n\n\n<p>Independentemente do resultado, o pr\u00f3ximo l\u00edder do Equador dever\u00e1 abordar a estagna\u00e7\u00e3o econ\u00f4mica, o aumento da d\u00edvida p\u00fablica e um clima pol\u00edtico profundamente dividido. O novo governo enfrentar\u00e1 press\u00f5es para restaurar a confian\u00e7a do p\u00fablico e coibir o crime organizado, ao mesmo tempo em que fortalecer\u00e1 as institui\u00e7\u00f5es democr\u00e1ticas, promover\u00e1 a coes\u00e3o pol\u00edtica e garantir\u00e1 a coopera\u00e7\u00e3o internacional para assegurar a estabilidade a longo prazo. As decis\u00f5es tomadas nos pr\u00f3ximos meses determinar\u00e3o se o Equador avan\u00e7ar\u00e1 para um modelo de governo mais coeso ou se continuar\u00e1 assolado por divis\u00f5es internas.<\/p>\n\n\n\n<p><sub><em>Tradu\u00e7\u00e3o autom\u00e1tica revisada por Isabel Lima<\/em><\/sub><\/p>\n","protected":false},"excerpt":{"rendered":"<p>As decis\u00f5es tomadas nos pr\u00f3ximos meses determinar\u00e3o se o Equador avan\u00e7ar\u00e1 para um modelo de governo mais coeso ou se continuar\u00e1 assolado por divis\u00f5es internas.<\/p>\n","protected":false},"author":734,"featured_media":47567,"comment_status":"closed","ping_status":"closed","sticky":false,"template":"","format":"standard","meta":{"_acf_changed":false,"episode_type":"","audio_file":"","cover_image":"","cover_image_id":"","duration":"","filesize":"","filesize_raw":"","date_recorded":"","explicit":"","block":"","itunes_episode_number":"","itunes_title":"","itunes_season_number":"","itunes_episode_type":"","footnotes":""},"categories":[16711,16715],"tags":[17187],"gps":[],"class_list":{"0":"post-47591","1":"post","2":"type-post","3":"status-publish","4":"format-standard","5":"has-post-thumbnail","7":"category-elecciones-pt-br","8":"category-ecuador-pt-br","9":"tag-debates-2"},"acf":[],"_links":{"self":[{"href":"https:\/\/latinoamerica21.com\/pt-br\/wp-json\/wp\/v2\/posts\/47591","targetHints":{"allow":["GET"]}}],"collection":[{"href":"https:\/\/latinoamerica21.com\/pt-br\/wp-json\/wp\/v2\/posts"}],"about":[{"href":"https:\/\/latinoamerica21.com\/pt-br\/wp-json\/wp\/v2\/types\/post"}],"author":[{"embeddable":true,"href":"https:\/\/latinoamerica21.com\/pt-br\/wp-json\/wp\/v2\/users\/734"}],"replies":[{"embeddable":true,"href":"https:\/\/latinoamerica21.com\/pt-br\/wp-json\/wp\/v2\/comments?post=47591"}],"version-history":[{"count":0,"href":"https:\/\/latinoamerica21.com\/pt-br\/wp-json\/wp\/v2\/posts\/47591\/revisions"}],"wp:featuredmedia":[{"embeddable":true,"href":"https:\/\/latinoamerica21.com\/pt-br\/wp-json\/wp\/v2\/media\/47567"}],"wp:attachment":[{"href":"https:\/\/latinoamerica21.com\/pt-br\/wp-json\/wp\/v2\/media?parent=47591"}],"wp:term":[{"taxonomy":"category","embeddable":true,"href":"https:\/\/latinoamerica21.com\/pt-br\/wp-json\/wp\/v2\/categories?post=47591"},{"taxonomy":"post_tag","embeddable":true,"href":"https:\/\/latinoamerica21.com\/pt-br\/wp-json\/wp\/v2\/tags?post=47591"},{"taxonomy":"gps","embeddable":true,"href":"https:\/\/latinoamerica21.com\/pt-br\/wp-json\/wp\/v2\/gps?post=47591"}],"curies":[{"name":"wp","href":"https:\/\/api.w.org\/{rel}","templated":true}]}}