{"id":47983,"date":"2025-04-24T09:00:00","date_gmt":"2025-04-24T12:00:00","guid":{"rendered":"https:\/\/latinoamerica21.com\/?p=47983"},"modified":"2025-04-24T12:32:51","modified_gmt":"2025-04-24T15:32:51","slug":"entre-luzes-e-sombras-o-lento-avanco-da-igualdade-de-genero-na-regiao","status":"publish","type":"post","link":"https:\/\/latinoamerica21.com\/pt-br\/entre-luzes-e-sombras-o-lento-avanco-da-igualdade-de-genero-na-regiao\/","title":{"rendered":"Entre luzes e sombras: o lento avan\u00e7o da igualdade de g\u00eanero na regi\u00e3o"},"content":{"rendered":"\n<p>Um relat\u00f3rio publicado recentemente pela CEPAL e pela ONU-Mulheres oferece uma radiografia clara \u2014 e preocupante \u2014 do estado atual da igualdade de g\u00eanero na Am\u00e9rica Latina e no Caribe. Intitulado \u201cA Agenda 2030 para o Desenvolvimento Sustent\u00e1vel e a Agenda Regional de G\u00eanero na Am\u00e9rica Latina e no Caribe: indicadores de g\u00eanero at\u00e9 2024\u201d, <a href=\"https:\/\/repositorio.cepal.org\/entities\/publication\/0537dfc3-34c7-4578-aa7c-eadc3eb46f9b\">esse documento<\/a> nos confronta com uma realidade inescap\u00e1vel: o avan\u00e7o em dire\u00e7\u00e3o \u00e0 igualdade de g\u00eanero continua sendo insuficiente, desigual e, em muitos casos, estagnado.<\/p>\n\n\n\n<p>A Agenda 2030, firmada em 2015 por 193 pa\u00edses membros da ONU, estabeleceu 17 Objetivos de Desenvolvimento Sustent\u00e1vel (ODS), entre eles o ODS 5, dedicado a alcan\u00e7ar a igualdade de g\u00eanero e empoderar mulheres e meninas. Esse objetivo, longe de ser um mero ideal, est\u00e1 profundamente enraizado nos princ\u00edpios da Declara\u00e7\u00e3o Universal dos Direitos Humanos. Alcan\u00e7\u00e1-lo significa n\u00e3o s\u00f3 fechar brechas legais e culturais, mas tamb\u00e9m garantir que metade da popula\u00e7\u00e3o mundial possa exercer plenamente seu potencial, contribuir ao desenvolvimento econ\u00f4mico e viver uma vida livre de viol\u00eancia e discrimina\u00e7\u00e3o.<\/p>\n\n\n\n<p>Entretanto, segundo o relat\u00f3rio, estamos longe de alcan\u00e7\u00e1-lo. A maioria dos indicadores analisados mostra um progresso lento, e alguns em franco retrocesso. As a\u00e7\u00f5es implementadas para reduzir a viol\u00eancia de g\u00eanero, erradicar o casamento infantil, aumentar a participa\u00e7\u00e3o de mulheres em espa\u00e7os de lideran\u00e7a e facilitar o acesso a tecnologias ainda s\u00e3o insuficientes. Nesse ritmo, alcan\u00e7ar o ODS 5 at\u00e9 2030 parece ser uma meta inating\u00edvel.<\/p>\n\n\n\n<p>Especialmente alarmante \u00e9 a situa\u00e7\u00e3o relacionada aos marcos jur\u00eddicos. Em v\u00e1rios pa\u00edses da Am\u00e9rica Latina, a legisla\u00e7\u00e3o ainda n\u00e3o oferece garantias suficientes para proteger as mulheres em sua vida p\u00fablica e privada. A falta de regras claras ou a n\u00e3o aplica\u00e7\u00e3o das existentes perpetua um entorno no qual a viol\u00eancia, a discrimina\u00e7\u00e3o no trabalho e a desigualdade no lar continuam sendo comuns.<\/p>\n\n\n\n<p>Ademais, em certas \u00e1reas, os dados fornecidos pelos pa\u00edses s\u00e3o insuficientes para avaliar se progrediu ou n\u00e3o. Temas como a carga de cuidados n\u00e3o remunerados, direitos sexuais e reprodutivos e acesso \u00e0 propriedade da terra permanecem invis\u00edveis em muitos pa\u00edses da regi\u00e3o, dificultando n\u00e3o s\u00f3 o diagn\u00f3stico, mas tamb\u00e9m a a\u00e7\u00e3o efetiva.<\/p>\n\n\n\n<p>O relat\u00f3rio tamb\u00e9m destaca quatro obst\u00e1culos estruturais que perpetuam a desigualdade de g\u00eanero: a persistente desigualdade socioecon\u00f4mica, os padr\u00f5es culturais patriarcais, a organiza\u00e7\u00e3o social injusta do cuidado e a concentra\u00e7\u00e3o de poder nas m\u00e3os de poucos. Esses fatores n\u00e3o s\u00f3 refor\u00e7am a exclus\u00e3o das mulheres, mas tamb\u00e9m limitam o progresso de nossas sociedades como um todo.<\/p>\n\n\n\n<p>A <a href=\"https:\/\/latinoamerica21.com\/pt-br\/alem-das-cotas-de-genero-construir-a-paridade-a-partir-do-poder\/\">desigualdade de g\u00eanero<\/a> n\u00e3o \u00e9 um problema que afeta s\u00f3 as mulheres: \u00e9 um obst\u00e1culo ao desenvolvimento sustent\u00e1vel. Quando as mulheres n\u00e3o podem acessar a oportunidades iguais de trabalho, quando se veem obrigadas a assumir desproporcionalmente as tarefas de cuidado, quando s\u00e3o exclu\u00eddas dos espa\u00e7os de decis\u00e3o pol\u00edtica ou comercial, as economias perdem talentos, as democracias s\u00e3o enfraquecidas e o tecido social sofre.<\/p>\n\n\n\n<p>Diante desse cen\u00e1rio, \u00e9 urgente repensar nosso modelo de desenvolvimento. Precisamos avan\u00e7ar ao que o relat\u00f3rio chama de \u201cuma sociedade do cuidado\u201d, na qual as responsabilidades dom\u00e9sticas e de cuidado sejam distribu\u00eddas de forma justa entre homens, mulheres, o Estado e o mercado. Uma sociedade que al\u00e9m de reconhecer o valor desses trabalhos, os incorpore como parte essencial do bem-estar coletivo.<\/p>\n\n\n\n<p>Ademais, \u00e9 necess\u00e1rio desenvolver marcos jur\u00eddicos mais robustos, aloca\u00e7\u00f5es or\u00e7ament\u00e1rias com perspectiva de g\u00eanero e pol\u00edticas p\u00fablicas que realmente visem transformar as condi\u00e7\u00f5es estruturais da desigualdade. A igualdade de g\u00eanero n\u00e3o pode depender unicamente da vontade individual, mas requer decis\u00f5es pol\u00edticas firmes, recursos sustentados e, sobretudo, de uma profunda transforma\u00e7\u00e3o cultural.<\/p>\n\n\n\n<p>Em meio a tantos n\u00fameros e diagn\u00f3sticos, \u00e0s vezes corremos o risco de perder de vista o essencial: a igualdade de g\u00eanero n\u00e3o \u00e9 s\u00f3 um objetivo t\u00e9cnico ou um indicador a ser alcan\u00e7ado. \u00c9 uma aposta \u00e9tica visando alcan\u00e7ar sociedades mais justas, inclusivas e humanas. Na Am\u00e9rica Latina, ainda temos um longo caminho a percorrer. Mas se este relat\u00f3rio nos ensina algo, \u00e9 que n\u00e3o podemos nos dar ao luxo de continuar adiando essa jornada.<\/p>\n\n\n\n<p><em><sub>Tradu\u00e7\u00e3o autom\u00e1tica revisada por Isabel Lima<\/sub><\/em><\/p>\n\n\n\n<p><\/p>\n","protected":false},"excerpt":{"rendered":"<p>\u00c9 necess\u00e1rio desenvolver marcos jur\u00eddicos mais robustos, aloca\u00e7\u00f5es or\u00e7ament\u00e1rias com perspectiva de g\u00eanero e pol\u00edticas p\u00fablicas que realmente visem transformar as condi\u00e7\u00f5es estruturais da desigualdade.<\/p>\n","protected":false},"author":351,"featured_media":47961,"comment_status":"closed","ping_status":"closed","sticky":false,"template":"","format":"standard","meta":{"_acf_changed":false,"episode_type":"","audio_file":"","cover_image":"","cover_image_id":"","duration":"","filesize":"","filesize_raw":"","date_recorded":"","explicit":"","block":"","itunes_episode_number":"","itunes_title":"","itunes_season_number":"","itunes_episode_type":"","footnotes":""},"categories":[16716,16782],"tags":[17187],"gps":[],"class_list":{"0":"post-47983","1":"post","2":"type-post","3":"status-publish","4":"format-standard","5":"has-post-thumbnail","7":"category-desigualdad-es-pt-br","8":"category-genero-pt-br","9":"tag-debates-2"},"acf":[],"_links":{"self":[{"href":"https:\/\/latinoamerica21.com\/pt-br\/wp-json\/wp\/v2\/posts\/47983","targetHints":{"allow":["GET"]}}],"collection":[{"href":"https:\/\/latinoamerica21.com\/pt-br\/wp-json\/wp\/v2\/posts"}],"about":[{"href":"https:\/\/latinoamerica21.com\/pt-br\/wp-json\/wp\/v2\/types\/post"}],"author":[{"embeddable":true,"href":"https:\/\/latinoamerica21.com\/pt-br\/wp-json\/wp\/v2\/users\/351"}],"replies":[{"embeddable":true,"href":"https:\/\/latinoamerica21.com\/pt-br\/wp-json\/wp\/v2\/comments?post=47983"}],"version-history":[{"count":0,"href":"https:\/\/latinoamerica21.com\/pt-br\/wp-json\/wp\/v2\/posts\/47983\/revisions"}],"wp:featuredmedia":[{"embeddable":true,"href":"https:\/\/latinoamerica21.com\/pt-br\/wp-json\/wp\/v2\/media\/47961"}],"wp:attachment":[{"href":"https:\/\/latinoamerica21.com\/pt-br\/wp-json\/wp\/v2\/media?parent=47983"}],"wp:term":[{"taxonomy":"category","embeddable":true,"href":"https:\/\/latinoamerica21.com\/pt-br\/wp-json\/wp\/v2\/categories?post=47983"},{"taxonomy":"post_tag","embeddable":true,"href":"https:\/\/latinoamerica21.com\/pt-br\/wp-json\/wp\/v2\/tags?post=47983"},{"taxonomy":"gps","embeddable":true,"href":"https:\/\/latinoamerica21.com\/pt-br\/wp-json\/wp\/v2\/gps?post=47983"}],"curies":[{"name":"wp","href":"https:\/\/api.w.org\/{rel}","templated":true}]}}