{"id":4922,"date":"2021-04-27T08:45:00","date_gmt":"2021-04-27T11:45:00","guid":{"rendered":"http:\/\/latinoamerica21.com\/?p=4922"},"modified":"2021-04-30T23:16:28","modified_gmt":"2021-05-01T02:16:28","slug":"lula-bolsonaro-a-terceira-e-a-quarta-vias","status":"publish","type":"post","link":"https:\/\/latinoamerica21.com\/pt-br\/lula-bolsonaro-a-terceira-e-a-quarta-vias\/","title":{"rendered":"Lula, Bolsonaro, a terceira e a quarta vias"},"content":{"rendered":"\n<p>Quando a ent\u00e3o presidente brasileira Dilma Rousseff sofreu um golpe parlamentar em 2016, o plano dos principais atores envolvidos era claro: a Presid\u00eancia sair das m\u00e3os do Partido dos Trabalhadores (PT), de esquerda e vencedor das \u00faltimas quatro elei\u00e7\u00f5es, e cair em seu colo.<\/p>\n\n\n\n<p><a href=\"http:\/\/latinoamerica21.com\/br\/o-psdb-e-o-terceiro-vertice-na-politica-brasileira\/\" target=\"_blank\" rel=\"noreferrer noopener\">O Partido da Social-Democracia Brasileira (PSDB)<\/a>, de direita e principal opositor ao PT, havia sido derrotado no segundo turno em todas as \u00faltimas quatro disputas, mas acreditava que, enfim, venceria a elei\u00e7\u00e3o seguinte. J\u00e1 o Partido do Movimento Democr\u00e1tico Brasileiro (PMDB), at\u00e9 ent\u00e3o da base do PT, assumiria a Presid\u00eancia imediatamente por meio do ent\u00e3o vice Michel Temer. Era a terceira vez que o partido ocupava o cargo, sempre por meio de vices, pois nunca teve candidato competitivo.<\/p>\n\n\n\n<p>Ao contr\u00e1rio do previsto por esses atores, as cr\u00edticas ao PT e a posterior condena\u00e7\u00e3o de Luiz In\u00e1cio Lula da Silva, l\u00edder do Partido dos Trabalhadores, favoreceram a chegada ao poder de Jair Bolsonaro.<\/p>\n\n\n\n<p><strong>A busca pela \u201cterceira via\u201d<\/strong><\/p>\n\n\n\n<p>Ap\u00f3s o golpe parlamentar de 2016, a grande m\u00eddia perseguiu de forma parcial o PT, imaginando que a tradicional pol\u00edtica alinhada aos seus parceiros no empresariado voltaria ao <em>modus operandi<\/em> habitual. Entretanto, n\u00e3o bastava derrubar a ex-presidenta Dilma Rousseff, porque o ex-presidente Lula era favorito para chegar a seu terceiro mandato.<\/p>\n\n\n\n<p>Tamb\u00e9m voltados \u00e0quela vis\u00e3o elitista e antidemocr\u00e1tica estavam os membros da Lava Jato no Judici\u00e1rio e no Minist\u00e9rio P\u00fablico Federal.<\/p>\n\n\n\n<p>A opera\u00e7\u00e3o culminou na pris\u00e3o de Lula em 2018 em um julgamento repleto de irregularidades, com condena\u00e7\u00e3o sem provas materiais e infringindo o devido processo legal. Ele liderava com folga as pesquisas de inten\u00e7\u00e3o de voto, que, a partir de ent\u00e3o, previsivelmente passaram a ter na dianteira o segundo colocado: Jair Bolsonaro.<\/p>\n\n\n\n<p>Assim, aquele pol\u00edtico at\u00e9 ent\u00e3o irrelevante, conhecido por defender tortura, autoritarismo e toda sorte de preconceitos, realizou o antes impens\u00e1vel feito de se tornar presidente. Nunca conseguiria n\u00e3o fosse pelo cons\u00f3rcio empenhado em tirar o PT do poder.<\/p>\n\n\n\n<p>Equivocou-se quem imaginou que a sa\u00edda desse partido premiaria algum setor mais \u201cequilibrado\u201d de defensores do mercado. A criminaliza\u00e7\u00e3o da pol\u00edtica n\u00e3o atingiu apenas a esquerda. A busca por quem n\u00e3o representasse a \u201cvelha pol\u00edtica\u201d afundou grandes partidos do establishment, facilitando a ascens\u00e3o de elementos ligados aos lobistas das armas, \u00e0 repress\u00e3o policial e\/ou a criminosos paramilitares.<\/p>\n\n\n\n<p>Mesmo sem Lula, o candidato do PT nas elei\u00e7\u00f5es de 2018, Fernando Haddad, saiu dos 6% de inten\u00e7\u00f5es de voto, a um m\u00eas das elei\u00e7\u00f5es, diretamente para o segundo turno. Aquela direita que liderou o golpe em 2016 tentou se contrapor como uma equilibrada \u201cterceira via\u201d, um \u201ccentro democr\u00e1tico\u201d, apresentando Haddad e Bolsonaro como se fossem equivalentes, extremistas de esquerda e de direita.<\/p>\n\n\n\n<p>A volta de Lula como potencial candidato refor\u00e7a a tend\u00eancia de o PT ser o principal advers\u00e1rio do bolsonarismo. Entretanto, a dita \u201cterceira via\u201d procura real\u00e7ar o sentimento antipetista, criado e adubado pelo massacre jur\u00eddico-midi\u00e1tico que vinculou o r\u00f3tulo de \u201ccorrupto\u201d ao partido, repetindo a narrativa que levou o atual presidente ao poder.<\/p>\n\n\n\n<p>A disputa por esse espa\u00e7o fora dos supostos \u201cpopulismos e radicalismos de esquerda e direita\u201d, valorizada na grande m\u00eddia, envolve v\u00e1rias figuras de destaque. Algumas delas oficializaram essa posi\u00e7\u00e3o se unindo no chamado \u201c<a href=\"https:\/\/www1.folha.uol.com.br\/poder\/2021\/03\/manifesto-pela-democracia-une-ciro-huck-doria-mandetta-amoedo-e-eduardo-leite.shtml\">Manifesto pela consci\u00eancia democr\u00e1tica<\/a>\u201d. S\u00e3o eles os governadores do PSDB nos estados de S\u00e3o Paulo e Rio Grande do Sul, Jo\u00e3o Doria e Eduardo Leite, o popular apresentador de televis\u00e3o Luciano Huck, os ex-presidenci\u00e1veis Ciro Gomes e Jo\u00e3o Amo\u00eado, e mesmo Luiz Henrique Mandetta, um dos quatro ministros da Sa\u00fade de Bolsonaro desde o in\u00edcio da pandemia. Este ficou famoso ao, n\u00e3o aceitar ser c\u00famplice da irresponsabilidade anticient\u00edfica do governo, diante da Covid-19.<\/p>\n\n\n\n<p>Ciro Gomes \u00e9 o \u00fanico do grupo que n\u00e3o apoiou o golpe em 2016, n\u00e3o defende a radicaliza\u00e7\u00e3o do neoliberalismo e n\u00e3o votou em Bolsonaro, mas sua estrat\u00e9gia \u00e9 atacar o PT, negligenciando que o antipetismo \u00e9 o pai do bolsonarismo. Luciano Huck, celebridade de fora da pol\u00edtica institucional cuja fama vem de seu programa de sensacionalismo assistencialista na TV, declarou que jamais votou ou votaria no PT, e que Bolsonaro tinha \u201ca chance de ouro de ressignificar a pol\u00edtica no Brasil\u201d. De fato, ressignificou&#8230;<\/p>\n\n\n\n<p><strong>As For\u00e7as Armadas e a consolida\u00e7\u00e3o de uma quarta via<\/strong><\/p>\n\n\n\n<p>Enquanto o \u201ccentro democr\u00e1tico\u201d diz se opor ao autoritarismo bolsonarista que ajudou a viabilizar, uma quarta via se consolida: desde o golpe, h\u00e1 uma militariza\u00e7\u00e3o da pol\u00edtica brasileira, que se acelerou com Bolsonaro.<\/p>\n\n\n\n<p>J\u00e1 nos protestos contra Dilma Rousseff sempre houve cartazes pedindo a volta dos militares. Ao assumir, Michel Temer recriou o Gabinete de Seguran\u00e7a Institucional, com comando de um general opositor da Comiss\u00e3o Nacional da Verdade. Tamb\u00e9m colocou um general como ministro da Defesa, o que n\u00e3o ocorria havia mais de 15 anos. E autorizou uma interven\u00e7\u00e3o federal militar na pol\u00edtica de seguran\u00e7a do Rio de Janeiro, com poderes acima do pr\u00f3prio governador.<\/p>\n\n\n\n<p>Bolsonaro, ele mesmo capit\u00e3o aposentado, escolheu o general Hamilton Mour\u00e3o para vice. Eleito, nomeou militares para um n\u00famero recorde de cargos detendo boa parte do or\u00e7amento federal, incluindo ministros. Mesmo na pasta da Sa\u00fade, ap\u00f3s demitir m\u00e9dicos que julgaram que sua pol\u00edtica de nega\u00e7\u00e3o do combate \u00e0 pandemia ia longe demais, colocou um general como ministro: Eduardo Pazuello deixaria o cargo quando o n\u00famero de mortes di\u00e1rias por Covid-19 no Brasil se aproximava de 2.500 (hoje ultrapassam 3 mil).<\/p>\n\n\n\n<p>Por press\u00f5es da bancada governista no Congresso, Bolsonaro teve que demitir a contragosto o chanceler Ernesto Ara\u00fajo. O ministro se desgastou ap\u00f3s repetidamente ofender a China, colar em Donald Trump e dificultar a compra de vacinas, exatamente como queria Bolsonaro.<\/p>\n\n\n\n<p>Logo em seguida, Bolsonaro realizou novas mudan\u00e7as nos minist\u00e9rios, buscando lealdade incondicional. Indicou como novo ministro da Justi\u00e7a um delegado da Pol\u00edcia Federal, de forma a garantir apoio entre policiais. Colocou uma deputada de primeiro mandato para ser sua articuladora pol\u00edtica, na inten\u00e7\u00e3o de facilitar acordos com setores clientelistas do Congresso.<\/p>\n\n\n\n<p>A exonera\u00e7\u00e3o do general que ocupava o minist\u00e9rio da Defesa, contudo, \u00e9 o caso mais complexo. Ele havia declarado que as For\u00e7as Armadas s\u00e3o institui\u00e7\u00f5es de Estado e n\u00e3o de governo e n\u00e3o apoiou o estado de s\u00edtio que Bolsonaro planejava. Logo ap\u00f3s a sua exonera\u00e7\u00e3o, os comandantes das tr\u00eas For\u00e7as Armadas tamb\u00e9m entregaram seus cargos, em bloco, algo in\u00e9dito no pa\u00eds. O do Ex\u00e9rcito j\u00e1 estava estremecido com o presidente. Se Bolsonaro pretendia demonstrar que estava no comando, o resultado foi o inverso.<\/p>\n\n\n\n<p>No entanto, h\u00e1 generais ainda fi\u00e9is a ele, como Augusto Heleno, atual chefe do Gabinete de Seguran\u00e7a Institucional, e seu assessor especial Eduardo Villas-B\u00f4as, ambos com hist\u00f3rico recente de amea\u00e7as ao Supremo Tribunal Federal. Outro \u00e9 Walter Braga Netto, que comandou a interven\u00e7\u00e3o federal no Rio de Janeiro. Na reforma ministerial do governo, ele saiu da Casa Civil para ocupar o Minist\u00e9rio da Defesa.<\/p>\n\n\n\n<p>Como as For\u00e7as Armadas agem sem transpar\u00eancia, \u00e9 dif\u00edcil prever as consequ\u00eancias. \u00c9 improv\u00e1vel que agora se afastem novamente da pol\u00edtica, como recomendariam suas atribui\u00e7\u00f5es constitucionais. Ainda que estejam entranhadas nas estruturas governamentais, \u00e9 calculado seu movimento de descolarem-se da desgastada imagem de Bolsonaro de p\u00e1ria internacional, denominado \u201cgenocida\u201d pelos compatriotas por contribuir ativamente para uma mortandade sem paralelo nesta pandemia.<\/p>\n\n\n\n<p>Pode ser o caminho para as For\u00e7as Armadas voltarem \u00e0 Presid\u00eancia, sem um desastrado intermedi\u00e1rio. Da \u00faltima vez que o fizeram, permaneceram por 21 anos, violando direitos humanos.<\/p>\n\n\n\n<hr class=\"wp-block-separator\" id=\"block-48792074-df1f-403c-9306-66d74076c1d1\"\/>\n\n\n\n<p class=\"has-text-align-right\" id=\"block-14b0c69d-56cb-4a24-8318-e83616b0aafc\"><strong><em>Epis\u00f3dio relacionado de nosso\u00a0<a href=\"http:\/\/latinoamerica21.com\/podcast\/\">podcast<\/a><\/em>:<\/strong><\/p>\n\n\n\n<figure class=\"wp-block-embed is-type-rich is-provider-spotify wp-block-embed-spotify wp-embed-aspect-21-9 wp-has-aspect-ratio\"><div class=\"wp-block-embed__wrapper\">\n<iframe title=\"Spotify Embed: Justi\u00e7a e pol\u00edtica no Brasil. O caso Lava Jato \" style=\"border-radius: 12px\" width=\"100%\" height=\"152\" frameborder=\"0\" allowfullscreen allow=\"autoplay; clipboard-write; encrypted-media; fullscreen; picture-in-picture\" loading=\"lazy\" src=\"https:\/\/open.spotify.com\/embed\/episode\/40QoyRrCsrUNHaaLoRLEih?si=Be11qDVlSTmvoVCIOyTv9w&#038;utm_source=oembed\"><\/iframe>\n<\/div><\/figure>\n","protected":false},"excerpt":{"rendered":"<p>\u00c9 pouco prov\u00e1vel que a ala mais radical das For\u00e7as Armadas se retire da pol\u00edtica, como recomendariam seus deveres constitucionais. Embora estejam entrincheirados nas estruturas do governo, um movimento para se desprenderem da imagem erodida de Bolsonaro poderia ser o caminho para que retornassem \u00e0 presid\u00eancia, sem um intermedi\u00e1rio desajeitado. <\/p>\n","protected":false},"author":183,"featured_media":4910,"comment_status":"closed","ping_status":"closed","sticky":false,"template":"","format":"standard","meta":{"_acf_changed":false,"episode_type":"","audio_file":"","cover_image":"","cover_image_id":"","duration":"","filesize":"","filesize_raw":"","date_recorded":"","explicit":"","block":"","itunes_episode_number":"","itunes_title":"","itunes_season_number":"","itunes_episode_type":"","footnotes":""},"categories":[16728,544],"tags":[],"gps":[],"class_list":{"0":"post-4922","1":"post","2":"type-post","3":"status-publish","4":"format-standard","5":"has-post-thumbnail","7":"category-brasil-pt-br","8":"category-politica-br"},"acf":[],"_links":{"self":[{"href":"https:\/\/latinoamerica21.com\/pt-br\/wp-json\/wp\/v2\/posts\/4922","targetHints":{"allow":["GET"]}}],"collection":[{"href":"https:\/\/latinoamerica21.com\/pt-br\/wp-json\/wp\/v2\/posts"}],"about":[{"href":"https:\/\/latinoamerica21.com\/pt-br\/wp-json\/wp\/v2\/types\/post"}],"author":[{"embeddable":true,"href":"https:\/\/latinoamerica21.com\/pt-br\/wp-json\/wp\/v2\/users\/183"}],"replies":[{"embeddable":true,"href":"https:\/\/latinoamerica21.com\/pt-br\/wp-json\/wp\/v2\/comments?post=4922"}],"version-history":[{"count":0,"href":"https:\/\/latinoamerica21.com\/pt-br\/wp-json\/wp\/v2\/posts\/4922\/revisions"}],"wp:featuredmedia":[{"embeddable":true,"href":"https:\/\/latinoamerica21.com\/pt-br\/wp-json\/wp\/v2\/media\/4910"}],"wp:attachment":[{"href":"https:\/\/latinoamerica21.com\/pt-br\/wp-json\/wp\/v2\/media?parent=4922"}],"wp:term":[{"taxonomy":"category","embeddable":true,"href":"https:\/\/latinoamerica21.com\/pt-br\/wp-json\/wp\/v2\/categories?post=4922"},{"taxonomy":"post_tag","embeddable":true,"href":"https:\/\/latinoamerica21.com\/pt-br\/wp-json\/wp\/v2\/tags?post=4922"},{"taxonomy":"gps","embeddable":true,"href":"https:\/\/latinoamerica21.com\/pt-br\/wp-json\/wp\/v2\/gps?post=4922"}],"curies":[{"name":"wp","href":"https:\/\/api.w.org\/{rel}","templated":true}]}}