{"id":49916,"date":"2025-08-09T09:00:00","date_gmt":"2025-08-09T12:00:00","guid":{"rendered":"https:\/\/latinoamerica21.com\/?p=49916"},"modified":"2025-08-08T22:02:39","modified_gmt":"2025-08-09T01:02:39","slug":"sheinbaum-e-trump-em-busca-do-meio-termo","status":"publish","type":"post","link":"https:\/\/latinoamerica21.com\/pt-br\/sheinbaum-e-trump-em-busca-do-meio-termo\/","title":{"rendered":"Sheinbaum e Trump: em busca do meio-termo"},"content":{"rendered":"\n<p>A estrat\u00e9gia de Claudia Sheinbaum diante dos Estados Unidos baseia-se, razoavelmente, em que ela seja responsabilizada por seu governo daqui em diante. Ela, no entanto, quando necess\u00e1rio, volta atr\u00e1s repetidamente, seja para questionar os \u201cconservadores\u201d ou exaltar a obra do at\u00e9 agora \u201cmelhor presidente do M\u00e9xico\u201d e, a partir desse p\u00f3dio ret\u00f3rico, busca construir acordos com o governo de Donald Trump. No entanto, Trump, no caso do M\u00e9xico, vai do passado ao presente para construir o futuro de seu projeto pol\u00edtico MAGA (\u201cMake America great again\u201d). Essa corrida imperial, para muitos insensata e irracional pelos efeitos que tem na economia estadunidense, n\u00e3o parece ter meio-termo. Isso explica a constante instabilidade na rela\u00e7\u00e3o entre esses parceiros comerciais.<\/p>\n\n\n\n<p>Nessa <a href=\"https:\/\/latinoamerica21.com\/pt-br\/claudia-sheinbaum-sob-pressao-e-sem-muita-margem-de-manobra\/\">rela\u00e7\u00e3o problem\u00e1tica<\/a>, os negociadores mexicanos t\u00eam cedido em quest\u00f5es de migra\u00e7\u00e3o. Eles blindaram a fronteira para impedir o fluxo de migrantes caribenhos, centro-americanos e sul-americanos que buscavam chegar aos Estados Unidos, causando gargalos em nossas fronteiras, contiveram o fluxo de fentanil para os mercados de drogas estadunidenses e extraditaram chefes do crime que cumpriam pena em nossas pris\u00f5es.<\/p>\n\n\n\n<p>O governo de Sheinbaum assumiu tarifas sobre os produtos n\u00e3o contemplados no Tratado entre o M\u00e9xico, os Estados Unidos e o Canad\u00e1 (T-MEC) e agora n\u00e3o tem capacidade para reagir aos <a href=\"https:\/\/es.wired.com\/articulos\/mexico-evita-aranceles-adicionales-del-30-y-logra-prorroga-de-90-dias-con-ee-uu\">30% sobre todas as exporta\u00e7\u00f5es mexicanas<\/a>, mesmo com a amea\u00e7a de que elas podem diminuir ou aumentar dependendo dos resultados das a\u00e7\u00f5es realizadas pelo governo. Al\u00e9m disso, tamb\u00e9m n\u00e3o pode reagir a algo que est\u00e1 cada vez mais vis\u00edvel, como \u00e9 o controle do territ\u00f3rio e das \u00e1guas territoriais na luta contra as m\u00e1fias da pirataria, drogas, huachicol e lavagem de dinheiro, que se manifesta em deten\u00e7\u00f5es, apreens\u00f5es, interven\u00e7\u00f5es financeiras e controle sobre a entrada de precursores qu\u00edmicos para a produ\u00e7\u00e3o de drogas sint\u00e9ticas.<\/p>\n\n\n\n<p>O tema em que ele parece mais relutante em ceder \u00e9 o da base pol\u00edtica do crime organizado. As a\u00e7\u00f5es proativas e substantivas contra as m\u00e1fias remetem irremediavelmente ao governo de L\u00f3pez Obrador e sua pol\u00edtica permissiva de \u201cabra\u00e7os, n\u00e3o tiros\u201d. Este \u00e9 o ponto que o governo usa para pressionar: vai mais longe contra as m\u00e1fias porque o contr\u00e1rio poderia significar uma crise governamental de grandes propor\u00e7\u00f5es, j\u00e1 que L\u00f3pez Obrador continua a ter controle sobre a estrutura pol\u00edtica e qualquer falha contra ele seria vista como uma trai\u00e7\u00e3o ao seu projeto pol\u00edtico transexenal. \u00c9 o ideal de estar 40 anos no governo, como prev\u00ea o senador Fern\u00e1ndez Noro\u00f1a.<\/p>\n\n\n\n<p>Em contrapartida, poder\u00edamos dizer que, na \u201cnegocia\u00e7\u00e3o bilateral\u201d, o M\u00e9xico recebeu apenas incerteza, porque parece que, quanto mais cede, mais lhe \u00e9 exigido do outro lado da fronteira norte, o que mostra que o que os negociadores de ambos os lados acordam em dif\u00edceis negocia\u00e7\u00f5es \u00e9 derrubado com uma canetada. Portanto, o que a presidente Sheinbaum argumenta quando afirma que quer \u201cuma rela\u00e7\u00e3o de iguais\u201d fica como um mantra nas confer\u00eancias matinais.<\/p>\n\n\n\n<p>Isso pode estar causando problemas no gabinete. H\u00e1 algumas semanas, correu o boato de que Juan Ram\u00f3n de la Fuente deixaria o Minist\u00e9rio das Rela\u00e7\u00f5es Exteriores porque n\u00e3o estava dando os resultados esperados ou n\u00e3o concordava com a pol\u00edtica bilateral. E a verdade \u00e9 que, em meio a essas estrat\u00e9gias, quem poderia obter melhores resultados? Ent\u00e3o, a quest\u00e3o que se depreende dessas estrat\u00e9gias de soma zero \u2014 em que o que um perde, outro ganha \u2014 \u00e9 o que os negociadores mexicanos teriam que fazer para chegar a um meio-termo consolidado entre as duas posi\u00e7\u00f5es. T\u00eam duas op\u00e7\u00f5es.<\/p>\n\n\n\n<p>A primeira \u00e9 continuar na linha at\u00e9 agora sustentada de ceder para favorecer a agenda MAGA, o que significaria principalmente entregar todos aqueles pol\u00edticos e empres\u00e1rios que direta ou indiretamente permitiram a expans\u00e3o dos cart\u00e9is de drogas nos mercados estadunidenses.<\/p>\n\n\n\n<p>A segunda \u00e9 enrolar-se na bandeira nacional e refor\u00e7ar o discurso nacionalista que cada vez mais ouvimos da presidente Sheinbaum, ou estimular a\u00e7\u00f5es simb\u00f3licas. Afinal, somos um pa\u00eds repleto de s\u00edmbolos, como os que vimos contra a gentrifica\u00e7\u00e3o d\u00factil na Cidade do M\u00e9xico, onde manifestantes organizados inesperadamente gritaram os slogans anticolonialistas dos anos 70: \u201cFora gringos!\u201d, \u201cGringos, v\u00e3o para casa!\u201d. A realidade \u00e9 que aqueles que gentrificam podem ser perfeitamente mexicanos que chegam para alugar ou comprar im\u00f3veis em bairros tradicionalmente da classe m\u00e9dia da capital.<\/p>\n\n\n\n<p>At\u00e9 agora, a administra\u00e7\u00e3o Sheinbaum joga com as duas posi\u00e7\u00f5es. Por um lado, emite um mandado de pris\u00e3o contra Hern\u00e1n Berm\u00fadez Requena, ex-secret\u00e1rio de Seguran\u00e7a P\u00fablica durante o governo do poderoso l\u00edder da fac\u00e7\u00e3o morenista no Senado da Rep\u00fablica, por sua liga\u00e7\u00e3o com o cartel La Barredora, uma franquia local do tamb\u00e9m poderoso Cartel Jalisco Nueva Generaci\u00f3n, que levou a viol\u00eancia a esse estado do sudeste mexicano.<\/p>\n\n\n\n<p>Quanto \u00e0s manifesta\u00e7\u00f5es antiamericanas em uma viagem pelo noroeste do pa\u00eds, a presidente Sheinbaum manifestou em v\u00e1rias ocasi\u00f5es um \u201cn\u00e3o ao intervencionismo\u201d e exigiu \u201crespeito \u00e0 soberania\u201d, em clara equidist\u00e2ncia com o \u201cYanqui go home\u201d das ruas da Cidade do M\u00e9xico.<\/p>\n\n\n\n<p>O governo de Claudia Sheinbaum est\u00e1 sem d\u00favida em um s\u00e9rio dilema e com o tempo se esgotando, pois, embora a aplica\u00e7\u00e3o da tarifa para todas as exporta\u00e7\u00f5es mexicanas tenha sido renovada por 90 dias, continua firme a espada de D\u00e2mocles de que o governo Trump continue pressionando e obtendo concess\u00f5es sem garantias de que, uma vez obtido o exigido, n\u00e3o v\u00e1 pedir mais, especialmente na quest\u00e3o crucial dos narcopol\u00edticos do Morena. Ou seja, os 90 dias ser\u00e3o um al\u00edvio para o M\u00e9xico, mas tamb\u00e9m um calv\u00e1rio para os negociadores nacionais.<\/p>\n\n\n\n<p>Ent\u00e3o, ap\u00f3s esses 90 dias, saberemos quais s\u00e3o as decis\u00f5es executivas que Sheinbaum tomar\u00e1 para responder \u00e0 dial\u00e9tica de Trump de aumentar ou diminuir as tarifas em fun\u00e7\u00e3o dos resultados na luta contra a migra\u00e7\u00e3o irregular e o tr\u00e1fico de fentanil, pois essa droga sint\u00e9tica, al\u00e9m de seus terr\u00edveis componentes, tem um ingrediente pol\u00edtico at\u00e9 agora intoc\u00e1vel.<\/p>\n\n\n\n<p>E \u00e9 a\u00ed que a rela\u00e7\u00e3o bilateral escorrega, porque Sheinbaum n\u00e3o quer ir contra seus camaradas e, al\u00e9m disso, mesmo que quisesse, n\u00e3o tem o poder nem a vontade de faz\u00ea-lo, e isso \u00e9 sabido em Washington. E \u00e9 por isso que eles dosam as cargas pol\u00edticas e midi\u00e1ticas contra um governo que, em outras quest\u00f5es, tem se mostrado disposto a cooperar com o projeto MAGA e, visto da perspectiva latino-americana, vai contra a esquerda dos governos do Brasil, Col\u00f4mbia e Venezuela.<\/p>\n\n\n\n<p><em><sub>Tradu\u00e7\u00e3o autom\u00e1tica revisada por Isabel Lima<\/sub><\/em><\/p>\n","protected":false},"excerpt":{"rendered":"<p>Sheinbaum navega entre concess\u00f5es a Trump e um discurso nacionalista, presa em uma rela\u00e7\u00e3o bilateral onde quanto mais o M\u00e9xico cede, mais \u00e9 exigido dele.<\/p>\n","protected":false},"author":331,"featured_media":49904,"comment_status":"closed","ping_status":"closed","sticky":false,"template":"","format":"standard","meta":{"_acf_changed":false,"episode_type":"","audio_file":"","cover_image":"","cover_image_id":"","duration":"","filesize":"","filesize_raw":"","date_recorded":"","explicit":"","block":"","itunes_episode_number":"","itunes_title":"","itunes_season_number":"","itunes_episode_type":"","footnotes":""},"categories":[16706,16762],"tags":[17187],"gps":[],"class_list":{"0":"post-49916","1":"post","2":"type-post","3":"status-publish","4":"format-standard","5":"has-post-thumbnail","7":"category-mexico-pt-br","8":"category-relaiciones-internacionales-pt-br","9":"tag-debates-2"},"acf":[],"_links":{"self":[{"href":"https:\/\/latinoamerica21.com\/pt-br\/wp-json\/wp\/v2\/posts\/49916","targetHints":{"allow":["GET"]}}],"collection":[{"href":"https:\/\/latinoamerica21.com\/pt-br\/wp-json\/wp\/v2\/posts"}],"about":[{"href":"https:\/\/latinoamerica21.com\/pt-br\/wp-json\/wp\/v2\/types\/post"}],"author":[{"embeddable":true,"href":"https:\/\/latinoamerica21.com\/pt-br\/wp-json\/wp\/v2\/users\/331"}],"replies":[{"embeddable":true,"href":"https:\/\/latinoamerica21.com\/pt-br\/wp-json\/wp\/v2\/comments?post=49916"}],"version-history":[{"count":0,"href":"https:\/\/latinoamerica21.com\/pt-br\/wp-json\/wp\/v2\/posts\/49916\/revisions"}],"wp:featuredmedia":[{"embeddable":true,"href":"https:\/\/latinoamerica21.com\/pt-br\/wp-json\/wp\/v2\/media\/49904"}],"wp:attachment":[{"href":"https:\/\/latinoamerica21.com\/pt-br\/wp-json\/wp\/v2\/media?parent=49916"}],"wp:term":[{"taxonomy":"category","embeddable":true,"href":"https:\/\/latinoamerica21.com\/pt-br\/wp-json\/wp\/v2\/categories?post=49916"},{"taxonomy":"post_tag","embeddable":true,"href":"https:\/\/latinoamerica21.com\/pt-br\/wp-json\/wp\/v2\/tags?post=49916"},{"taxonomy":"gps","embeddable":true,"href":"https:\/\/latinoamerica21.com\/pt-br\/wp-json\/wp\/v2\/gps?post=49916"}],"curies":[{"name":"wp","href":"https:\/\/api.w.org\/{rel}","templated":true}]}}