{"id":49974,"date":"2025-08-14T09:00:00","date_gmt":"2025-08-14T12:00:00","guid":{"rendered":"https:\/\/latinoamerica21.com\/?p=49974"},"modified":"2025-08-13T13:29:31","modified_gmt":"2025-08-13T16:29:31","slug":"bolivia-um-pais-a-ponto-de-explodir","status":"publish","type":"post","link":"https:\/\/latinoamerica21.com\/pt-br\/bolivia-um-pais-a-ponto-de-explodir\/","title":{"rendered":"Bol\u00edvia: um pa\u00eds a ponto de explodir"},"content":{"rendered":"\n<p>A Bol\u00edvia vive os \u00faltimos dias de um <a href=\"https:\/\/www.opinion.com.bo\/articulo\/pais\/candidatos-aceleran-campanas-poco-elecciones\/20250809071559977838.html\">processo eleitoral<\/a> longo, desordenado e turbulento. Se nos perguntarmos em que momento os partidos iniciaram suas campanhas eleitorais, certamente ningu\u00e9m teria uma resposta. Como nunca antes, o Tribunal Constitucional Plurinacional e o pr\u00f3prio Tribunal Supremo Eleitoral (TSE) (in)definiram os tempos pol\u00edticos. Desde o in\u00edcio de 2024, surgiram v\u00e1rias controv\u00e9rsias judiciais que anularam a candidatura de Evo Morales e deixaram no limbo a do Movimento Terceiro Sistema; foi anulada a personalidade jur\u00eddica do Pan Bol e bloqueada a candidatura de um outsider como Jaime Dunn por ter d\u00edvidas pendentes com o Estado, apesar de a documenta\u00e7\u00e3o emitida pela Controladoria Geral do Estado dizer o contr\u00e1rio.<\/p>\n\n\n\n<p>Evo Morales, cuja infinitude no cargo de presidente teve que ser interrompida abrutamente por uma mobiliza\u00e7\u00e3o cidad\u00e3, hoje se encontra refugiado em uma zona do Chapare devido a um mandado de pris\u00e3o por um caso de tr\u00e1fico de pessoas que o envolve diretamente. No entanto, isso n\u00e3o impediu o l\u00edder cocalero de organizar e liderar v\u00e1rios bloqueios de estradas para pressionar e se habilitar como candidato. Essas mobiliza\u00e7\u00f5es conseguiram, at\u00e9 agora, interromper por mais de 50 dias o fluxo de transporte e causar um preju\u00edzo econ\u00f4mico incalcul\u00e1vel. O pior \u00e9 que nada indica que essa l\u00f3gica de luta v\u00e1 parar. Em definitiva, \u00e9 o estilo de Morales de fazer pol\u00edtica.<\/p>\n\n\n\n<p>Por sua vez, o TSE passa por uma profunda crise institucional. Segundo os dados fornecidos pelas pesquisas de opini\u00e3o p\u00fablica da LAPOP, este \u00f3rg\u00e3o tem apenas 26,8% de confian\u00e7a, ou seja, tem danificado o maior de seus capitais, sua credibilidade. Seus membros protagonizam disputas internas que n\u00e3o parecem motivadas pela melhoria do \u00f3rg\u00e3o eleitoral, mas por decis\u00f5es que t\u00eam a ver com a habilita\u00e7\u00e3o ou n\u00e3o de candidatos. Muitas vezes, n\u00e3o se tem cuidado com as formas de civilidade e respeito: em junho de 2025, o membro do TSE Tahuichi Tahuichi Quispe chamou de \u201cburros e idiotas\u201d aqueles que iniciaram um processo criminal contra ele por sua recusa em habilitar os partidos Pan Bol e Frente Para la Victoria para participar das elei\u00e7\u00f5es. Nos \u00faltimos dias, o m\u00e1ximo representante desse \u00f3rg\u00e3o, Oscar Hassenteufel, aparentemente renunciou ao cargo, assediado e cansado das press\u00f5es pol\u00edticas; ap\u00f3s v\u00e1rias horas, a not\u00edcia foi desmentida e foi dito que ele s\u00f3 havia pedido licen\u00e7a por motivo de doen\u00e7a (da qual ainda n\u00e3o se recuperou).<\/p>\n\n\n\n<p>Se o que dizem as pesquisas tiver algum grau de certeza, a fragmenta\u00e7\u00e3o vai acabar com a estabilidade pol\u00edtica, sempre t\u00e3o prec\u00e1ria no pa\u00eds. A Bol\u00edvia tem uma infla\u00e7\u00e3o acumulada de 39,4%, a empresa petrol\u00edfera estatal YPFB n\u00e3o consegue abastecer o mercado interno de diesel e gasolina, e existe uma diferen\u00e7a de 100% entre o pre\u00e7o do d\u00f3lar oficial e o do mercado paralelo.<\/p>\n\n\n\n<p>Por sua vez, o governo renunciou a qualquer iniciativa pol\u00edtica e d\u00e1 a impress\u00e3o de que apenas espera terminar seu mandato. Em 8 de novembro deste ano, Luis Arce entregar\u00e1 o comando a um novo governo que, com pouco poder pol\u00edtico (as pesquisas d\u00e3o ao melhor posicionado uma margem de vota\u00e7\u00e3o de 21%), tentar\u00e1 assumir pol\u00edticas de choque que, embora necess\u00e1rias, gerar\u00e3o uma onda de descontentamento popular que colocar\u00e1 em risco sua governabilidade.<\/p>\n\n\n\n<p>Hoje, o pa\u00eds vive uma esp\u00e9cie de <a href=\"https:\/\/latinoamerica21.com\/pt-br\/uma-guinada-a-direita-na-bolivia\/\">fim de \u00e9poca<\/a>, mas sem um horizonte futuro claro. A oposi\u00e7\u00e3o, embora tenha conquistado a maior parte da prefer\u00eancia eleitoral, n\u00e3o tem uma proposta pol\u00edtica capaz de cativar os setores populares ou aqueles que no passado votaram no MAS. Por sua vez, os candidatos provenientes do tronco do MAS, Eduardo del Castillo e Andr\u00f3nico Rodr\u00edguez, n\u00e3o conseguem se separar do peso do mau governo de Arce e das influ\u00eancias do evismo. Rodr\u00edguez caiu em sua prefer\u00eancia eleitoral para 6% e del Castillo n\u00e3o consegue superar a barreira dos 3%.<\/p>\n\n\n\n<p>O que configura esse panorama? Por um lado, elei\u00e7\u00f5es administradas por um TSE cuja baixa credibilidade d\u00e1 margem a todas as vers\u00f5es de uma poss\u00edvel fraude. Um governo nacional que deixou de conduzir sua gest\u00e3o estatal. Uma fragmenta\u00e7\u00e3o pol\u00edtica que far\u00e1 com que cada um dos partidos fique com uma fatia do bolo do poder pol\u00edtico, sem que nenhum deles possa liderar uma pol\u00edtica anticrise devido ao seu baixo n\u00edvel de legitimidade pol\u00edtica.<\/p>\n\n\n\n<p>Todo esse panorama faz prever o surgimento de um conjunto de tens\u00f5es que o processo eleitoral n\u00e3o poder\u00e1 resolver.<\/p>\n\n\n\n<p><em><sub>Tradu\u00e7\u00e3o autom\u00e1tica revisada por Isabel Lima<\/sub><\/em><\/p>\n","protected":false},"excerpt":{"rendered":"<p>Em meio a uma crise econ\u00f4mica, um tribunal eleitoral desacreditado e uma fragmenta\u00e7\u00e3o pol\u00edtica extrema, a Bol\u00edvia caminha para elei\u00e7\u00f5es incapazes de resolver as tens\u00f5es que amea\u00e7am dominar o pa\u00eds.<\/p>\n","protected":false},"author":279,"featured_media":49970,"comment_status":"closed","ping_status":"closed","sticky":false,"template":"","format":"standard","meta":{"_acf_changed":false,"episode_type":"","audio_file":"","cover_image":"","cover_image_id":"","duration":"","filesize":"","filesize_raw":"","date_recorded":"","explicit":"","block":"","itunes_episode_number":"","itunes_title":"","itunes_season_number":"","itunes_episode_type":"","footnotes":""},"categories":[16710,16711],"tags":[17187],"gps":[],"class_list":{"0":"post-49974","1":"post","2":"type-post","3":"status-publish","4":"format-standard","5":"has-post-thumbnail","7":"category-bolivia-pt-br","8":"category-elecciones-pt-br","9":"tag-debates-2"},"acf":[],"_links":{"self":[{"href":"https:\/\/latinoamerica21.com\/pt-br\/wp-json\/wp\/v2\/posts\/49974","targetHints":{"allow":["GET"]}}],"collection":[{"href":"https:\/\/latinoamerica21.com\/pt-br\/wp-json\/wp\/v2\/posts"}],"about":[{"href":"https:\/\/latinoamerica21.com\/pt-br\/wp-json\/wp\/v2\/types\/post"}],"author":[{"embeddable":true,"href":"https:\/\/latinoamerica21.com\/pt-br\/wp-json\/wp\/v2\/users\/279"}],"replies":[{"embeddable":true,"href":"https:\/\/latinoamerica21.com\/pt-br\/wp-json\/wp\/v2\/comments?post=49974"}],"version-history":[{"count":0,"href":"https:\/\/latinoamerica21.com\/pt-br\/wp-json\/wp\/v2\/posts\/49974\/revisions"}],"wp:featuredmedia":[{"embeddable":true,"href":"https:\/\/latinoamerica21.com\/pt-br\/wp-json\/wp\/v2\/media\/49970"}],"wp:attachment":[{"href":"https:\/\/latinoamerica21.com\/pt-br\/wp-json\/wp\/v2\/media?parent=49974"}],"wp:term":[{"taxonomy":"category","embeddable":true,"href":"https:\/\/latinoamerica21.com\/pt-br\/wp-json\/wp\/v2\/categories?post=49974"},{"taxonomy":"post_tag","embeddable":true,"href":"https:\/\/latinoamerica21.com\/pt-br\/wp-json\/wp\/v2\/tags?post=49974"},{"taxonomy":"gps","embeddable":true,"href":"https:\/\/latinoamerica21.com\/pt-br\/wp-json\/wp\/v2\/gps?post=49974"}],"curies":[{"name":"wp","href":"https:\/\/api.w.org\/{rel}","templated":true}]}}