{"id":5313,"date":"2021-05-04T06:33:00","date_gmt":"2021-05-04T09:33:00","guid":{"rendered":"http:\/\/latinoamerica21.com\/?p=5313"},"modified":"2021-05-05T06:37:38","modified_gmt":"2021-05-05T09:37:38","slug":"panama-em-uma-pandemia-segregacao-por-sexo-e-carteira-de-identidade","status":"publish","type":"post","link":"https:\/\/latinoamerica21.com\/pt-br\/panama-em-uma-pandemia-segregacao-por-sexo-e-carteira-de-identidade\/","title":{"rendered":"Panam\u00e1 em uma pandemia: segrega\u00e7\u00e3o por sexo e carteira de identidade"},"content":{"rendered":"\n<p>No Panam\u00e1, em 13 de mar\u00e7o de 2020, o Conselho de Ministros declarou um \u201cEstado de Emerg\u00eancia Nacional\u201d mediante a Resolu\u00e7\u00e3o No. 11. Nesse dia, o Poder Executivo emitiu um Decreto ordenando, entre outras coisas, \u201cmedidas sanit\u00e1rias extremas \u00e0 luz da declara\u00e7\u00e3o de uma pandemia\u201d, e ordenou \u00e0s autoridades regionais e locais que estabelecessem mecanismos de vigil\u00e2ncia para garantir o cumprimento das medidas sanit\u00e1rias.<\/p>\n\n\n\n<p>Desde ent\u00e3o, o governo panamenho emitiu regulamenta\u00e7\u00f5es que tiveram efeitos secund\u00e1rios sobre a vida das pessoas. Um deles foi o Decreto 577 de 24 de mar\u00e7o de 2020, que declarou uma quarentena total e delegou a quest\u00e3o da mobilidade das pessoas ao Plano <em>Prot\u00e9gete<\/em> <em>Panam\u00e1<\/em>. Como resultado, a Resolu\u00e7\u00e3o 360 foi emitida com o objetivo de adotar novas medidas para restringir a mobilidade de pessoas com base no sexo e no n\u00famero de identifica\u00e7\u00e3o.<\/p>\n\n\n\n<p>Peru, Col\u00f4mbia e Panam\u00e1 foram os \u00fanicos tr\u00eas pa\u00edses do mundo a aplicar uma medida semelhante. No entanto, tanto a Col\u00f4mbia como o Peru tiveram medidas de curta dura\u00e7\u00e3o. No Panam\u00e1, a medida durou quase seis meses, de 30 de mar\u00e7o at\u00e9 13 de setembro de 2020.&nbsp;<\/p>\n\n\n\n<p>A medida consistia em que as pessoas pudessem circular de acordo com o \u00faltimo n\u00famero de sua identifica\u00e7\u00e3o em um hor\u00e1rio definido para acessar servi\u00e7os essenciais por duas horas. As mulheres poderiam sair \u00e0s segundas, quartas e sextas e os homens \u00e0s ter\u00e7as, quintas e s\u00e1bados. Aos domingos, ningu\u00e9m podia circular.<\/p>\n\n\n\n<p>Juntos, pesquisadores da <em>London School of Economics<\/em> (Clare Wenham, Corina Rueda e Daniela Meneses) e do Centro Internacional de Estudos Pol\u00edticos e Sociais (CIEPS) iniciaram pesquisas para entender os impactos sociais desta medida. Isto foi feito atrav\u00e9s de um estudo qualitativo no qual representantes de grupos da sociedade civil e funcion\u00e1rios estatais foram entrevistados. O estudo revelou a dificuldade de acesso a recursos b\u00e1sicos e discrimina\u00e7\u00e3o.<\/p>\n\n\n\n<p><strong>Acesso aos recursos b\u00e1sicos<\/strong><\/p>\n\n\n\n<p>A pol\u00edtica desagregada por sexo e carteira de identidade no Panam\u00e1 aumentou as barreiras ao acesso a recursos b\u00e1sicos no n\u00edvel da sa\u00fade. Algumas instala\u00e7\u00f5es de sa\u00fade terci\u00e1ria foram designadas como hospitais Covid-19, o que significava que aqueles que precisavam acessar outros servi\u00e7os tinham que ir para instala\u00e7\u00f5es m\u00e9dicas mais distantes, embora tivessem apenas duas horas. As consequ\u00eancias foram ainda mais profundas para os residentes rurais, que podiam viver a mais de tr\u00eas horas de dist\u00e2ncia do ponto de atendimento.<\/p>\n\n\n\n<p>Outro exemplo s\u00e3o os tempos de espera desnecessariamente longos para a simples remo\u00e7\u00e3o de pontos de cirurgias menores, pois o dia da consulta n\u00e3o correspondia com a sa\u00edda. E embora uma consulta m\u00e9dica fosse uma exce\u00e7\u00e3o \u00e0 permiss\u00e3o de sair mediante a apresenta\u00e7\u00e3o de um comprovante, isso muitas vezes dependia do acesso a dados em telefones celulares ou impressos, com os quais as pessoas nem sempre podiam contar.<\/p>\n\n\n\n<p>O acesso e a presta\u00e7\u00e3o de servi\u00e7os de sa\u00fade sexual e reprodutiva tamb\u00e9m foram afetados.&nbsp; Algumas mulheres relataram preocupa\u00e7\u00e3o e dificuldade em obter seu per\u00edodo menstrual em uma sexta-feira \u00e0 noite sem produtos sanit\u00e1rios. Da mesma forma, de acordo com os prestadores de servi\u00e7os de sa\u00fade reprodutiva, eles estavam sobrecarregados nos dias em que as mulheres podiam sair devido \u00e0s longas filas que se formavam, pois as mulheres frequentemente n\u00e3o conseguiam fazer suas compras dentro das duas horas permitidas. Em alguns casos, o acesso a um medicamento poderia levar cinco horas em tr\u00eas dias (quase todas as seis horas permitidas por semana).<\/p>\n\n\n\n<p><strong>Impactos Interseccionais<\/strong><\/p>\n\n\n\n<p>Em geral, toda a popula\u00e7\u00e3o foi afetada pela medida, mas certos setores da sociedade, como os ind\u00edgenas, migrantes, pessoas com defici\u00eancia, pessoas transg\u00eaneras, crian\u00e7as, adolescentes e mulheres, sofreram maiores consequ\u00eancias. Portanto, a medida aprofundou as desigualdades que existiam antes da pandemia, apesar das advert\u00eancias de organiza\u00e7\u00f5es nacionais e internacionais.<\/p>\n\n\n\n<p>As crian\u00e7as e adolescentes, por exemplo, n\u00e3o tinham tempo determinado para deixar seus lares. Isto era incompat\u00edvel com os acordos de visita pr\u00e9-estabelecidos entre pais separados onde os filhos tinham que se mudar entre dois lares. E no caso de pais solteiros, estes \u00faltimos acharam ainda mais dif\u00edcil o acesso \u00e0s mercadorias porque n\u00e3o podiam acess\u00e1-las com seus filhos, portanto precisavam de mais tempo para mud\u00e1-los para outros lugares para seu cuidado.<\/p>\n\n\n\n<p>A medida n\u00e3o levava em conta a desigualdade de g\u00eanero pr\u00e9-existente. Segundo dados da <a href=\"https:\/\/cieps.org.pa\/wp-content\/uploads\/2020\/05\/EncuestaCIEPS2019.pdf\">pesquisa do CIEPS<\/a> de 2019, 70,6% dos cuidadores s\u00e3o mulheres e as duas horas foram insuficientes para realizar tarefas de cuidado. Al\u00e9m disso, as mulheres em empregos essenciais relataram sofrer mais ass\u00e9dio verbal nos dias designados aos homens, pois n\u00e3o havia muitas mulheres nas ruas, o que aumentava o medo e os sentimentos de inseguran\u00e7a.<\/p>\n\n\n\n<p>Al\u00e9m disso, n\u00e3o h\u00e1 nenhuma lei de identidade de g\u00eanero no Panam\u00e1. Neste contexto, o fato de a mobilidade ser regida pelo sexo biol\u00f3gico na carteira de identidade imp\u00f4s obst\u00e1culos ao movimento de pessoas transg\u00eaneras que foram questionadas por policiais, quer tenham sa\u00eddo no dia do sexo em sua carteira de identidade ou por causa de seu g\u00eanero.<\/p>\n\n\n\n<p><strong>Li\u00e7\u00f5es e desafios futuros<\/strong><\/p>\n\n\n\n<p>Al\u00e9m de ser uma ferramenta de controle de doen\u00e7as, a pol\u00edtica de segrega\u00e7\u00e3o de sexo e carteira de identidade teve amplos efeitos colaterais na sociedade panamenha e pode ser vista como uma pol\u00edtica p\u00fablica e social regressiva. Ela exacerbou as desigualdades e produziu novas barreiras ao acesso a servi\u00e7os essenciais para grupos vulner\u00e1veis que, ironicamente, sofreram as consequ\u00eancias dessa medida.<\/p>\n\n\n\n<p>Estes impactos \u2013 previs\u00edveis \u2013 parecem n\u00e3o ter sido considerados na cria\u00e7\u00e3o ou desenvolvimento da pol\u00edtica, nem durante os seis meses em que ela permaneceu inalterada, apesar das exig\u00eancias dos grupos que protestaram contra ela. O Panam\u00e1 deve assegurar a igualdade no desenvolvimento de pol\u00edticas p\u00fablicas e antecipar os poss\u00edveis impactos negativos que elas possam ter para evitar o aprofundamento das desigualdades dentro da sociedade.<\/p>\n\n\n\n<p><em>Nelva Ara\u00faz Reyes \u00e9 pesquisadora do Centro Internacional de Estudos Pol\u00edticos e Sociais. Ela \u00e9 membro da Rede de Mulheres Cientistas Pol\u00edticas e Cient\u00edficas do Panam\u00e1. Ela \u00e9 PhD em Direito pela Universidade Nacional Aut\u00f4noma do M\u00e9xico. Especialista em Direitos Humanos, G\u00eanero e Educa\u00e7\u00e3o Superior.<\/em><\/p>\n\n\n\n<p><em><sub>*Tradu\u00e7\u00e3o do espanhol por Maria Isabel Santos Lima<\/sub><\/em><\/p>\n\n\n\n<p><sub>Foto de Bernal Saborio G. (berkuspic) no Foter.com<\/sub><\/p>\n","protected":false},"excerpt":{"rendered":"<p>No Panam\u00e1, em 13 de mar\u00e7o de 2020, o Conselho de Ministros declarou &#8220;Estado de Emerg\u00eancia Nacional&#8221;, ordenando &#8220;medidas sanit\u00e1rias extremas diante da declara\u00e7\u00e3o de uma pandemia&#8221;, e estabelecendo mecanismos de vigil\u00e2ncia para garantir o cumprimento das medidas sanit\u00e1rias.<\/p>\n","protected":false},"author":216,"featured_media":5264,"comment_status":"closed","ping_status":"closed","sticky":false,"template":"","format":"standard","meta":{"_acf_changed":false,"episode_type":"","audio_file":"","cover_image":"","cover_image_id":"","duration":"","filesize":"","filesize_raw":"","date_recorded":"","explicit":"","block":"","itunes_episode_number":"","itunes_title":"","itunes_season_number":"","itunes_episode_type":"","footnotes":""},"categories":[16789,16936,546],"tags":[],"gps":[],"class_list":{"0":"post-5313","1":"post","2":"type-post","3":"status-publish","4":"format-standard","5":"has-post-thumbnail","7":"category-pandemia-pt-br","8":"category-panama-es-pt-br","9":"category-sociedad-br"},"acf":[],"_links":{"self":[{"href":"https:\/\/latinoamerica21.com\/pt-br\/wp-json\/wp\/v2\/posts\/5313","targetHints":{"allow":["GET"]}}],"collection":[{"href":"https:\/\/latinoamerica21.com\/pt-br\/wp-json\/wp\/v2\/posts"}],"about":[{"href":"https:\/\/latinoamerica21.com\/pt-br\/wp-json\/wp\/v2\/types\/post"}],"author":[{"embeddable":true,"href":"https:\/\/latinoamerica21.com\/pt-br\/wp-json\/wp\/v2\/users\/216"}],"replies":[{"embeddable":true,"href":"https:\/\/latinoamerica21.com\/pt-br\/wp-json\/wp\/v2\/comments?post=5313"}],"version-history":[{"count":0,"href":"https:\/\/latinoamerica21.com\/pt-br\/wp-json\/wp\/v2\/posts\/5313\/revisions"}],"wp:featuredmedia":[{"embeddable":true,"href":"https:\/\/latinoamerica21.com\/pt-br\/wp-json\/wp\/v2\/media\/5264"}],"wp:attachment":[{"href":"https:\/\/latinoamerica21.com\/pt-br\/wp-json\/wp\/v2\/media?parent=5313"}],"wp:term":[{"taxonomy":"category","embeddable":true,"href":"https:\/\/latinoamerica21.com\/pt-br\/wp-json\/wp\/v2\/categories?post=5313"},{"taxonomy":"post_tag","embeddable":true,"href":"https:\/\/latinoamerica21.com\/pt-br\/wp-json\/wp\/v2\/tags?post=5313"},{"taxonomy":"gps","embeddable":true,"href":"https:\/\/latinoamerica21.com\/pt-br\/wp-json\/wp\/v2\/gps?post=5313"}],"curies":[{"name":"wp","href":"https:\/\/api.w.org\/{rel}","templated":true}]}}