{"id":5393,"date":"2021-05-10T08:45:00","date_gmt":"2021-05-10T11:45:00","guid":{"rendered":"http:\/\/latinoamerica21.com\/?p=5393"},"modified":"2021-05-10T06:03:31","modified_gmt":"2021-05-10T09:03:31","slug":"venezuela-abuso-e-violencia-no-mundo-cultural","status":"publish","type":"post","link":"https:\/\/latinoamerica21.com\/pt-br\/venezuela-abuso-e-violencia-no-mundo-cultural\/","title":{"rendered":"Venezuela: abuso e viol\u00eancia no mundo cultural"},"content":{"rendered":"\n<p>O suic\u00eddio do escritor venezuelano Willy Mckey, ap\u00f3s ter admitido violar uma menor que o havia denunciado nas redes sociais, suscitou uma discuss\u00e3o que est\u00e1 pendente na Venezuela h\u00e1 muito tempo. <a href=\"http:\/\/latinoamerica21.com\/br\/o-brasil-de-bolsonaro-e-campeao-da-libertadores\/\" target=\"_blank\" rel=\"noreferrer noopener\">O debate sobre a viol\u00eancia de g\u00eanero<\/a> e, particularmente, a recorr\u00eancia e a impunidade com que vem ocorrendo em v\u00e1rios campos culturais est\u00e1 finalmente em cima da mesa.<\/p>\n\n\n\n<p>Para apoiar as v\u00edtimas de abuso e viol\u00eancia de g\u00eanero, mais de setenta artistas criaram o movimento \u201c<a href=\"https:\/\/twitter.com\/yotecreovzla\">Yo Te Creo Venezuela<\/a>\u201d (Eu Acredito em Voc\u00ea Venezuela), no entanto, a iniciativa ainda encontra muita resist\u00eancia. Enquanto surgem testemunhos de abusos, principalmente de mulheres jovens, outras rea\u00e7\u00f5es mostram como ser\u00e1 dif\u00edcil quebrar a naturaliza\u00e7\u00e3o da viol\u00eancia no mundo da cultura. Neste contexto, as redes sociais venezuelanas exp\u00f5em alguns argumentos recorrentes para rejeitar ou evitar o debate.<\/p>\n\n\n\n<p><strong>Os argumentos recorrentes<\/strong><\/p>\n\n\n\n<p>\u201c\u00c9 melhor ficar quieto para n\u00e3o dar armas \u00e0 ditadura\u201d. Esta m\u00e1xima assegura que \u00e9 melhor permanecer em sil\u00eancio para n\u00e3o dar ao regime de Nicol\u00e1s Maduro uma desculpa para prender figuras da oposi\u00e7\u00e3o. Este racioc\u00ednio n\u00e3o \u00e9 diferente do de certas esquerdas que insistem em silenciar os crimes do socialismo real para n\u00e3o dar armas ao inimigo imperialista.<\/p>\n\n\n\n<p>Os detentores desta m\u00e1xima n\u00e3o percebem que as rela\u00e7\u00f5es de poder abusivas s\u00e3o transversais aos campos pol\u00edticos em disputa. \u00c9 claro que o regime de Maduro, evitando seus pr\u00f3prios abusos, j\u00e1 aproveitou destes esc\u00e2ndalos para perseguir a oposi\u00e7\u00e3o. Mas dada a falta de um Estado de direito na Venezuela, devemos censurar a justi\u00e7a seletiva e n\u00e3o defender a impunidade dos crimes.<\/p>\n\n\n\n<p>Por outro lado, boa parte da <em>intelligentsia<\/em> venezuelana preferiu evitar uma condena\u00e7\u00e3o clara das recentes alega\u00e7\u00f5es (mesmo quando elas foram confirmadas pelo pr\u00f3prio perpetrador) sob o pretexto de apelar para o \u201cequil\u00edbrio\u201d e a \u201cimparcialidade\u201d. Dessa maneira, ignoram as assimetrias de poder e igualam \u00e0s v\u00edtimas aos perpetradores, enquanto acusam os reclamantes de n\u00e3o oferecerem nuances.<\/p>\n\n\n\n<div class=\"wp-block-image\"><figure class=\"aligncenter size-large is-resized\"><img loading=\"lazy\" decoding=\"async\" src=\"http:\/\/latinoamerica21.com\/wp-content\/uploads\/2021\/05\/224-H-2-2.jpg\" alt=\"\" class=\"wp-image-5395\" width=\"581\" height=\"336\" srcset=\"https:\/\/latinoamerica21.com\/wp-content\/uploads\/2021\/05\/224-H-2-2.jpg 358w, https:\/\/latinoamerica21.com\/wp-content\/uploads\/2021\/05\/224-H-2-2-300x173.jpg 300w\" sizes=\"auto, (max-width: 581px) 100vw, 581px\" \/><\/figure><\/div>\n\n\n\n<p>Como revela a artista Erika Ordogoitti em rela\u00e7\u00e3o ao caso Mckey, frases frequentes como \u201ceu n\u00e3o o defendo, mas&#8230;\u201d ou \u201ceu condeno o que ele fez, mas&#8230;\u201d mostram esta relativiza\u00e7\u00e3o da viol\u00eancia. Outra opera\u00e7\u00e3o discursiva que tenta homologar v\u00edtimas e perpetradores \u00e9 denunciar o \u201clinchamento midi\u00e1tico\u201d de mulheres indignadas contra Mckey. Isto coloca o carro \u00e0 frente dos bois e ignora o fato de que foi precisamente esta instrumentaliza\u00e7\u00e3o consciente de sua figura midi\u00e1tica que permitiu que Mckey abusasse de mulheres jovens.&nbsp;<\/p>\n\n\n\n<p>Minimizar casos como os de Mckey como se fossem hist\u00f3rias individuais \u2013 Mart\u00edn Caparr\u00f3s insinuou que o poeta estava doente \u2013, ou que estavam limitados a la\u00e7os emocionais, nos exonera como parte de uma sociedade c\u00famplice que durante anos preferiu olhar para o outro lado. Toleram-se ou incitam estes abusos porque \u00e9 conveniente, menos traum\u00e1tico, ou simplesmente atraente estar perto dos que est\u00e3o no topo.<\/p>\n\n\n\n<p>\u00c9 surpreendente que alguns intelectuais de certa idade (principalmente homens, mas tamb\u00e9m mulheres) declarem nas redes sociais, a esta altura do s\u00e9culo XXI, estar \u201cespantados\u201d ou \u201cestupefatos\u201d com os casos de abuso. A dificuldade em nos conceber como uma comunidade, al\u00e9m dos complexos pessoais, parece responder \u00e0 aguda fragmenta\u00e7\u00e3o do tecido social venezuelano.<\/p>\n\n\n\n<p><strong>Viol\u00eancia estrutural na sociedade venezuelana<\/strong><\/p>\n\n\n\n<p>Os tr\u00eas argumentos apresentados evadem o problema central. Alguns n\u00e3o mencionam sequer as rela\u00e7\u00f5es de poder desiguais nas quais a sociedade venezuelana est\u00e1 estruturada, tanto na vida cotidiana como em espa\u00e7os excepcionais. Eles preferem distrair o foco da discuss\u00e3o sobre poss\u00edveis consequ\u00eancias como a impossibilidade de canalizar traumas, o advento de \u201cuma ca\u00e7a \u00e0s bruxas\u201d ou a instrumentaliza\u00e7\u00e3o do aparelho judicial para perseguir os oponentes, em vez de colocar o dedo na ferida.<\/p>\n\n\n\n<p>A impossibilidade de ver\/ver-nos interiormente \u00e9 precisamente o que garante a impunidade, pois as responsabilidades pertencem apenas ao outro. Fala-se de trag\u00e9dia no caso Mckey, mas parece ser reduzida a uma figura de melodrama. Aquele amigo com quem tiramos uma foto bebendo cervejas, hoje nos deixa desconfort\u00e1veis quando lembramos que lhe concedemos um pr\u00eamio, o elogiamos em uma revista liter\u00e1ria ou porque o ach\u00e1vamos um aluno brilhante.<\/p>\n\n\n\n<p>Poder\u00edamos, no entanto, dar a volta por cima. Mckey fez parte de um universo onde h\u00e1 muitos exemplos de m\u00fasicos que drogam seus f\u00e3s para estupr\u00e1-las, professores que assediam seus orientandos e se gabam das fotos nuas de seus alunos, psiquiatras que manipulam seus pacientes, ministros que usam fundos p\u00fablicos para pagar os implantes mam\u00e1rios de suas amantes adolescentes, diplomatas que se gabam de dormir com v\u00e1rias mulheres em viagens oficiais, ou membros de distintas academias que obrigam um colega a ficar calado sobre os espancamentos infligidos por outro membro. N\u00f3s sabemos do que estamos falando, n\u00e3o sabemos?<\/p>\n\n\n\n<p>A cr\u00edtica \u00e0s rela\u00e7\u00f5es t\u00f3xicas de poder na Venezuela n\u00e3o \u00e9 um ataque pessoal contra esta ou aquela figura, contra o governo ou a oposi\u00e7\u00e3o, nem um combate ideol\u00f3gico entre esquerda e direita. N\u00e3o se trata nem mesmo de uma quest\u00e3o de g\u00eanero. O problema \u00e9 transversal e estamos imersos em din\u00e2micas de poder profundamente desiguais e abusivas, com m\u00faltiplos marcadores. Idade, orienta\u00e7\u00e3o sexual, classe social, cor da pele, nacionalidade ou origem rural determinam as formas de subordina\u00e7\u00e3o.<\/p>\n\n\n\n<p>Infelizmente, este n\u00e3o \u00e9 um fen\u00f4meno recente. As rela\u00e7\u00f5es de poder permaneceram praticamente intactas, apesar da Revolu\u00e7\u00e3o Bolivariana. Por exemplo, basta lembrar os crimes contra Linda Loaiza, que foi sequestrada, estuprada e torturada com a cumplicidade das elites da socialdemocracia e sem qualquer possibilidade de justi\u00e7a sob o regime chavista.&nbsp;<\/p>\n\n\n\n<p>Quantos de n\u00f3s j\u00e1 sofreram ou ouviram testemunhos de abusos em diferentes graus por parte de familiares, parceiros, colegas, professores ou chefes? Quanto de tudo isso ousamos dizer publicamente com nomes e sobrenomes, n\u00e3o apenas por causa da justi\u00e7a, mas pelo menos para proteger outras poss\u00edveis v\u00edtimas?&nbsp;<\/p>\n\n\n\n<p>\u00c0 primeira pergunta respondo que muitas, demasiadas. Ao segundo respondo que muito poucos, bem pouco. Talvez tenha chegado o momento em que, de m\u00e3os dadas com as gera\u00e7\u00f5es mais jovens e com a experi\u00eancia migrat\u00f3ria que nos permitiu deixar a temporalidade petrificada e nost\u00e1lgica vivida na Venezuela, possamos come\u00e7ar a construir modelos alternativos de conviv\u00eancia.<\/p>\n\n\n\n<p><em><sub>Foto de https:\/\/www.vperemen.com e Foto de Alecska @ Followthestory.net<\/sub><\/em><\/p>\n","protected":false},"excerpt":{"rendered":"<p>O suic\u00eddio do escritor venezuelano Willy Mckey, ap\u00f3s ter admitido violar um menor que o havia denunciado nas redes sociais, desencadeou uma discuss\u00e3o que est\u00e1 pendente na Venezuela h\u00e1 muito tempo. <\/p>\n","protected":false},"author":167,"featured_media":5388,"comment_status":"closed","ping_status":"closed","sticky":false,"template":"","format":"standard","meta":{"_acf_changed":false,"episode_type":"","audio_file":"","cover_image":"","cover_image_id":"","duration":"","filesize":"","filesize_raw":"","date_recorded":"","explicit":"","block":"","itunes_episode_number":"","itunes_title":"","itunes_season_number":"","itunes_episode_type":"","footnotes":""},"categories":[16721,14534,546],"tags":[],"gps":[],"class_list":{"0":"post-5393","1":"post","2":"type-post","3":"status-publish","4":"format-standard","5":"has-post-thumbnail","7":"category-venezuela-pt-br","8":"category-violencia","9":"category-sociedad-br"},"acf":[],"_links":{"self":[{"href":"https:\/\/latinoamerica21.com\/pt-br\/wp-json\/wp\/v2\/posts\/5393","targetHints":{"allow":["GET"]}}],"collection":[{"href":"https:\/\/latinoamerica21.com\/pt-br\/wp-json\/wp\/v2\/posts"}],"about":[{"href":"https:\/\/latinoamerica21.com\/pt-br\/wp-json\/wp\/v2\/types\/post"}],"author":[{"embeddable":true,"href":"https:\/\/latinoamerica21.com\/pt-br\/wp-json\/wp\/v2\/users\/167"}],"replies":[{"embeddable":true,"href":"https:\/\/latinoamerica21.com\/pt-br\/wp-json\/wp\/v2\/comments?post=5393"}],"version-history":[{"count":0,"href":"https:\/\/latinoamerica21.com\/pt-br\/wp-json\/wp\/v2\/posts\/5393\/revisions"}],"wp:featuredmedia":[{"embeddable":true,"href":"https:\/\/latinoamerica21.com\/pt-br\/wp-json\/wp\/v2\/media\/5388"}],"wp:attachment":[{"href":"https:\/\/latinoamerica21.com\/pt-br\/wp-json\/wp\/v2\/media?parent=5393"}],"wp:term":[{"taxonomy":"category","embeddable":true,"href":"https:\/\/latinoamerica21.com\/pt-br\/wp-json\/wp\/v2\/categories?post=5393"},{"taxonomy":"post_tag","embeddable":true,"href":"https:\/\/latinoamerica21.com\/pt-br\/wp-json\/wp\/v2\/tags?post=5393"},{"taxonomy":"gps","embeddable":true,"href":"https:\/\/latinoamerica21.com\/pt-br\/wp-json\/wp\/v2\/gps?post=5393"}],"curies":[{"name":"wp","href":"https:\/\/api.w.org\/{rel}","templated":true}]}}