{"id":561,"date":"2018-08-02T13:13:56","date_gmt":"2018-08-02T16:13:56","guid":{"rendered":"http:\/\/latinoamerica21.com\/?p=561"},"modified":"2023-02-18T07:12:18","modified_gmt":"2023-02-18T10:12:18","slug":"nicaragua-a-crise-de-um-regime-patrimonial","status":"publish","type":"post","link":"https:\/\/latinoamerica21.com\/pt-br\/nicaragua-a-crise-de-um-regime-patrimonial\/","title":{"rendered":"Nicar\u00e1gua: a crise de um regime patrimonial"},"content":{"rendered":"\n<p>H\u00e1 dois anos, ningu\u00e9m suspeitava que Daniel Ortega pudesse\nser derrotado em uma disputa eleitoral, e nem que seu governo pudesse sofrer\numa crise como a que se desencadeou na metade de abril de 2018. De toda\nmaneira, o resultado da elei\u00e7\u00e3o de novembro de 2016, vencida por Daniel Ortega\ne pela FNSL com espantosos 72% dos votos n\u00e3o significava grande coisa, j\u00e1 que\nfoi uma elei\u00e7\u00e3o caracter\u00edstica de um &#8216;regime eleitoral autorit\u00e1rio&#8217;,\nparafraseando o conceito proposto por Adreas Scheller.<\/p>\n\n\n\n<p>Quando a vota\u00e7\u00e3o foi realizada, toda incerteza eleitoral j\u00e1\nhavia sido eliminada na Nicar\u00e1gua, por conta de um processo de engenharia\ninstitucional iniciado h\u00e1 mais de uma d\u00e9cada. As mudan\u00e7as (formais e informais)\nque o sistema eleitoral nicaraguense foi sofrendo de 2007 em diante\nneutralizaram a natureza competitiva e representativa do processo. <\/p>\n\n\n\n<p>Sem d\u00favida, parte da crise dram\u00e1tica que o pa\u00eds vive hoje se\ndeve a esse processo de desdemocratiza\u00e7\u00e3o, j\u00e1 que, ao n\u00e3o permitir uma oposi\u00e7\u00e3o\norganizada e com voz nas institui\u00e7\u00f5es, qualquer protesto surgido no per\u00edodo n\u00e3o\np\u00f4de ser canalizado por meio do sistema, at\u00e9 que o descontentamento acumulado\nexplodiu ferozmente nas ruas, colocando o regime em quest\u00e3o.<\/p>\n\n\n\n<blockquote class=\"wp-block-quote is-layout-flow wp-block-quote-is-layout-flow\">\n<p>Os protestos de abril s\u00e3o fruto de um ac\u00famulo de queixas de diversos tipos: sociais, econ\u00f4micas, ambientais e, sobretudo, pol\u00edticas&#8221;<\/p>\n<\/blockquote>\n\n\n\n<p>Os protestos de abril s\u00e3o fruto de um ac\u00famulo de queixas de\ndiversos tipos: sociais, econ\u00f4micas, ambientais e, sobretudo, pol\u00edticas.\nPode-se afirmar que os protestos acima de tudo se op\u00f5em a um estilo de\nlideran\u00e7a que recria a tradi\u00e7\u00e3o pol\u00edtica do caudilhismo patrimonialista, que na\nNicar\u00e1gua encontrou seu esplendor na era de Anastasio Somoza, presidente do\npa\u00eds por duas vezes na d\u00e9cada de 1970. <\/p>\n\n\n\n<p>Nesse sentido, Ortega recuperou em 2007 elementos de\ncontinuidade para com a era de Somoza, ao concentrar grande quantidade de\nrecursos p\u00fablicos e privados nas m\u00e3os de seus parentes e aliados, e h\u00e1 tr\u00eas\nmeses tamb\u00e9m vem imitando as respostas daquele regime a qualquer tipo de\ndissid\u00eancia, com repress\u00e3o desproporcional.<\/p>\n\n\n\n<p>O problema \u00e9 que, passados tr\u00eas meses do in\u00edcio dos <a href=\"https:\/\/www.reuters.com\/article\/instant-article\/idBRKBN1K61PS-OBRWD\">protestos<\/a>, a resposta violenta do governo j\u00e1 ceifou mais de 300 vidas. A crise tamb\u00e9m causou a explos\u00e3o da alian\u00e7a que Ortega construiu com as grandes empresas e com um setor da Igreja Cat\u00f3lica.<\/p>\n\n\n\n<p>\u00c9 certo que o degelo entre o regime e a elite econ\u00f4mica j\u00e1\nestava em retrocesso, porque a crise da Venezuela causou perda importante da\nriqueza dispon\u00edvel para o governo, e com isso se tornou cada vez mais dif\u00edcil\ncontinuar oferecendo recursos com os quais cooptar e conquistar a fidelidade da\nelite.<\/p>\n\n\n\n<p>Cabe afirmar que, nos 10 \u00faltimos anos, a economia\nnicaraguense cresceu significativamente em termos de produ\u00e7\u00e3o agropecu\u00e1ria, e\nparte dessa produ\u00e7\u00e3o era colocada em termos preferenciais no mercado\nvenezuelano. <\/p>\n\n\n\n<p>Entre os grandes benefici\u00e1rios dessa expans\u00e3o estavam grupos\nempresariais vinculados \u00e0 elite econ\u00f4mica tradicional (entre os quais a central\npatronal Cosep), gra\u00e7as \u00e0 sua rela\u00e7\u00e3o privilegiada -e amistosa- com o governo.\nPrimeiro com a mudan\u00e7a na conjuntura internacional, e depois com a crise na\npol\u00edtica interna, esses grupos come\u00e7aram a perceber que sua proximidade com\nOrtega n\u00e3o s\u00f3 est\u00e1 deixando de ser rent\u00e1vel como pode se tornar um fardo.<\/p>\n\n\n\n<p>Mas, para al\u00e9m dos protestos contra o regime, a oposi\u00e7\u00e3o n\u00e3o\ntem discurso nem projeto definido. Trata-se de uma ampla coaliz\u00e3o que se mant\u00e9m\nunida pela oposi\u00e7\u00e3o ao regime, mas demonstra muito pouca coes\u00e3o. Nos discursos,\napelos e manifestos que surgiram at\u00e9 agora, pode-se perceber uma grande\ndiversidade de sensibilidades ideol\u00f3gicas e pol\u00edticas, entre aqueles que sa\u00edram\n\u00e0s ruas para protestar; a mobiliza\u00e7\u00e3o atraiu sandinistas que at\u00e9 recentemente\nse qualificavam como partid\u00e1rios de Ortega; a ala anti-Ortega do movimento\nsandinista, que deseja resgatar seus valores; e inimigos dos sandinistas, para\nos quais a Igreja Cat\u00f3lica tradicional \u00e9 o \u00fanico referencial moral e pol\u00edtico.<\/p>\n\n\n\n<p>Outra quest\u00e3o que \u00e9 preciso levar em conta \u00e9 que a crise n\u00e3o\nvai revitalizar os velhos partidos tradicionais e nem necessariamente criar\nnovas forma\u00e7\u00f5es pol\u00edticas. Uma coisa \u00e9 protestar na rua, e outra muito\ndiferente competir na arena eleitoral, seja em elei\u00e7\u00f5es antecipadas (uma das\nexig\u00eancias da oposi\u00e7\u00e3o a Ortega), seja nas elei\u00e7\u00f5es regulares previstas para\ndaqui a quatro anos. <\/p>\n\n\n\n<p>A regenera\u00e7\u00e3o da vida pol\u00edtica nicaraguense n\u00e3o passa apenas\npor novas elei\u00e7\u00f5es e por votar. Para que a vida partid\u00e1ria se reative e as\nagremia\u00e7\u00f5es concorram eleitoralmente em vota\u00e7\u00f5es democr\u00e1ticas, h\u00e1 um longo\ncaminho a percorrer. O processo de desdemocratiza\u00e7\u00e3o conduzido ao longo dos\n\u00faltimos 10 anos n\u00e3o s\u00f3 desmantelou a administra\u00e7\u00e3o eleitoral como descomp\u00f4s e\nviciou toda a vida partid\u00e1ria. <\/p>\n\n\n\n<p>N\u00e3o ser\u00e1 f\u00e1cil nem r\u00e1pido recuperar a confian\u00e7a nas\ninstitui\u00e7\u00f5es eleitorais e nem nas agremia\u00e7\u00f5es pol\u00edticas. Mesmo assim, a crise\nque a Nicar\u00e1gua vem enfrentando hoje permite imaginar -quando houver novas\nelei\u00e7\u00f5es livres- um processo de realinhamento eleitoral ou at\u00e9 o surgimento de\numa nova clivagem, ou uma mudan\u00e7a de aspecto nas clivagens existentes.<\/p>\n\n\n\n<p>Mas \u00e9 prematuro falar de elei\u00e7\u00f5es, de ren\u00fancias negociadas e de pacifica\u00e7\u00e3o. Ningu\u00e9m sabe quando nem como a crise vai arrefecer, e \u00e9 preciso ter em mente que o motivo para que Ortega se mantenha no poder \u00e9 seu controle sobre as organiza\u00e7\u00f5es armadas (Ex\u00e9rcito, pol\u00edtica e tropas de choque), seu controle de recursos econ\u00f4micos com os quais manter a administra\u00e7\u00e3o do <a href=\"https:\/\/latinoamerica21.com\/br\/a-distribuicao-e-a-desigualdade-na-america-latina\/\">Estado<\/a>, o potencial de amea\u00e7a com que ele ainda conta para cooptar agentes sociais e econ\u00f4micos que duvidam (e calculam) se \u00e9 melhor manter a lealdade ao regime ou abandon\u00e1-lo; e a n\u00e3o intromiss\u00e3o da comunidade internacional na crise pol\u00edtica e humanit\u00e1ria que aflige o pa\u00eds tamb\u00e9m o beneficia. <\/p>\n\n\n\n<p>Se no in\u00edcio parecia que o desenlace poderia ser r\u00e1pido (por\nmeio de di\u00e1logo entre as partes), hoje tudo indica que surgiu um impasse que\npode ampliar a crise, ou torn\u00e1-la mais aguda. Hoje, parece que o tempo joga a\nfavor de Ortega, devido \u00e0 diversidade de vozes e interesses que reina entre\naqueles que protestam, e pela dificuldade de manter a oposi\u00e7\u00e3o ao poder sem\norganiza\u00e7\u00e3o, lideran\u00e7a, nem recursos. De toda forma, a Hist\u00f3ria nos mostra que\n\u00e0s vezes as maiores e mais complicadas crise se resolvem em quest\u00e3o de horas.<\/p>\n","protected":false},"excerpt":{"rendered":"<p>H\u00e1 dois anos ningu\u00e9m suspeitava que Daniel Ortega poderia perder uma elei\u00e7\u00e3o ou que seu governo poderia sofrer uma crise como a atual. De qualquer forma, os resultados das elei\u00e7\u00f5es de 2016 n\u00e3o tiveram qualquer significado, foi uma elei\u00e7\u00e3o de um \u201cregime eleitoral autorit\u00e1rio\u201d.<\/p>\n","protected":false},"author":22,"featured_media":559,"comment_status":"closed","ping_status":"closed","sticky":false,"template":"","format":"standard","meta":{"_acf_changed":false,"episode_type":"","audio_file":"","cover_image":"","cover_image_id":"","duration":"","filesize":"","filesize_raw":"","date_recorded":"","explicit":"","block":"","itunes_episode_number":"","itunes_title":"","itunes_season_number":"","itunes_episode_type":"","footnotes":""},"categories":[16755,16756,14376,544],"tags":[],"gps":[],"class_list":{"0":"post-561","1":"post","2":"type-post","3":"status-publish","4":"format-standard","5":"has-post-thumbnail","7":"category-crisis-politica-pt-br","8":"category-nicaragua-es-pt-br","9":"category-crise-politica","10":"category-politica-br"},"acf":[],"_links":{"self":[{"href":"https:\/\/latinoamerica21.com\/pt-br\/wp-json\/wp\/v2\/posts\/561","targetHints":{"allow":["GET"]}}],"collection":[{"href":"https:\/\/latinoamerica21.com\/pt-br\/wp-json\/wp\/v2\/posts"}],"about":[{"href":"https:\/\/latinoamerica21.com\/pt-br\/wp-json\/wp\/v2\/types\/post"}],"author":[{"embeddable":true,"href":"https:\/\/latinoamerica21.com\/pt-br\/wp-json\/wp\/v2\/users\/22"}],"replies":[{"embeddable":true,"href":"https:\/\/latinoamerica21.com\/pt-br\/wp-json\/wp\/v2\/comments?post=561"}],"version-history":[{"count":0,"href":"https:\/\/latinoamerica21.com\/pt-br\/wp-json\/wp\/v2\/posts\/561\/revisions"}],"wp:featuredmedia":[{"embeddable":true,"href":"https:\/\/latinoamerica21.com\/pt-br\/wp-json\/wp\/v2\/media\/559"}],"wp:attachment":[{"href":"https:\/\/latinoamerica21.com\/pt-br\/wp-json\/wp\/v2\/media?parent=561"}],"wp:term":[{"taxonomy":"category","embeddable":true,"href":"https:\/\/latinoamerica21.com\/pt-br\/wp-json\/wp\/v2\/categories?post=561"},{"taxonomy":"post_tag","embeddable":true,"href":"https:\/\/latinoamerica21.com\/pt-br\/wp-json\/wp\/v2\/tags?post=561"},{"taxonomy":"gps","embeddable":true,"href":"https:\/\/latinoamerica21.com\/pt-br\/wp-json\/wp\/v2\/gps?post=561"}],"curies":[{"name":"wp","href":"https:\/\/api.w.org\/{rel}","templated":true}]}}