{"id":5610,"date":"2021-05-20T15:45:00","date_gmt":"2021-05-20T18:45:00","guid":{"rendered":"http:\/\/latinoamerica21.com\/?p=5610"},"modified":"2021-05-18T08:24:24","modified_gmt":"2021-05-18T11:24:24","slug":"economia-pandemia-e-crise-na-regiao","status":"publish","type":"post","link":"https:\/\/latinoamerica21.com\/pt-br\/economia-pandemia-e-crise-na-regiao\/","title":{"rendered":"Economia, pandemia e crise na regi\u00e3o"},"content":{"rendered":"\n<p>Estimativas recentes feitas por organiza\u00e7\u00f5es econ\u00f4mico-financeiras multilaterais mostram uma importante contra\u00e7\u00e3o nas economias de um enorme n\u00famero de pa\u00edses durante o ano de 2020. Foi uma situa\u00e7\u00e3o prevista h\u00e1 meses por um grande n\u00famero de organiza\u00e7\u00f5es e institui\u00e7\u00f5es a n\u00edvel global, explicada majoritariamente pelo surgimento repentino do SARS CoV-2 e sua difus\u00e3o global. <a href=\"https:\/\/www.imf.org\/es\/Publications\/WEO\/Issues\/2020\/09\/30\/world-economic-outlook-october-2020\" target=\"_blank\" rel=\"noreferrer noopener\">O FMI estima uma contra\u00e7\u00e3o do produto mundial em 2020 de 3,3%<\/a>. Entretanto, \u00e9 uma queda com diferen\u00e7as importantes e a Am\u00e9rica Latina \u00e9 a mais afetada.<\/p>\n\n\n\n<p>A redu\u00e7\u00e3o da economia latino-americana foi de 7% e, no extremo oposto, as economias emergentes e em desenvolvimento da \u00c1sia diminu\u00edram em apenas 1,1. Por pa\u00eds, entre as maiores economias, com as maiores quedas est\u00e3o a Espanha com uma queda de 11%, Reino Unido 9,9%, It\u00e1lia 8,9%, Fran\u00e7a 8,2%, M\u00e9xico e \u00cdndia 8%. A exce\u00e7\u00e3o \u00e9 a China, com um crescimento de 2,3%.<\/p>\n\n\n\n<p><strong>Desigualdade \u00e9 uma das principais caracter\u00edsticas<\/strong><\/p>\n\n\n\n<p>No entanto, como est\u00e1 acontecendo em muitas \u00e1reas, a desigualdade no desempenho do PIB entre pa\u00edses e regi\u00f5es \u00e9 um dos dados que caracterizam a situa\u00e7\u00e3o econ\u00f4mica, pol\u00edtica e social global durante anos. Isto levanta a quest\u00e3o do que explica esta desigualdade, al\u00e9m ou inclusive considerando o incidente da pandemia da COVID-19.<\/p>\n\n\n\n<p>As enormes dificuldades nos sistemas de sa\u00fade em quase todos os pa\u00edses para fazer frente \u00e0 pandemia \u00e9 outro fato que n\u00e3o pode ser explicado unicamente pela apari\u00e7\u00e3o da emerg\u00eancia sanit\u00e1ria. Al\u00e9m disso, devem ser levados em conta as redu\u00e7\u00f5es nos recursos p\u00fablicos destinados \u00e0 sa\u00fade e em muitos pa\u00edses tamb\u00e9m sua reorganiza\u00e7\u00e3o como atividade sujeita ao mundo do mercado e do lucro.<\/p>\n\n\n\n<p>Tamb\u00e9m \u00e9 necess\u00e1rio considerar o baixo ou menor peso da renda dos trabalhadores na renda nacional, que impacta negativamente suas contribui\u00e7\u00f5es fiscais, assim como a redu\u00e7\u00e3o ou conten\u00e7\u00e3o salarial aplicada em muitos pa\u00edses, o aumento da precariedade no trabalho e do trabalho informal, que colocam muitas fam\u00edlias e indiv\u00edduos em uma situa\u00e7\u00e3o mais vulner\u00e1vel, incluindo suas condi\u00e7\u00f5es de sa\u00fade.<\/p>\n\n\n\n<p>Mais revelador, de um modo profundamente excludente de organizar as atividades econ\u00f4micas, \u00e9 a produ\u00e7\u00e3o e distribui\u00e7\u00e3o de vacinas. O espa\u00e7o das farmac\u00eauticas \u00e9 notavelmente oligopolista e existem grandes diferen\u00e7as entre os pa\u00edses para contar com medicamentos muito diversos. At\u00e9 hoje, um dos resultados desta modalidade de funcionamento dos mercados \u00e9 que a maior parte das vacinas para a COVID-19 foi destinada a um grupo reduzido de pa\u00edses e a pandemia ainda continua presente.&nbsp;<\/p>\n\n\n\n<p>Al\u00e9m disso, se reconhece que a pesquisa e a produ\u00e7\u00e3o desses medicamentos contaram com financiamento p\u00fablico, o que at\u00e9 agora n\u00e3o significou que outras op\u00e7\u00f5es para lidar com a pandemia tenham sido fortemente consideradas.<\/p>\n\n\n\n<p>Uma grande parte dos atores pol\u00edticos e l\u00edderes de v\u00e1rias organiza\u00e7\u00f5es financeiras multilaterais desconhece o substancial. Por mais de tr\u00eas d\u00e9cadas, o comportamento das economias desenvolvidas e um grande n\u00famero das chamadas economias de mercado emergentes sofreram crises monet\u00e1rias e de cr\u00e9dito recorrentes, crises banc\u00e1rias ou crises no mercado de valores. Nas economias em desenvolvimento, em poucos anos houve desvaloriza\u00e7\u00f5es de suas moedas em rela\u00e7\u00e3o \u00e0s principais moedas que modificam substancialmente suas principais vari\u00e1veis macroecon\u00f4micas.<\/p>\n\n\n\n<p><strong>Fraqueza no crescimento das economias desenvolvidas<\/strong><\/p>\n\n\n\n<p>Al\u00e9m disso, tem havido recess\u00f5es de algum significado e por mais de uma d\u00e9cada tem havido uma fraqueza sustentada no crescimento das economias desenvolvidas e, <a href=\"http:\/\/latinoamerica21.com\/br\/incerteza-america-latina-economia-mundia\/\" target=\"_blank\" rel=\"noreferrer noopener\">mais recentemente, em regi\u00f5es como a Am\u00e9rica Latina<\/a>. Este comportamento \u00e9 muito diferente do dos anos cinquenta e sessenta do s\u00e9culo XX. Por mais de dez anos, as principais economias da OCDE v\u00eam implementando uma pol\u00edtica monet\u00e1ria descrita como acomodat\u00edcia, com taxas de juros pr\u00f3ximas a zero por cento e a inje\u00e7\u00e3o de recursos pelos bancos centrais para manter os mercados financeiros.<\/p>\n\n\n\n<p>O desempenho positivo dos mercados financeiros n\u00e3o foi correspondido por um processo semelhante no espa\u00e7o de produ\u00e7\u00e3o, muito menos por melhorias sustentadas no mundo do trabalho. O FMI reconhece o que chama de enorme diferen\u00e7a entre os mercados de trabalho e de produtos, e os mercados de ativos. Ou seja, os mercados de valores, t\u00edtulos de d\u00edvida e qualquer coisa que possa ser convertida em documentos negoci\u00e1veis, mant\u00eam seu vigor.<\/p>\n\n\n\n<p>Isto \u00e9 um resultado das pol\u00edticas executadas pelos bancos centrais. O FMI insiste que isto \u00e9 necess\u00e1rio e tem sido feito adequadamente. O problema \u00e9 que estas s\u00e3o medidas executadas desde os anos imediatamente posteriores \u00e0 crise monet\u00e1ria e financeira internacional de 2008-2009 que n\u00e3o conseguiram restaurar as condi\u00e7\u00f5es de crescimento nas economias e muito menos reduzir a desigualdade social.<\/p>\n\n\n\n<p>O comportamento das principais economias da OCDE ao longo dos anos indica que a execu\u00e7\u00e3o de uma pol\u00edtica monet\u00e1ria acomodat\u00edcia, acompanhada por uma pol\u00edtica fiscal caracterizada pela austeridade, \u00e9 parte do problema. E quando se modifica a pol\u00edtica fiscal para fornecer apenas apoios pontuais para manter o emprego ou subsidiar algumas atividades econ\u00f4micas, com a premissa de retornar \u00e0 consolida\u00e7\u00e3o fiscal, ou seja, recuperar o equil\u00edbrio fiscal o mais r\u00e1pido poss\u00edvel, n\u00e3o se resolve a crise e muito menos se contribui para reduzir a desigualdade social.<\/p>\n\n\n\n<p><em><sub>*Tradu\u00e7\u00e3o do espanhol por Maria Isabel Santos Lima<\/sub><\/em><\/p>\n\n\n\n<p><em><sub>Foto de Silvio Naef en Foter.com<\/sub><\/em><\/p>\n","protected":false},"excerpt":{"rendered":"<p>O FMI estima uma contra\u00e7\u00e3o do produto mundial em 2020 de 3,3% e a Am\u00e9rica Latina \u00e9 a regi\u00e3o mais afetada. A redu\u00e7\u00e3o da economia latino-americana foi de 7%, mas com grande desigualdade entre pa\u00edses e regi\u00f5es. <\/p>\n","protected":false},"author":64,"featured_media":5532,"comment_status":"closed","ping_status":"closed","sticky":false,"template":"","format":"standard","meta":{"_acf_changed":false,"episode_type":"","audio_file":"","cover_image":"","cover_image_id":"","duration":"","filesize":"","filesize_raw":"","date_recorded":"","explicit":"","block":"","itunes_episode_number":"","itunes_title":"","itunes_season_number":"","itunes_episode_type":"","footnotes":""},"categories":[16789,16901,16750,16719],"tags":[],"gps":[],"class_list":{"0":"post-5610","1":"post","2":"type-post","3":"status-publish","4":"format-standard","5":"has-post-thumbnail","7":"category-pandemia-pt-br","8":"category-crisis-social-pt-br","9":"category-economia-pt-br","10":"category-debates-pt-br"},"acf":[],"_links":{"self":[{"href":"https:\/\/latinoamerica21.com\/pt-br\/wp-json\/wp\/v2\/posts\/5610","targetHints":{"allow":["GET"]}}],"collection":[{"href":"https:\/\/latinoamerica21.com\/pt-br\/wp-json\/wp\/v2\/posts"}],"about":[{"href":"https:\/\/latinoamerica21.com\/pt-br\/wp-json\/wp\/v2\/types\/post"}],"author":[{"embeddable":true,"href":"https:\/\/latinoamerica21.com\/pt-br\/wp-json\/wp\/v2\/users\/64"}],"replies":[{"embeddable":true,"href":"https:\/\/latinoamerica21.com\/pt-br\/wp-json\/wp\/v2\/comments?post=5610"}],"version-history":[{"count":0,"href":"https:\/\/latinoamerica21.com\/pt-br\/wp-json\/wp\/v2\/posts\/5610\/revisions"}],"wp:featuredmedia":[{"embeddable":true,"href":"https:\/\/latinoamerica21.com\/pt-br\/wp-json\/wp\/v2\/media\/5532"}],"wp:attachment":[{"href":"https:\/\/latinoamerica21.com\/pt-br\/wp-json\/wp\/v2\/media?parent=5610"}],"wp:term":[{"taxonomy":"category","embeddable":true,"href":"https:\/\/latinoamerica21.com\/pt-br\/wp-json\/wp\/v2\/categories?post=5610"},{"taxonomy":"post_tag","embeddable":true,"href":"https:\/\/latinoamerica21.com\/pt-br\/wp-json\/wp\/v2\/tags?post=5610"},{"taxonomy":"gps","embeddable":true,"href":"https:\/\/latinoamerica21.com\/pt-br\/wp-json\/wp\/v2\/gps?post=5610"}],"curies":[{"name":"wp","href":"https:\/\/api.w.org\/{rel}","templated":true}]}}