{"id":56193,"date":"2026-04-27T09:00:00","date_gmt":"2026-04-27T12:00:00","guid":{"rendered":"https:\/\/latinoamerica21.com\/?p=56193"},"modified":"2026-04-24T12:54:18","modified_gmt":"2026-04-24T15:54:18","slug":"a-contagem-regressiva-do-obradorismo","status":"publish","type":"post","link":"https:\/\/latinoamerica21.com\/pt-br\/a-contagem-regressiva-do-obradorismo\/","title":{"rendered":"A contagem regressiva do obradorismo?"},"content":{"rendered":"\n<p>O <a href=\"https:\/\/www.v-dem.net\/documents\/75\/V-Dem_Institute_Democracy_Report_2026_lowres.pdf\">Relat\u00f3rio sobre a Democracia 2026 do V-Dem Institute<\/a>, uma an\u00e1lise acad\u00eamica global coordenada pela Universidade de Gotemburgo que mede e classifica a qualidade da democracia no mundo, aponta que o sistema pol\u00edtico mexicano passou de uma democracia liberal para uma \u201cautocracia eleitoral\u201d. Essa classifica\u00e7\u00e3o regressiva chega em um mau momento para o governo da presidente Claudia Sheinbaum, que enfrenta press\u00f5es dos estadunidenses e as m\u00faltiplas elei\u00e7\u00f5es que ser\u00e3o realizadas em 6 de junho de 2027 no M\u00e9xico.<\/p>\n\n\n\n<p>N\u00e3o h\u00e1 d\u00favidas de que o presidente dos Estados Unidos, Donald Trump, tomar\u00e1 nota deste relat\u00f3rio e o incluir\u00e1 em seu discurso de que no M\u00e9xico existe um \u201cnarcoestado\u201d e que a presidente Sheinbaum n\u00e3o o reconhece porque tem medo de combater os cart\u00e9is do crime organizado.<\/p>\n\n\n\n<p>O relat\u00f3rio chega em um mau momento tamb\u00e9m porque, embora agora, segundo o governo, o \u00edndice de aprova\u00e7\u00e3o da presidente seja superior a 70%, no poder legislativo a unidade entre o Morena e seus aliados, o Partido Verde Ecologista de M\u00e9xico (PVEM) e o Partido del Trabajo (PT), apresenta fissuras: uma comiss\u00e3o presidencial integrada unicamente por militantes e funcion\u00e1rios do Morena elaborou uma iniciativa de reforma constitucional e regulamentar que buscava, com pouca delicadeza, dar mais poder ao Morena, passando por cima dos interesses de seus aliados pol\u00edticos.<\/p>\n\n\n\n<p>O chamado Plano A da reforma eleitoral constitucional previa uma s\u00e9rie de mudan\u00e7as que iam contra o financiamento p\u00fablico dos partidos pol\u00edticos e promoviam um novo modelo de representa\u00e7\u00e3o pol\u00edtica que n\u00e3o foi endossado nem pela oposi\u00e7\u00e3o tradicional nem pelos partidos aliados do Morena no Congresso da Uni\u00e3o.<\/p>\n\n\n\n<p>Essa rejei\u00e7\u00e3o provocou um ataque desnecess\u00e1rio contra quem rompia a unidade ou, melhor, rejeitavam o papel submisso que lhes era atribu\u00eddo pelo governo. A ruptura conseguiu ser parcialmente reparada com modifica\u00e7\u00f5es no projeto original, o chamado Plano B, que conseguiu alinhar o Partido Verde, mas n\u00e3o o Partido do Trabalho, que ideologicamente est\u00e1 mais \u00e0 esquerda do partido no poder.<\/p>\n\n\n\n<p>Sem o voto de seis senadores do Partido do Trabalho, n\u00e3o era poss\u00edvel alcan\u00e7ar a maioria qualificada necess\u00e1ria para uma altera\u00e7\u00e3o no pacto constitucional nesse tipo de reforma, que exige dois ter\u00e7os de ambas as c\u00e2maras. Diante dessa realidade, a consulta de destitui\u00e7\u00e3o prevista na Constitui\u00e7\u00e3o \u2014 um instrumento promovido durante o mandato do presidente L\u00f3pez Obrador, pelo qual o presidente se submete \u00e0 opini\u00e3o dos cidad\u00e3os para determinar se deve continuar no cargo ou ser destitu\u00eddo \u2014 n\u00e3o ser\u00e1 realizada em simult\u00e2neo \u00e0s elei\u00e7\u00f5es constitucionais de 2027, mas, conforme previsto, em 2028, sem campanhas nem interfer\u00eancia legal dos partidos pol\u00edticos.<\/p>\n\n\n\n<p>Essa consulta colocar\u00e1 \u00e0 prova o alto n\u00edvel de aprova\u00e7\u00e3o que Sheinbaum tem nas pesquisas de opini\u00e3o. Se a presidente transformar essa aprova\u00e7\u00e3o em uma vit\u00f3ria, a consulta servir\u00e1 para se distanciar de L\u00f3pez Obrador e decidir sem interfer\u00eancias nas elei\u00e7\u00f5es presidenciais de 2030. Mas se for rejeitada por mais de 40% dos participantes, ela ter\u00e1 que deixar o cargo e ser substitu\u00edda por algu\u00e9m nomeado pelo Congresso da Uni\u00e3o. Seria um golpe definitivo para a presidente Sheinbaum e o chamado segundo andar da 4T.<\/p>\n\n\n\n<p>Nesse caso, e mesmo que coloque um morenista no lugar, ficaria claro que ela n\u00e3o tem o apoio que alega ter, nem um partido ou movimento pol\u00edtico suficientemente enraizado no \u201cpovo\u201d do M\u00e9xico. Pelo contr\u00e1rio, ficaria vis\u00edvel uma manobra midi\u00e1tica insustent\u00e1vel que busca instalar a ideia de que esse partido \u00e9 o \u00fanico capaz de governar.<\/p>\n\n\n\n<p>Assim, ter apresentado uma iniciativa excludente, sem o consenso da oposi\u00e7\u00e3o ou, pior ainda, sem considerar os interesses de seus aliados, foi um erro de c\u00e1lculo que estava fadado a ser rejeitado na vota\u00e7\u00e3o no Senado; ou talvez, por que n\u00e3o, uma jogada do ex-presidente L\u00f3pez Obrador para manter Sheinbaum alinhada aos seus interesses.<\/p>\n\n\n\n<p>Agora, a presidente enfrenta um triplo desafio: restabelecer a confian\u00e7a entre os partidos que comp\u00f5em a coaliz\u00e3o Sigamos Haciendo Historia, preservar a coaliz\u00e3o para as elei\u00e7\u00f5es de 2027 e vencer amplamente o referendo de destitui\u00e7\u00e3o.<\/p>\n\n\n\n<p>No entanto, nestes dias amargos para a presidente Sheinbaum, a pol\u00edtica segue seu curso dentro dos partidos aliados, que demonstraram que o Morena, sem seus votos, n\u00e3o \u00e9 o que se vende ao mundo. Agora sabem, dada a arrog\u00e2ncia demonstrada no texto constitucional, que t\u00eam um peso espec\u00edfico al\u00e9m de chantagens e acordos pol\u00edticos e ideol\u00f3gicos.<\/p>\n\n\n\n<p>A demonstra\u00e7\u00e3o desse poder \u00e9 observada nas disputas pol\u00edticas antecipadas em alguns estados do pa\u00eds, onde as lideran\u00e7as locais est\u00e3o definindo o rumo. Isso obriga a uma importante opera\u00e7\u00e3o pol\u00edtica em vista das candidaturas para a C\u00e2mara dos Deputados e para 17 dos 32 estados que renovar\u00e3o seus governos em junho de 2027.<\/p>\n\n\n\n<p>A previs\u00e3o \u00e9 que nem necessariamente o Morena e seus aliados formar\u00e3o coaliz\u00f5es em todos os lugares. Embora possam continuar em coaliz\u00e3o na maioria dos distritos eleitorais, em outros eles poder\u00e3o concorrer sozinhos, com seus candidatos ou em coaliz\u00e3o com o Partido Verde e o Partido dos Trabalhadores, e n\u00e3o se deve descartar, em outros distritos, coaliz\u00f5es com a oposi\u00e7\u00e3o tradicional do PAN, do PRI ou do Movimento Cidad\u00e3o, o que deve preocupar os estrategistas do Pal\u00e1cio Nacional e do Morena por terem aberto essa caixa de Pandora.<\/p>\n\n\n\n<p>Independentemente do desfecho que possa ocorrer em 2027, o que \u00e9 evidente \u00e9 que n\u00e3o ser\u00e3o elei\u00e7\u00f5es como as de 2024 e, previsivelmente, no final, se a tend\u00eancia de rupturas e reajustes se mantiver, haver\u00e1 uma nova distribui\u00e7\u00e3o de poder na C\u00e2mara dos Deputados e nos estados da federa\u00e7\u00e3o.<\/p>\n\n\n\n<p>No entanto, os resultados que possam ocorrer em 2027 n\u00e3o ser\u00e3o suficientes para contradizer o relat\u00f3rio sueco sobre a qualidade da democracia, que a define como uma \u201cautocracia eleitoral\u201d. Essa realidade n\u00e3o pode ser revertida porque seria necess\u00e1ria n\u00e3o apenas uma nova maioria na C\u00e2mara dos Deputados, mas tamb\u00e9m no Senado, e isso n\u00e3o estar\u00e1 em jogo em 2027, mas em 2030. Qualquer reviravolta exige ter maioria qualificada em ambas as c\u00e2maras e maioria em 18 Congressos locais.<\/p>\n\n\n\n<p>Por fim, algo que vale a pena destacar em tudo isso \u00e9 que a grande coaliz\u00e3o formada em 2018 e ratificada em 2024 em favor do obradorismo j\u00e1 n\u00e3o tem o f\u00f4lego que tinha durante a presid\u00eancia de L\u00f3pez Obrador. Mant\u00ea-la exige muito clientelismo, renova\u00e7\u00e3o pol\u00edtica e acordos. N\u00e3o s\u00f3 com os aliados, mas tamb\u00e9m com a oposi\u00e7\u00e3o tradicional, o que \u00e9 necess\u00e1rio diante da ofensiva do presidente dos Estados Unidos, Donald Trump, que ataca repetidamente o ponto pol\u00edtico onde se encontram atores do Morena supostamente ligados aos cart\u00e9is do crime organizado. E ainda mais nestes dias, quando est\u00e3o em andamento as negocia\u00e7\u00f5es sobre a continuidade do T-MEC.<\/p>\n\n\n\n<p><em><sub>Tradu\u00e7\u00e3o autom\u00e1tica revisada por Isabel Lima<\/sub><\/em><\/p>\n","protected":false},"excerpt":{"rendered":"<p>O obradorismo enfrenta seu maior desafio em meio a divis\u00f5es internas, press\u00e3o dos EUA e o risco pol\u00edtico de um impeachment.<\/p>\n","protected":false},"author":331,"featured_media":56184,"comment_status":"closed","ping_status":"closed","sticky":false,"template":"","format":"standard","meta":{"_acf_changed":false,"episode_type":"","audio_file":"","cover_image":"","cover_image_id":"","duration":"","filesize":"","filesize_raw":"","date_recorded":"","explicit":"","block":"","itunes_episode_number":"","itunes_title":"","itunes_season_number":"","itunes_episode_type":"","footnotes":""},"categories":[16706,16708],"tags":[17187],"gps":[],"class_list":{"0":"post-56193","1":"post","2":"type-post","3":"status-publish","4":"format-standard","5":"has-post-thumbnail","7":"category-mexico-pt-br","8":"category-politica-pt-br","9":"tag-debates-2"},"acf":[],"_links":{"self":[{"href":"https:\/\/latinoamerica21.com\/pt-br\/wp-json\/wp\/v2\/posts\/56193","targetHints":{"allow":["GET"]}}],"collection":[{"href":"https:\/\/latinoamerica21.com\/pt-br\/wp-json\/wp\/v2\/posts"}],"about":[{"href":"https:\/\/latinoamerica21.com\/pt-br\/wp-json\/wp\/v2\/types\/post"}],"author":[{"embeddable":true,"href":"https:\/\/latinoamerica21.com\/pt-br\/wp-json\/wp\/v2\/users\/331"}],"replies":[{"embeddable":true,"href":"https:\/\/latinoamerica21.com\/pt-br\/wp-json\/wp\/v2\/comments?post=56193"}],"version-history":[{"count":1,"href":"https:\/\/latinoamerica21.com\/pt-br\/wp-json\/wp\/v2\/posts\/56193\/revisions"}],"predecessor-version":[{"id":56194,"href":"https:\/\/latinoamerica21.com\/pt-br\/wp-json\/wp\/v2\/posts\/56193\/revisions\/56194"}],"wp:featuredmedia":[{"embeddable":true,"href":"https:\/\/latinoamerica21.com\/pt-br\/wp-json\/wp\/v2\/media\/56184"}],"wp:attachment":[{"href":"https:\/\/latinoamerica21.com\/pt-br\/wp-json\/wp\/v2\/media?parent=56193"}],"wp:term":[{"taxonomy":"category","embeddable":true,"href":"https:\/\/latinoamerica21.com\/pt-br\/wp-json\/wp\/v2\/categories?post=56193"},{"taxonomy":"post_tag","embeddable":true,"href":"https:\/\/latinoamerica21.com\/pt-br\/wp-json\/wp\/v2\/tags?post=56193"},{"taxonomy":"gps","embeddable":true,"href":"https:\/\/latinoamerica21.com\/pt-br\/wp-json\/wp\/v2\/gps?post=56193"}],"curies":[{"name":"wp","href":"https:\/\/api.w.org\/{rel}","templated":true}]}}