{"id":56227,"date":"2026-04-28T09:00:00","date_gmt":"2026-04-28T12:00:00","guid":{"rendered":"https:\/\/latinoamerica21.com\/?p=56227"},"modified":"2026-04-27T17:58:33","modified_gmt":"2026-04-27T20:58:33","slug":"quais-sao-os-vinculos-da-guarda-revolucionaria-iraniana-na-america-latina","status":"publish","type":"post","link":"https:\/\/latinoamerica21.com\/pt-br\/quais-sao-os-vinculos-da-guarda-revolucionaria-iraniana-na-america-latina\/","title":{"rendered":"Quais s\u00e3o os v\u00ednculos da guarda revolucion\u00e1ria iraniana na Am\u00e9rica Latina?"},"content":{"rendered":"\n<p>Durante anos, a presen\u00e7a do Ir\u00e3 na Am\u00e9rica Latina mal chegou \u00e0s manchetes. Era um assunto secund\u00e1rio, mais vinculado \u00e0s rela\u00e7\u00f5es diplom\u00e1ticas do que \u00e0s din\u00e2micas de seguran\u00e7a. Esse panorama mudou em 2026. A combina\u00e7\u00e3o da guerra no Oriente M\u00e9dio e das transforma\u00e7\u00f5es pol\u00edticas na regi\u00e3o, especialmente na Venezuela, colocou a Guarda Revolucion\u00e1ria Isl\u00e2mica (IRGC) no centro do debate.<\/p>\n\n\n\n<p>No entanto, conv\u00e9m evitar uma leitura simplista, j\u00e1 que o novo contexto n\u00e3o sup\u00f5e o fim da influ\u00eancia iraniana na Am\u00e9rica Latina. Pelo contr\u00e1rio, revela sua capacidade de adapta\u00e7\u00e3o.<\/p>\n\n\n\n<p>O ponto de inflex\u00e3o mais vis\u00edvel foi a decis\u00e3o do governo argentino, em abril de 2026, de declarar a Guarda Revolucion\u00e1ria como organiza\u00e7\u00e3o terrorista. Al\u00e9m de seus efeitos jur\u00eddicos, a mensagem foi inequ\u00edvoca ao confirmar que o Ir\u00e3 deixou de ser visto como um ator distante para se tornar uma quest\u00e3o de seguran\u00e7a. Essa decis\u00e3o responde \u00e0 press\u00e3o impulsionada pelos Estados Unidos e por Israel para limitar a proje\u00e7\u00e3o global de Teer\u00e3. Ao mesmo tempo, acentua uma realidade regional em que as redes ligadas \u00e0 IRGC deixaram de ser marginais.<\/p>\n\n\n\n<p>Portanto, o quadro de an\u00e1lise mudou. A presen\u00e7a iraniana j\u00e1 n\u00e3o \u00e9 interpretada em termos diplom\u00e1ticos, mas sim em termos de seguran\u00e7a, intelig\u00eancia e economias il\u00edcitas.<\/p>\n\n\n\n<p><strong>Hezbollah: menos hierarquia, mais rede<\/strong><\/p>\n\n\n\n<p>O principal instrumento utilizado pelo IRGC para expandir sua influ\u00eancia na Am\u00e9rica Latina tem sido o Hezbollah. A organiza\u00e7\u00e3o de origem libanesa e ligada ao Ir\u00e3 desenvolveu uma estrutura flex\u00edvel informal no hemisf\u00e9rio ocidental, que contrasta com o car\u00e1ter hier\u00e1rquico que mant\u00e9m no L\u00edbano. Aqui, opera como uma constela\u00e7\u00e3o flex\u00edvel de grupos com autonomia operacional, integrados \u00e0s din\u00e2micas locais. Na pr\u00e1tica, isso implica sua participa\u00e7\u00e3o em atividades como contrabando, tr\u00e1fico de drogas ou lavagem de dinheiro, que constituem a base de seu financiamento e a chave de sua resili\u00eancia.<\/p>\n\n\n\n<p>Os principais focos de a\u00e7\u00e3o do Hezbollah na regi\u00e3o s\u00e3o a Tr\u00edplice Fronteira entre Argentina, Brasil e Paraguai, e a Venezuela, que durante anos ofereceu um ambiente especialmente prop\u00edcio para sua expans\u00e3o. A isso se soma a exist\u00eancia de comunidades de origem libanesa em diferentes pa\u00edses latino-americanos que, em alguns casos, serviram como ambiente de apoio ou cobertura.<\/p>\n\n\n\n<p>Esse modelo descentralizado tem uma vantagem decisiva, pois \u00e9 muito dif\u00edcil de desmantelar. Mesmo que o Hezbollah sofra retrocessos no Oriente M\u00e9dio, suas redes na Am\u00e9rica Latina podem seguir operando, confirmando uma l\u00f3gica econ\u00f4mica que se afasta da concep\u00e7\u00e3o militar.<\/p>\n\n\n\n<p><strong>Venezuela: de aliado estrat\u00e9gico a cen\u00e1rio incerto<\/strong><\/p>\n\n\n\n<p>Por mais de vinte anos, a Venezuela foi o principal ponto de apoio do Ir\u00e3 na Am\u00e9rica Latina. A alian\u00e7a com o regime chavista permitiu a Teer\u00e3 acessar infraestruturas, redes financeiras e cobertura diplom\u00e1tica. Esse equil\u00edbrio mudou; a sa\u00edda de Nicol\u00e1s Maduro e a nova orienta\u00e7\u00e3o do governo de Delcy Rodr\u00edguez em rela\u00e7\u00e3o aos Estados Unidos introduzem uma clara incerteza sobre o apoio do governo venezuelano \u00e0 presen\u00e7a iraniana.<\/p>\n\n\n\n<p>No entanto, as redes constitu\u00eddas ao longo de anos n\u00e3o se desmantelam por decreto. As conex\u00f5es log\u00edsticas, comerciais e financeiras continuam existindo, embora a partir de agora devam enfrentar um novo cen\u00e1rio com menor prote\u00e7\u00e3o pol\u00edtica e maior press\u00e3o externa. Dessa forma, a Venezuela deixa de ser um ref\u00fagio seguro para se tornar um espa\u00e7o em disputa, onde os diferentes atores buscam se reposicionar.<\/p>\n\n\n\n<p><strong>Crime organizado, onde tudo converge<\/strong><\/p>\n\n\n\n<p>O fator que melhor explica a persist\u00eancia da presen\u00e7a iraniana na Am\u00e9rica Latina \u00e9 sua converg\u00eancia com o crime organizado, com o qual desenvolveu alian\u00e7as funcionais. As organiza\u00e7\u00f5es criminosas fornecem rotas, infraestrutura e capacidade de operar na clandestinidade, enquanto as redes ligadas ao Ir\u00e3 oferecem conex\u00f5es internacionais e mecanismos de financiamento voltados para a lavagem de dinheiro.<\/p>\n\n\n\n<p>O resultado \u00e9 uma zona cinzenta onde o criminal e o geopol\u00edtico se entrela\u00e7am. E \u00e9 precisamente nesse espa\u00e7o que os Estados encontram maiores dificuldades para agir. Al\u00e9m disso, essa converg\u00eancia reduz a depend\u00eancia do Ir\u00e3 em rela\u00e7\u00e3o a governos aliados. Mesmo em cen\u00e1rios de perda de apoio pol\u00edtico, como no caso venezuelano, essas redes permitem manter sua presen\u00e7a.<\/p>\n\n\n\n<p><strong>Mais press\u00e3o, mas n\u00e3o menos presen\u00e7a<\/strong><\/p>\n\n\n\n<p>O contexto internacional atual tamb\u00e9m n\u00e3o favorece a Guarda Revolucion\u00e1ria. A guerra iniciada em fevereiro de 2026 aumentou a press\u00e3o sobre sua estrutura por meio de ataques seletivos, do enfraquecimento de sua lideran\u00e7a e de um maior isolamento diplom\u00e1tico. No entanto, essa press\u00e3o tem um efeito paradoxal, pois, longe de reduzir sua presen\u00e7a na Am\u00e9rica Latina, aumenta o valor de suas redes externas. A regi\u00e3o n\u00e3o \u00e9 uma frente priorit\u00e1ria, mas oferece financiamento, mobilidade e menor visibilidade.<\/p>\n\n\n\n<p>A isso se soma uma dimens\u00e3o emergente como o ciberespa\u00e7o. Os incidentes recentes sugerem que a IRGC ampliou sua atua\u00e7\u00e3o para al\u00e9m do terreno f\u00edsico, favorecendo a proje\u00e7\u00e3o iraniana nos \u00e2mbitos digitais.<\/p>\n\n\n\n<p>Nesse contexto, a chave para compreender a presen\u00e7a da Guarda Revolucion\u00e1ria na Am\u00e9rica Latina reside em entender que ela n\u00e3o depende de um \u00fanico fator. A IRGC se apoia na combina\u00e7\u00e3o de atores estatais, redes il\u00edcitas e estruturas descentralizadas. Por isso, quando um desses pilares muda \u2014 como ocorre agora na Venezuela \u2014, a rede n\u00e3o entra em colapso, mas se transforma.<\/p>\n\n\n\n<p>Este \u00e9 o verdadeiro desafio para os Estados latino-americanos. Eles n\u00e3o enfrentam uma estrutura r\u00edgida, mas uma rede flex\u00edvel, capaz de se adaptar e operar nas margens. A quest\u00e3o n\u00e3o \u00e9 apenas quanto poder o Ir\u00e3 tem na regi\u00e3o, mas qual a capacidade dos Estados de responder a amea\u00e7as que n\u00e3o seguem l\u00f3gicas tradicionais. No mundo atual, as redes se movem mais r\u00e1pido do que os Estados. E a Guarda Revolucion\u00e1ria aprendeu a operar nesse espa\u00e7o.<\/p>\n\n\n\n<p><sub>*Texto publicado originalmente no Di\u00e1logo Pol\u00edtico<\/sub><\/p>\n\n\n\n<p><em><sub>Tradu\u00e7\u00e3o autom\u00e1tica revisada por Isabel Lima<\/sub><\/em><\/p>\n\n\n\n<p><\/p>\n","protected":false},"excerpt":{"rendered":"<p>O Ir\u00e3 construiu na Am\u00e9rica Latina uma rede flex\u00edvel, baseada no Hezbollah e em alian\u00e7as com o crime organizado, que lhe permite manter sua influ\u00eancia apesar da press\u00e3o internacional e das mudan\u00e7as pol\u00edticas.<\/p>\n","protected":false},"author":584,"featured_media":56223,"comment_status":"closed","ping_status":"closed","sticky":false,"template":"","format":"standard","meta":{"_acf_changed":false,"episode_type":"","audio_file":"","cover_image":"","cover_image_id":"","duration":"","filesize":"","filesize_raw":"","date_recorded":"","explicit":"","block":"","itunes_episode_number":"","itunes_title":"","itunes_season_number":"","itunes_episode_type":"","footnotes":""},"categories":[16762],"tags":[17187],"gps":[],"class_list":{"0":"post-56227","1":"post","2":"type-post","3":"status-publish","4":"format-standard","5":"has-post-thumbnail","7":"category-relaiciones-internacionales-pt-br","8":"tag-debates-2"},"acf":[],"_links":{"self":[{"href":"https:\/\/latinoamerica21.com\/pt-br\/wp-json\/wp\/v2\/posts\/56227","targetHints":{"allow":["GET"]}}],"collection":[{"href":"https:\/\/latinoamerica21.com\/pt-br\/wp-json\/wp\/v2\/posts"}],"about":[{"href":"https:\/\/latinoamerica21.com\/pt-br\/wp-json\/wp\/v2\/types\/post"}],"author":[{"embeddable":true,"href":"https:\/\/latinoamerica21.com\/pt-br\/wp-json\/wp\/v2\/users\/584"}],"replies":[{"embeddable":true,"href":"https:\/\/latinoamerica21.com\/pt-br\/wp-json\/wp\/v2\/comments?post=56227"}],"version-history":[{"count":1,"href":"https:\/\/latinoamerica21.com\/pt-br\/wp-json\/wp\/v2\/posts\/56227\/revisions"}],"predecessor-version":[{"id":56228,"href":"https:\/\/latinoamerica21.com\/pt-br\/wp-json\/wp\/v2\/posts\/56227\/revisions\/56228"}],"wp:featuredmedia":[{"embeddable":true,"href":"https:\/\/latinoamerica21.com\/pt-br\/wp-json\/wp\/v2\/media\/56223"}],"wp:attachment":[{"href":"https:\/\/latinoamerica21.com\/pt-br\/wp-json\/wp\/v2\/media?parent=56227"}],"wp:term":[{"taxonomy":"category","embeddable":true,"href":"https:\/\/latinoamerica21.com\/pt-br\/wp-json\/wp\/v2\/categories?post=56227"},{"taxonomy":"post_tag","embeddable":true,"href":"https:\/\/latinoamerica21.com\/pt-br\/wp-json\/wp\/v2\/tags?post=56227"},{"taxonomy":"gps","embeddable":true,"href":"https:\/\/latinoamerica21.com\/pt-br\/wp-json\/wp\/v2\/gps?post=56227"}],"curies":[{"name":"wp","href":"https:\/\/api.w.org\/{rel}","templated":true}]}}