{"id":56240,"date":"2026-04-29T09:00:00","date_gmt":"2026-04-29T12:00:00","guid":{"rendered":"https:\/\/latinoamerica21.com\/?p=56240"},"modified":"2026-04-29T12:15:07","modified_gmt":"2026-04-29T15:15:07","slug":"prosperidade-na-america-latina-uma-regiao-fragmentada","status":"publish","type":"post","link":"https:\/\/latinoamerica21.com\/pt-br\/prosperidade-na-america-latina-uma-regiao-fragmentada\/","title":{"rendered":"Prosperidade na Am\u00e9rica Latina: uma regi\u00e3o fragmentada"},"content":{"rendered":"\n<p>A Am\u00e9rica Latina e o Caribe (ALC) alcan\u00e7aram avan\u00e7os significativos nas \u00faltimas d\u00e9cadas nas \u00e1reas de educa\u00e7\u00e3o, sa\u00fade, governan\u00e7a democr\u00e1tica e redu\u00e7\u00e3o da pobreza. No entanto, a regi\u00e3o continua estagnada. N\u00e3o porque n\u00e3o haja progresso, mas porque os avan\u00e7os em algumas \u00e1reas n\u00e3o se articulam sistematicamente com os de outras. O resultado \u00e9 uma regi\u00e3o onde conquistas parciais raramente se traduzem em melhorias sustent\u00e1veis no padr\u00e3o de vida.<\/p>\n\n\n\n<p><strong>Progresso sem rumo<\/strong><\/p>\n\n\n\n<p>Um pequeno n\u00famero de pa\u00edses, entre eles Chile, Costa Rica e Uruguai, combina institui\u00e7\u00f5es eficazes, amplo acesso a servi\u00e7os p\u00fablicos e ambientes empresariais relativamente s\u00f3lidos. Eles demonstram que \u00e9 poss\u00edvel alcan\u00e7ar maior prosperidade dentro das limita\u00e7\u00f5es da regi\u00e3o.<\/p>\n\n\n\n<p>Mas s\u00e3o a exce\u00e7\u00e3o. A maioria dos pa\u00edses da regi\u00e3o avan\u00e7ou em algumas frentes enquanto estagnou em outras. Um pa\u00eds pode fortalecer suas institui\u00e7\u00f5es enquanto seu setor empresarial continua improdutivo. Outro pode crescer economicamente enquanto a desigualdade se agrava. Outros podem aumentar a matr\u00edcula escolar enquanto a qualidade da educa\u00e7\u00e3o continua deficiente. Existem avan\u00e7os, mas eles n\u00e3o se conectam entre si.<\/p>\n\n\n\n<p>Um pequeno grupo de pa\u00edses enfrenta simultaneamente limita\u00e7\u00f5es em m\u00faltiplas dimens\u00f5es. Nesses casos, melhorias isoladas, como um ano de maior crescimento e uma nova lei anticorrup\u00e7\u00e3o, n\u00e3o alteram o panorama geral. As fragilidades em outras \u00e1reas permanecem profundamente enraizadas.<\/p>\n\n\n\n<p><strong>Crescimento que n\u00e3o transforma<\/strong><\/p>\n\n\n\n<p>A Am\u00e9rica Latina e o Caribe passaram por per\u00edodos de verdadeira expans\u00e3o econ\u00f4mica. O boom das commodities na d\u00e9cada de 2000 tirou milh\u00f5es de pessoas da pobreza e ampliou a classe m\u00e9dia. No entanto, quando os pre\u00e7os mundiais ca\u00edram, grande parte desse progresso revelou-se fr\u00e1gil. A regi\u00e3o tem crescido mais lentamente do que a maior parte do mundo em desenvolvimento h\u00e1 mais de uma d\u00e9cada. As proje\u00e7\u00f5es atuais estimam o crescimento m\u00e9dio anual em torno de 2%, valor muito baixo para diminuir a diferen\u00e7a em rela\u00e7\u00e3o \u00e0s economias mais avan\u00e7adas ou para gerar o investimento necess\u00e1rio para melhores servi\u00e7os p\u00fablicos.<\/p>\n\n\n\n<p>O problema de fundo reside no que impulsiona esse crescimento. Grande parte da regi\u00e3o depende fortemente da exporta\u00e7\u00e3o de mat\u00e9rias-primas, como petr\u00f3leo, minerais e produtos agr\u00edcolas. Isso a torna vulner\u00e1vel \u00e0s flutua\u00e7\u00f5es dos pre\u00e7os mundiais. Tamb\u00e9m limita o tipo de transforma\u00e7\u00e3o produtiva que gera melhores empregos e um maior n\u00edvel de vida a longo prazo. As empresas da regi\u00e3o investem menos de 0,5% do seu PIB em pesquisa e desenvolvimento, muito abaixo dos n\u00edveis da \u00c1sia Oriental ou das economias avan\u00e7adas. A inova\u00e7\u00e3o continua concentrada em um pequeno n\u00famero de grandes empresas. A maioria das empresas, em particular as menores, opera com tecnologia limitada, acesso restrito ao financiamento e pouca conex\u00e3o com os mercados globais.<\/p>\n\n\n\n<p><strong>Democracia sem resultados concretos<\/strong><\/p>\n\n\n\n<p>A regi\u00e3o \u00e9 formalmente uma das mais democr\u00e1ticas do mundo. Realizam-se elei\u00e7\u00f5es periodicamente e existem institui\u00e7\u00f5es formais em quase todos os pa\u00edses. No entanto, o que varia enormemente \u00e9 se essas institui\u00e7\u00f5es cumprem sua fun\u00e7\u00e3o na pr\u00e1tica.<\/p>\n\n\n\n<p>Em grande parte da regi\u00e3o, o Estado de Direito \u00e9 aplicado de forma inconsistente. A maioria dos pa\u00edses da Am\u00e9rica Latina e do Caribe obt\u00e9m pontua\u00e7\u00f5es inferiores \u00e0s esperadas para seu n\u00edvel de renda nos indicadores relevantes. A corrup\u00e7\u00e3o continua muito disseminada. Os sistemas judiciais s\u00e3o lentos e frequentemente politizados. Em v\u00e1rios pa\u00edses, a situa\u00e7\u00e3o piorou desde 2016.<\/p>\n\n\n\n<p>Essas defici\u00eancias t\u00eam consequ\u00eancias econ\u00f4micas diretas. Quando os contratos n\u00e3o s\u00e3o cumpridos de forma confi\u00e1vel, quando as regulamenta\u00e7\u00f5es s\u00e3o aplicadas arbitrariamente ou quando o investimento p\u00fablico \u00e9 desviado por meio de redes corruptas, enfraquece-se o incentivo para investir, contratar e inovar. As defici\u00eancias na governan\u00e7a limitam silenciosamente as condi\u00e7\u00f5es econ\u00f4micas necess\u00e1rias para a prosperidade.<\/p>\n\n\n\n<p>Uma preocupa\u00e7\u00e3o particular \u00e9 a crescente concentra\u00e7\u00e3o do poder executivo em v\u00e1rios pa\u00edses. As elei\u00e7\u00f5es democr\u00e1ticas coexistem com institui\u00e7\u00f5es de fiscaliza\u00e7\u00e3o enfraquecidas, poderes judiciais pressionados e administra\u00e7\u00f5es p\u00fablicas politizadas. A diminui\u00e7\u00e3o da confian\u00e7a nos partidos pol\u00edticos \u00e9 uma tend\u00eancia regional. O apoio a candidatos que prometem seguran\u00e7a e ordem em detrimento da modera\u00e7\u00e3o institucional aumentou nos \u00faltimos ciclos eleitorais.<\/p>\n\n\n\n<p><strong>Uma distribui\u00e7\u00e3o desigual do progresso<\/strong><\/p>\n\n\n\n<p>Desde a d\u00e9cada de 1990, a regi\u00e3o ampliou significativamente o acesso \u00e0 educa\u00e7\u00e3o e \u00e0 sa\u00fade. A pobreza extrema diminuiu e a expectativa de vida aumentou. Essas s\u00e3o conquistas genu\u00ednas.<\/p>\n\n\n\n<p>No entanto, a Am\u00e9rica Latina e o Caribe continuam sendo a regi\u00e3o mais desigual do mundo. Os 10% mais ricos det\u00eam mais de um ter\u00e7o da renda total, enquanto os 10% mais pobres recebem menos de 2%. Essa disparidade condiciona o funcionamento das economias, limita a demanda interna, restringe a mobilidade social e reduz a produtividade da for\u00e7a de trabalho.<\/p>\n\n\n\n<p>A educa\u00e7\u00e3o ilustra claramente esse problema. Apesar de uma matr\u00edcula quase universal no ensino fundamental, os resultados de aprendizagem permanecem muito abaixo do que seria de se esperar, considerando os n\u00edveis de renda. Os alunos da Am\u00e9rica Latina e do Caribe obt\u00eam sistematicamente algumas das notas mais baixas do mundo nas avalia\u00e7\u00f5es de matem\u00e1tica e leitura. Os alunos de fam\u00edlias de baixa renda enfrentam as maiores disparidades, com consequ\u00eancias para a produtividade e as oportunidades que se agravam com o tempo.<\/p>\n\n\n\n<p>O acesso digital acrescenta outra camada de exclus\u00e3o. Cerca de tr\u00eas quartos da popula\u00e7\u00e3o utilizam a internet, mas a conectividade continua limitada nas \u00e1reas rurais e entre as fam\u00edlias de baixa renda. A participa\u00e7\u00e3o digital desigual refor\u00e7a as disparidades sociais e econ\u00f4micas mais amplas.<\/p>\n\n\n\n<p><strong>Quando o progresso n\u00e3o se acumula<\/strong><\/p>\n\n\n\n<p>Os avan\u00e7os na Am\u00e9rica Latina e no Caribe t\u00eam sido reais, mas desconexos. Institui\u00e7\u00f5es mais s\u00f3lidas nem sempre geraram empresas mais produtivas. O crescimento econ\u00f4mico n\u00e3o se traduziu de forma consistente em inclus\u00e3o social. As melhorias nos sistemas educacionais ampliaram o acesso, mas n\u00e3o melhoraram a qualidade de maneira consistente.<\/p>\n\n\n\n<p>A regi\u00e3o possui importantes ativos, como recursos naturais, uma popula\u00e7\u00e3o jovem em muitos pa\u00edses, uma infraestrutura digital em expans\u00e3o e centros de excel\u00eancia nos setores empresarial, cient\u00edfico e da administra\u00e7\u00e3o p\u00fablica. Transformar esses ativos em prosperidade generalizada exige que o progresso nas dimens\u00f5es econ\u00f4mica, institucional e social avance de forma conjunta. Em grande parte da regi\u00e3o, isso ainda n\u00e3o aconteceu.<\/p>\n\n\n\n<p><sub>*Este artigo baseia-se nas conclus\u00f5es do Relat\u00f3rio de Prosperidade da Am\u00e9rica Latina e do Caribe 2026 do Centro de Competitividade Global do IMD.<\/sub><\/p>\n\n\n\n<p><em><sub>Tradu\u00e7\u00e3o autom\u00e1tica revisada por Isabel Lima<\/sub><\/em><\/p>\n\n\n\n<p><\/p>\n","protected":false},"excerpt":{"rendered":"<p>A Am\u00e9rica Latina avan\u00e7a em v\u00e1rias frentes, mas a falta de articula\u00e7\u00e3o entre os avan\u00e7os econ\u00f4micos, sociais e institucionais impede que esses avan\u00e7os se traduzam em bem-estar sustent\u00e1vel.<\/p>\n","protected":false},"author":889,"featured_media":56232,"comment_status":"closed","ping_status":"closed","sticky":false,"template":"","format":"standard","meta":{"_acf_changed":false,"episode_type":"","audio_file":"","cover_image":"","cover_image_id":"","duration":"","filesize":"","filesize_raw":"","date_recorded":"","explicit":"","block":"","itunes_episode_number":"","itunes_title":"","itunes_season_number":"","itunes_episode_type":"","footnotes":""},"categories":[16754,16750],"tags":[17187],"gps":[],"class_list":{"0":"post-56240","1":"post","2":"type-post","3":"status-publish","4":"format-standard","5":"has-post-thumbnail","7":"category-desarrollo-pt-br","8":"category-economia-pt-br","9":"tag-debates-2"},"acf":[],"_links":{"self":[{"href":"https:\/\/latinoamerica21.com\/pt-br\/wp-json\/wp\/v2\/posts\/56240","targetHints":{"allow":["GET"]}}],"collection":[{"href":"https:\/\/latinoamerica21.com\/pt-br\/wp-json\/wp\/v2\/posts"}],"about":[{"href":"https:\/\/latinoamerica21.com\/pt-br\/wp-json\/wp\/v2\/types\/post"}],"author":[{"embeddable":true,"href":"https:\/\/latinoamerica21.com\/pt-br\/wp-json\/wp\/v2\/users\/889"}],"replies":[{"embeddable":true,"href":"https:\/\/latinoamerica21.com\/pt-br\/wp-json\/wp\/v2\/comments?post=56240"}],"version-history":[{"count":1,"href":"https:\/\/latinoamerica21.com\/pt-br\/wp-json\/wp\/v2\/posts\/56240\/revisions"}],"predecessor-version":[{"id":56241,"href":"https:\/\/latinoamerica21.com\/pt-br\/wp-json\/wp\/v2\/posts\/56240\/revisions\/56241"}],"wp:featuredmedia":[{"embeddable":true,"href":"https:\/\/latinoamerica21.com\/pt-br\/wp-json\/wp\/v2\/media\/56232"}],"wp:attachment":[{"href":"https:\/\/latinoamerica21.com\/pt-br\/wp-json\/wp\/v2\/media?parent=56240"}],"wp:term":[{"taxonomy":"category","embeddable":true,"href":"https:\/\/latinoamerica21.com\/pt-br\/wp-json\/wp\/v2\/categories?post=56240"},{"taxonomy":"post_tag","embeddable":true,"href":"https:\/\/latinoamerica21.com\/pt-br\/wp-json\/wp\/v2\/tags?post=56240"},{"taxonomy":"gps","embeddable":true,"href":"https:\/\/latinoamerica21.com\/pt-br\/wp-json\/wp\/v2\/gps?post=56240"}],"curies":[{"name":"wp","href":"https:\/\/api.w.org\/{rel}","templated":true}]}}