{"id":58604,"date":"2026-08-31T09:00:00","date_gmt":"2026-08-31T12:00:00","guid":{"rendered":"https:\/\/latinoamerica21.com\/?p=58604"},"modified":"2026-08-31T09:35:07","modified_gmt":"2026-08-31T12:35:07","slug":"javier-milei-no-brasil-e-a-nova-direita-latino-americana","status":"publish","type":"post","link":"https:\/\/latinoamerica21.com\/pt-br\/javier-milei-no-brasil-e-a-nova-direita-latino-americana\/","title":{"rendered":"Javier Milei no Brasil e a nova direita latino-americana"},"content":{"rendered":"\n<p class=\"wp-block-paragraph\">A visita de Javier Milei a S\u00e3o Paulo, no \u00faltimo dia 25 de julho, para apoiar a candidatura presidencial de Fl\u00e1vio Bolsonaro contribuiu para desencadear uma nova crise diplom\u00e1tica entre Brasil e Argentina. Mas o epis\u00f3dio representa algo mais amplo: a crescente articula\u00e7\u00e3o das direitas latino-americanas e a disputa pelo rumo pol\u00edtico da regi\u00e3o.<\/p>\n\n\n\n<p class=\"wp-block-paragraph\">Durante a conven\u00e7\u00e3o do Partido Liberal (PL), Milei atacou diretamente o presidente Lula, a quem chamou de \u201cladr\u00e3o\u201d e \u201csocialista\u201d, e tamb\u00e9m criticou duramente o ministro do Supremo Tribunal Federal Alexandre de Moraes. Ao mesmo tempo, apresentou Fl\u00e1vio Bolsonaro como a alternativa capaz de \u201cparar\u201d o socialismo. A interven\u00e7\u00e3o mostrou at\u00e9 que ponto as disputas das novas direitas latino-americanas ultrapassam as fronteiras nacionais.<\/p>\n\n\n\n<p class=\"wp-block-paragraph\">O epis\u00f3dio faz parte de um ciclo pol\u00edtico que est\u00e1 alterando o equil\u00edbrio regional. Nos \u00faltimos anos, a direita avan\u00e7ou em Argentina, Bol\u00edvia, Chile, Equador e Paraguai, e em 2026 somou as vit\u00f3rias de Keiko Fujimori no Peru e de Abelardo de la Espriella na Col\u00f4mbia. O Brasil se prepara agora para uma das elei\u00e7\u00f5es mais importantes do ano, que ser\u00e1 realizada em outubro. Essa mudan\u00e7a mostra que a direita ganhou terreno em boa parte da Am\u00e9rica do Sul, embora seus governos e projetos pol\u00edticos respondam a tradi\u00e7\u00f5es e agendas diferentes.<\/p>\n\n\n\n<p class=\"wp-block-paragraph\">N\u00e3o se trata, no entanto, de uma simples repeti\u00e7\u00e3o da \u201conda conservadora\u201d de d\u00e9cadas anteriores. O pr\u00f3prio campo da direita est\u00e1 mudando. Partidos tradicionais incorporam discursos de seguran\u00e7a, redu\u00e7\u00e3o do Estado e confronto cultural, enquanto movimentos mais radicais buscam se tornar for\u00e7as governamentais. A fronteira entre a direita tradicional, a direita conservadora e a extrema direita torna-se cada vez mais dif\u00edcil de estabelecer.<\/p>\n\n\n\n<p class=\"wp-block-paragraph\">A inseguran\u00e7a e a deteriora\u00e7\u00e3o das condi\u00e7\u00f5es econ\u00f4micas desempenham um papel central nesse processo. As promessas de \u201cm\u00e3o pesada\u201d contra o crime combinam-se com um discurso que atribui a culpa pela crise \u00e0s elites pol\u00edticas tradicionais. A experi\u00eancia de Nayib Bukele em El Salvador e o retorno de Donald Trump \u00e0 Casa Branca servem de refer\u00eancia para essas novas direitas, que encontram na seguran\u00e7a, no confronto cultural e na rejei\u00e7\u00e3o \u00e0 esquerda instrumentos de mobiliza\u00e7\u00e3o eleitoral.<\/p>\n\n\n\n<p class=\"wp-block-paragraph\">O Brasil \u00e9 agora um dos principais palcos dessa disputa. As pesquisas mais recentes mant\u00eam Lula na lideran\u00e7a, mas mostram uma disputa acirrada com Fl\u00e1vio Bolsonaro. A pesquisa BTG\/Nexus divulgada em 17 de agosto registra 41% para Lula e 36% para Fl\u00e1vio no primeiro turno. Em um eventual segundo turno, Lula obt\u00e9m 47% e Fl\u00e1vio, 44%. A pesquisa da Quaest tamb\u00e9m indicava um cen\u00e1rio acirrado, com 43% para Lula e 40% para Fl\u00e1vio no segundo turno.<\/p>\n\n\n\n<p class=\"wp-block-paragraph\">Mas a disputa n\u00e3o se limita aos dois principais candidatos. Ronaldo Caiado, Romeu Zema e Renan Santos tamb\u00e9m buscam ocupar o espa\u00e7o conservador, embora ainda apare\u00e7am com porcentagens menores nas pesquisas. Sua presen\u00e7a revela uma disputa dentro da pr\u00f3pria direita para definir quem ser\u00e1 capaz de representar esse eleitorado e, eventualmente, superar a lideran\u00e7a pol\u00edtica constru\u00edda por Jair Bolsonaro.<\/p>\n\n\n\n<p class=\"wp-block-paragraph\">A dimens\u00e3o estadunidense \u00e9 fundamental para compreender esse cen\u00e1rio. O governo de Donald Trump deixou de ser uma refer\u00eancia ideol\u00f3gica distante para se tornar um ator com capacidade concreta de intervir nos conflitos pol\u00edticos latino-americanos. A press\u00e3o comercial sobre o Brasil, as cr\u00edticas \u00e0s institui\u00e7\u00f5es brasileiras e o apoio pol\u00edtico a setores bolsonaristas, ligados ao ex-presidente Jair Bolsonaro, condenado por tentativa de golpe de Estado, colocam novamente Washington no centro das disputas sobre a orienta\u00e7\u00e3o pol\u00edtica da regi\u00e3o.<\/p>\n\n\n\n<p class=\"wp-block-paragraph\">Aqui surge uma contradi\u00e7\u00e3o central. Enquanto as novas direitas latino-americanas utilizam a linguagem da soberania nacional, muitas buscam simultaneamente uma rela\u00e7\u00e3o privilegiada com Washington e aceitam instrumentos externos de press\u00e3o contra governos advers\u00e1rios. A soberania parece se tornar um princ\u00edpio seletivo: \u00e9 invocada diante da esquerda, mas relativizada quando a press\u00e3o vem dos Estados Unidos e favorece o pr\u00f3prio campo pol\u00edtico.<\/p>\n\n\n\n<p class=\"wp-block-paragraph\">O Brasil \u00e9 um caso particularmente evidente. Fl\u00e1vio Bolsonaro tem buscado estreitar seus la\u00e7os com Trump e apresentar sua candidatura como parte de uma alian\u00e7a pol\u00edtica internacional mais ampla. Setores do bolsonarismo, al\u00e9m disso, t\u00eam comemorado as medidas adotadas por Washington contra o Brasil. A tens\u00e3o entre o nacionalismo reivindicado pelo bolsonarismo e sua disposi\u00e7\u00e3o de aceitar a press\u00e3o de uma pot\u00eancia estrangeira constitui uma das principais contradi\u00e7\u00f5es desse projeto pol\u00edtico.<\/p>\n\n\n\n<p class=\"wp-block-paragraph\">Para Lula, essa situa\u00e7\u00e3o abre um espa\u00e7o eleitoral. Diante da press\u00e3o de Washington e dos ataques de Milei, o presidente brasileiro refor\u00e7ou um discurso centrado na defesa da soberania e da autonomia nacional. Enquanto Fl\u00e1vio combina um discurso nacionalista com uma estreita aproxima\u00e7\u00e3o a Trump, Lula busca apresentar a press\u00e3o externa como uma amea\u00e7a aos interesses brasileiros e contrap\u00f4-la com uma pol\u00edtica de maior autonomia internacional.<\/p>\n\n\n\n<p class=\"wp-block-paragraph\">O confronto tamb\u00e9m acarreta custos para ambos os pa\u00edses. O Brasil e a Argentina mant\u00eam uma rela\u00e7\u00e3o econ\u00f4mica e estrat\u00e9gica que vai al\u00e9m das prefer\u00eancias ideol\u00f3gicas de seus governos. Com\u00e9rcio, investimentos, cadeias produtivas, energia e o Mercosul dependem de um v\u00ednculo relativamente est\u00e1vel. A estrat\u00e9gia de confronto de Milei pode fortalecer sua posi\u00e7\u00e3o dentro da direita regional, mas prejudica uma rela\u00e7\u00e3o fundamental para a economia argentina e para a integra\u00e7\u00e3o sul-americana.<\/p>\n\n\n\n<p class=\"wp-block-paragraph\">Essa conex\u00e3o entre pol\u00edtica interna e pol\u00edtica externa \u00e9 uma das caracter\u00edsticas centrais da nova direita regional. As disputas eleitorais n\u00e3o se desenrolam mais exclusivamente dentro das fronteiras nacionais: as lideran\u00e7as trocam apoios, discursos e estrat\u00e9gias, enquanto atores externos, como os Estados Unidos, assumem um papel cada vez mais vis\u00edvel na configura\u00e7\u00e3o de alian\u00e7as pol\u00edticas.<\/p>\n\n\n\n<p class=\"wp-block-paragraph\">Por isso, a elei\u00e7\u00e3o brasileira ser\u00e1 mais do que uma disputa presidencial. Ser\u00e1 um teste \u00e0 capacidade da nova direita latino-americana de transformar seu crescimento eleitoral em uma hegemonia regional e, ao mesmo tempo, para ver quem conseguir\u00e1 liderar o campo conservador brasileiro. Ap\u00f3s as vit\u00f3rias da direita no Peru e na Col\u00f4mbia, o Brasil se torna um dos principais territ\u00f3rios em disputa entre dois projetos distintos para o futuro pol\u00edtico da regi\u00e3o.<\/p>\n\n\n\n<p class=\"wp-block-paragraph\">O resultado mostrar\u00e1 se essa transforma\u00e7\u00e3o conseguir\u00e1 se consolidar ou se Lula ainda pode representar um freio \u00e0 nova configura\u00e7\u00e3o pol\u00edtica regional. Em outubro, o Brasil n\u00e3o eleger\u00e1 apenas um presidente: tamb\u00e9m estar\u00e1 em jogo o equil\u00edbrio pol\u00edtico da Am\u00e9rica Latina e o tipo de rela\u00e7\u00e3o que a regi\u00e3o estabelecer\u00e1 com os Estados Unidos.<\/p>\n","protected":false},"excerpt":{"rendered":"<p>A visita de Milei ao Brasil revelou a crescente coordena\u00e7\u00e3o entre as novas for\u00e7as de direita latino-americanas e transformou as elei\u00e7\u00f5es brasileiras em uma disputa decisiva para o rumo pol\u00edtico da regi\u00e3o.<\/p>\n","protected":false},"author":940,"featured_media":58596,"comment_status":"closed","ping_status":"closed","sticky":false,"template":"","format":"standard","meta":{"_acf_changed":false,"episode_type":"","audio_file":"","podmotor_file_id":"","podmotor_episode_id":"","cover_image":"","cover_image_id":"","duration":"","filesize":"","filesize_raw":"","date_recorded":"","explicit":"","block":"","itunes_episode_number":"","itunes_title":"","itunes_season_number":"","itunes_episode_type":"","footnotes":""},"categories":[16960,16728],"tags":[17187],"gps":[],"class_list":["post-58604","post","type-post","status-publish","format-standard","has-post-thumbnail","category-javier-milei-pt-br","category-brasil-pt-br","tag-debates-2"],"acf":[],"_links":{"self":[{"href":"https:\/\/latinoamerica21.com\/pt-br\/wp-json\/wp\/v2\/posts\/58604","targetHints":{"allow":["GET"]}}],"collection":[{"href":"https:\/\/latinoamerica21.com\/pt-br\/wp-json\/wp\/v2\/posts"}],"about":[{"href":"https:\/\/latinoamerica21.com\/pt-br\/wp-json\/wp\/v2\/types\/post"}],"author":[{"embeddable":true,"href":"https:\/\/latinoamerica21.com\/pt-br\/wp-json\/wp\/v2\/users\/940"}],"replies":[{"embeddable":true,"href":"https:\/\/latinoamerica21.com\/pt-br\/wp-json\/wp\/v2\/comments?post=58604"}],"version-history":[{"count":1,"href":"https:\/\/latinoamerica21.com\/pt-br\/wp-json\/wp\/v2\/posts\/58604\/revisions"}],"predecessor-version":[{"id":58606,"href":"https:\/\/latinoamerica21.com\/pt-br\/wp-json\/wp\/v2\/posts\/58604\/revisions\/58606"}],"wp:featuredmedia":[{"embeddable":true,"href":"https:\/\/latinoamerica21.com\/pt-br\/wp-json\/wp\/v2\/media\/58596"}],"wp:attachment":[{"href":"https:\/\/latinoamerica21.com\/pt-br\/wp-json\/wp\/v2\/media?parent=58604"}],"wp:term":[{"taxonomy":"category","embeddable":true,"href":"https:\/\/latinoamerica21.com\/pt-br\/wp-json\/wp\/v2\/categories?post=58604"},{"taxonomy":"post_tag","embeddable":true,"href":"https:\/\/latinoamerica21.com\/pt-br\/wp-json\/wp\/v2\/tags?post=58604"},{"taxonomy":"gps","embeddable":true,"href":"https:\/\/latinoamerica21.com\/pt-br\/wp-json\/wp\/v2\/gps?post=58604"}],"curies":[{"name":"wp","href":"https:\/\/api.w.org\/{rel}","templated":true}]}}