{"id":58718,"date":"2026-09-05T09:00:00","date_gmt":"2026-09-05T12:00:00","guid":{"rendered":"https:\/\/latinoamerica21.com\/?p=58718"},"modified":"2026-09-05T17:53:41","modified_gmt":"2026-09-05T20:53:41","slug":"o-vinculo-entre-a-america-latina-e-a-italia-uma-alianca-historica-que-ganha-novo-folego","status":"publish","type":"post","link":"https:\/\/latinoamerica21.com\/pt-br\/o-vinculo-entre-a-america-latina-e-a-italia-uma-alianca-historica-que-ganha-novo-folego\/","title":{"rendered":"O v\u00ednculo entre a Am\u00e9rica Latina e a It\u00e1lia: uma alian\u00e7a hist\u00f3rica que ganha novo f\u00f4lego"},"content":{"rendered":"\n<p class=\"wp-block-paragraph\">Ap\u00f3s anos de aten\u00e7\u00e3o intermitente, parece estar se iniciando uma nova etapa nas rela\u00e7\u00f5es entre a Am\u00e9rica Latina e a It\u00e1lia. O governo italiano renovou seu interesse pela regi\u00e3o, impulsionado por sua afinidade pol\u00edtica com v\u00e1rios de seus l\u00edderes. A presidente do Conselho de Ministros, Giorgia Meloni, desenvolveu uma rela\u00e7\u00e3o especialmente estreita com o presidente argentino, Javier Milei, mas a aproxima\u00e7\u00e3o n\u00e3o se limita \u00e0 Argentina. O di\u00e1logo com os presidentes do Paraguai, Santiago Pe\u00f1a, e do Equador, Daniel Noboa, bem como os contatos com outros governos latino-americanos, demonstram uma aten\u00e7\u00e3o renovada em rela\u00e7\u00e3o ao continente.<\/p>\n\n\n\n<p class=\"wp-block-paragraph\">Tamb\u00e9m aumentou o interesse da Am\u00e9rica Latina em estreitar seus la\u00e7os com a Uni\u00e3o Europeia e a It\u00e1lia. Diante das limita\u00e7\u00f5es das rela\u00e7\u00f5es condicionadas pela competi\u00e7\u00e3o geopol\u00edtica, pela depend\u00eancia financeira ou por profundas assimetrias, v\u00e1rios governos veem na Europa um parceiro capaz de oferecer outras formas de coopera\u00e7\u00e3o. Entre elas, um modelo que busca combinar crescimento econ\u00f4mico, coes\u00e3o social, sustentabilidade e fortalecimento institucional.<\/p>\n\n\n\n<p class=\"wp-block-paragraph\">Algo similar ocorre na \u00e1rea de seguran\u00e7a. Diante de respostas centradas exclusivamente na repress\u00e3o, a experi\u00eancia europeia pode trazer uma perspectiva que articule preven\u00e7\u00e3o, desenvolvimento, participa\u00e7\u00e3o social e respeito ao Estado de Direito.<\/p>\n\n\n\n<p class=\"wp-block-paragraph\"><strong>Uma rela\u00e7\u00e3o que vai al\u00e9m do momento atual<\/strong><\/p>\n\n\n\n<p class=\"wp-block-paragraph\">A aproxima\u00e7\u00e3o entre a Am\u00e9rica Latina e a It\u00e1lia n\u00e3o deve ser entendida apenas como uma alternativa \u00e0s estrat\u00e9gias de outras pot\u00eancias. Sua principal for\u00e7a reside em uma hist\u00f3ria compartilhada e na possibilidade de construir uma parceria menos desigual, com interesses concretos para ambas as partes.<\/p>\n\n\n\n<p class=\"wp-block-paragraph\">Essa aproxima\u00e7\u00e3o tamb\u00e9m n\u00e3o responde apenas \u00e0 conjuntura pol\u00edtica. Ela recupera uma dimens\u00e3o presente na pol\u00edtica externa italiana desde o nascimento da Rep\u00fablica e cujas ra\u00edzes s\u00e3o anteriores.<\/p>\n\n\n\n<p class=\"wp-block-paragraph\">Muito antes de a It\u00e1lia redefinir seu papel internacional ap\u00f3s a Segunda Guerra Mundial, parte de sua lideran\u00e7a pol\u00edtica j\u00e1 considerava a Am\u00e9rica Latina um espa\u00e7o natural de di\u00e1logo. Essa vis\u00e3o n\u00e3o se baseava apenas em interesses diplom\u00e1ticos ou comerciais, mas tamb\u00e9m nos la\u00e7os criados pelas migra\u00e7\u00f5es, pela cultura, pelo direito e por certas tradi\u00e7\u00f5es compartilhadas.<\/p>\n\n\n\n<p class=\"wp-block-paragraph\">Para os milh\u00f5es de italianos que cruzaram o Atl\u00e2ntico entre o final do s\u00e9culo XIX e boa parte do s\u00e9culo XX, a Am\u00e9rica Latina n\u00e3o foi apenas um destino econ\u00f4mico. Foi o lugar onde constru\u00edram novas vidas e comunidades que, com o tempo, passaram a fazer parte das sociedades latino-americanas.<\/p>\n\n\n\n<p class=\"wp-block-paragraph\">Dessa experi\u00eancia surgiu uma das caracter\u00edsticas distintivas da abordagem italiana em rela\u00e7\u00e3o \u00e0 regi\u00e3o: a ideia de que a coopera\u00e7\u00e3o n\u00e3o deveria se basear em uma rela\u00e7\u00e3o vertical entre doador e receptor, mas em uma parceria entre sociedades ligadas por sua hist\u00f3ria e capazes de obter benef\u00edcios m\u00fatuos.<\/p>\n\n\n\n<p class=\"wp-block-paragraph\"><strong>Da emigra\u00e7\u00e3o \u00e0 coopera\u00e7\u00e3o institucional<\/strong><\/p>\n\n\n\n<p class=\"wp-block-paragraph\">No in\u00edcio do s\u00e9culo XX, o economista e futuro presidente da Rep\u00fablica Luigi Einaudi defendeu uma presen\u00e7a italiana no mundo baseada no trabalho, na iniciativa empresarial e na emigra\u00e7\u00e3o, em contraposi\u00e7\u00e3o \u00e0 l\u00f3gica colonial predominante na Europa. A Am\u00e9rica Latina representava um dos principais cen\u00e1rios dessa presen\u00e7a pac\u00edfica.<\/p>\n\n\n\n<p class=\"wp-block-paragraph\">Ap\u00f3s a Segunda Guerra Mundial, Alcide De Gasperi, chefe do governo italiano entre 1945 e 1953, viu na Am\u00e9rica Latina um interlocutor importante para o retorno da It\u00e1lia \u00e0 comunidade internacional. A Argentina ocupava um lugar central devido \u00e0 presen\u00e7a de milh\u00f5es de italianos e seus descendentes.<\/p>\n\n\n\n<p class=\"wp-block-paragraph\">Essa vis\u00e3o foi adquirindo uma estrutura institucional. Em 1949, o governo italiano promoveu uma miss\u00e3o diplom\u00e1tica pelas principais capitais latino-americanas. <a href=\"https:\/\/iila.org\/es\/50-aniversario\/\">Em 1966, foi criado o Instituto \u00cdtalo-Latino-Americano, hoje Organiza\u00e7\u00e3o Internacional \u00cdtalo-Latino-Americana (IILA)<\/a>, que reuniu a It\u00e1lia e os pa\u00edses da regi\u00e3o em um f\u00f3rum permanente de di\u00e1logo e coopera\u00e7\u00e3o.<\/p>\n\n\n\n<p class=\"wp-block-paragraph\">O valor dessa institui\u00e7\u00e3o tornou-se evidente durante a Guerra Fria. Em um continente marcado por fortes divis\u00f5es ideol\u00f3gicas, a It\u00e1lia conseguiu manter um espa\u00e7o no qual participavam governos de tend\u00eancias muito distintas, incluindo Cuba.<\/p>\n\n\n\n<p class=\"wp-block-paragraph\">A crise pol\u00edtica italiana do in\u00edcio dos anos 90 enfraqueceu a continuidade dessa pol\u00edtica. A Am\u00e9rica Latina passou a receber uma aten\u00e7\u00e3o mais irregular, frequentemente subordinada \u00e0s prioridades de cada governo. As Confer\u00eancias It\u00e1lia-Am\u00e9rica Latina e Caribe, realizadas desde o in\u00edcio deste s\u00e9culo, permitiram manter um espa\u00e7o est\u00e1vel de di\u00e1logo, embora nem sempre tenham conseguido se traduzir em uma estrat\u00e9gia duradoura.<\/p>\n\n\n\n<p class=\"wp-block-paragraph\"><strong>Da aproxima\u00e7\u00e3o pol\u00edtica a uma estrat\u00e9gia est\u00e1vel<\/strong><\/p>\n\n\n\n<p class=\"wp-block-paragraph\">O contexto internacional volta hoje a oferecer condi\u00e7\u00f5es favor\u00e1veis para aprofundar essa rela\u00e7\u00e3o. Os acordos entre a Uni\u00e3o Europeia e o Mercosul, as afinidades entre o governo italiano e v\u00e1rios l\u00edderes latino-americanos e o potencial econ\u00f4mico da regi\u00e3o devolveram relev\u00e2ncia a esse v\u00ednculo, tanto do ponto de vista comercial quanto geopol\u00edtico.<\/p>\n\n\n\n<p class=\"wp-block-paragraph\">O desafio consiste em transformar esse impulso em uma pol\u00edtica sustent\u00e1vel. A Am\u00e9rica Latina n\u00e3o pode se tornar, para a It\u00e1lia, uma moda diplom\u00e1tica, nem recuperar import\u00e2ncia apenas quando os equil\u00edbrios ideol\u00f3gicos da regi\u00e3o se alteram. Se a aproxima\u00e7\u00e3o depender da afinidade entre determinados governos, corre o risco de desaparecer com eles.<\/p>\n\n\n\n<p class=\"wp-block-paragraph\">Os dois atores disp\u00f5em de instrumentos para evitar isso: o IILA, <a href=\"https:\/\/iila.org\/es\/attivita\/conferencia-italia-america-latina-y-el-caribe-2\/\">as Confer\u00eancias It\u00e1lia-Am\u00e9rica Latina e Caribe<\/a>, a coopera\u00e7\u00e3o internacional, a diplomacia econ\u00f4mica e a extensa rede de comunidades de origem italiana. Mas esses mecanismos s\u00f3 ser\u00e3o eficazes se responderem a prioridades precisas e gerarem resultados reconhec\u00edveis em \u00e1reas como com\u00e9rcio, transi\u00e7\u00e3o energ\u00e9tica, seguran\u00e7a, forma\u00e7\u00e3o e fortalecimento institucional.<\/p>\n\n\n\n<p class=\"wp-block-paragraph\">O v\u00ednculo entre a Am\u00e9rica Latina e a It\u00e1lia corre nas veias de uma hist\u00f3ria compartilhada, mas essa heran\u00e7a, embora facilite a aproxima\u00e7\u00e3o, n\u00e3o \u00e9 suficiente para sustent\u00e1-la. O objetivo n\u00e3o \u00e9 reconstruir o passado nem transformar os la\u00e7os culturais em uma f\u00f3rmula ret\u00f3rica, mas aproveit\u00e1-los para construir uma rela\u00e7\u00e3o mais est\u00e1vel e equilibrada. Pois o futuro dessa alian\u00e7a depender\u00e1 da vontade pol\u00edtica de traduzir essa proximidade em projetos concretos.<\/p>\n\n\n\n<p class=\"wp-block-paragraph\"><\/p>\n","protected":false},"excerpt":{"rendered":"<p>A Am\u00e9rica Latina e a It\u00e1lia est\u00e3o passando por uma nova fase de aproxima\u00e7\u00e3o, baseada em uma hist\u00f3ria comum que busca se traduzir em uma alian\u00e7a mais est\u00e1vel.<\/p>\n","protected":false},"author":920,"featured_media":58695,"comment_status":"closed","ping_status":"closed","sticky":false,"template":"","format":"standard","meta":{"_acf_changed":false,"episode_type":"","audio_file":"","podmotor_file_id":"","podmotor_episode_id":"","cover_image":"","cover_image_id":"","duration":"","filesize":"","filesize_raw":"","date_recorded":"","explicit":"","block":"","itunes_episode_number":"","itunes_title":"","itunes_season_number":"","itunes_episode_type":"","footnotes":""},"categories":[16762],"tags":[17187],"gps":[],"class_list":["post-58718","post","type-post","status-publish","format-standard","has-post-thumbnail","category-relaiciones-internacionales-pt-br","tag-debates-2"],"acf":[],"_links":{"self":[{"href":"https:\/\/latinoamerica21.com\/pt-br\/wp-json\/wp\/v2\/posts\/58718","targetHints":{"allow":["GET"]}}],"collection":[{"href":"https:\/\/latinoamerica21.com\/pt-br\/wp-json\/wp\/v2\/posts"}],"about":[{"href":"https:\/\/latinoamerica21.com\/pt-br\/wp-json\/wp\/v2\/types\/post"}],"author":[{"embeddable":true,"href":"https:\/\/latinoamerica21.com\/pt-br\/wp-json\/wp\/v2\/users\/920"}],"replies":[{"embeddable":true,"href":"https:\/\/latinoamerica21.com\/pt-br\/wp-json\/wp\/v2\/comments?post=58718"}],"version-history":[{"count":1,"href":"https:\/\/latinoamerica21.com\/pt-br\/wp-json\/wp\/v2\/posts\/58718\/revisions"}],"predecessor-version":[{"id":58720,"href":"https:\/\/latinoamerica21.com\/pt-br\/wp-json\/wp\/v2\/posts\/58718\/revisions\/58720"}],"wp:featuredmedia":[{"embeddable":true,"href":"https:\/\/latinoamerica21.com\/pt-br\/wp-json\/wp\/v2\/media\/58695"}],"wp:attachment":[{"href":"https:\/\/latinoamerica21.com\/pt-br\/wp-json\/wp\/v2\/media?parent=58718"}],"wp:term":[{"taxonomy":"category","embeddable":true,"href":"https:\/\/latinoamerica21.com\/pt-br\/wp-json\/wp\/v2\/categories?post=58718"},{"taxonomy":"post_tag","embeddable":true,"href":"https:\/\/latinoamerica21.com\/pt-br\/wp-json\/wp\/v2\/tags?post=58718"},{"taxonomy":"gps","embeddable":true,"href":"https:\/\/latinoamerica21.com\/pt-br\/wp-json\/wp\/v2\/gps?post=58718"}],"curies":[{"name":"wp","href":"https:\/\/api.w.org\/{rel}","templated":true}]}}