{"id":5876,"date":"2021-06-02T09:14:42","date_gmt":"2021-06-02T12:14:42","guid":{"rendered":"http:\/\/latinoamerica21.com\/?p=5876"},"modified":"2021-06-02T09:30:05","modified_gmt":"2021-06-02T12:30:05","slug":"lula-vai-repetir-a-historia-de-brizola","status":"publish","type":"post","link":"https:\/\/latinoamerica21.com\/pt-br\/lula-vai-repetir-a-historia-de-brizola\/","title":{"rendered":"Lula vai repetir a hist\u00f3ria de Brizola?"},"content":{"rendered":"\n<p>Na campanha presidencial de 1989, na capa do Jornal do Brasil, em edi\u00e7\u00e3o de 12 de novembro desse ano, l\u00ea-se a manchete \u201cBrizola \u2013 a volta ao ponto em que&nbsp; deixou a Hist\u00f3ria, em 1964: a um passo da presid\u00eancia\u201d. Assim Leonel Brizola e o trabalhismo &nbsp;reapresentavam-se na cena pol\u00edtica brasileira como candidato presidencial, 25 anos depois da aus\u00eancia de elei\u00e7\u00f5es presidenciais com o objetivo de retomar o \u201cfio da hist\u00f3ria\u201d.&nbsp;<\/p>\n\n\n\n<p>Essa express\u00e3o sintetizava o eixo central de sua campanha eleitoral de 1989: depois das presid\u00eancias de Get\u00falio Vargas e Jo\u00e3o Goulart e ap\u00f3s a interrup\u00e7\u00e3o for\u00e7ada pela ditadura militar, chegara o momento do reencontro do Brasil com o trabalhismo. Na campanha, Brizola ofereceu ao povo brasileiro o passado de conquistas \u2013CLT, Petrobr\u00e1s, CIEPs\u2013. No entanto o l\u00edder trabalhista n\u00e3o imaginava que o povo brasileiro iria reivindicar o\u00a0 futuro a ser conquistado. Fernando Collor de Mello, o novo liberal do conservadorismo brasileiro, e Lu\u00eds In\u00e1cio Lula da Silva, o novo socialista, venceram Brizola e disputaram o segundo turno das elei\u00e7\u00f5es presidenciais.<\/p>\n\n\n\n<p><strong>A Campanha Brizola<\/strong><\/p>\n\n\n\n<p>Naquela elei\u00e7\u00e3o, o l\u00edder trabalhista, que tinha o dom de ler as pessoas como dizia Darcy Ribeiro, n\u00e3o compreendeu que os brasileiros estavam cansados do passado da ditadura, que formalmente se esgotara em 1988 com o advento da Constitui\u00e7\u00e3o Cidad\u00e3. As elei\u00e7\u00f5es de 1989 abririam um novo ciclo democr\u00e1tico no pa\u00eds. E todos os que faziam parte do passado l\u00e1 deveriam permanecer, mesmo os que lutaram para que o passado tivesse sido outro.<\/p>\n\n\n\n<p>Paradoxalmente, Brizola tinha envelhecido junto ao regime militar que tanto combatera. Imaginar um futuro que n\u00e3o se realizou seria recorrer \u00e0 nostalgia da mem\u00f3ria, considerando a derrota como necess\u00e1ria \u00e0 constru\u00e7\u00e3o da vit\u00f3ria.<\/p>\n\n\n\n<p>O povo brasileiro n\u00e3o queria saber disso, desejava avan\u00e7ar, seguir rumo ao seu destino, tratando do presente e cuidando-o para que se tornasse logo o futuro esperado. O Brasil, ent\u00e3o, decidiu eleger o novo, ou melhor, os representantes do novo que, sabemos, muitas vezes, surgem como simulacros, c\u00f3pias do velho, repeti\u00e7\u00e3o do antigo, ou ainda, espasmos do velho, capazes de criar monstros na transi\u00e7\u00e3o, quando, segundo Gramsci, o velho n\u00e3o se extingue e impede o novo de nascer.<\/p>\n\n\n\n<div class=\"wp-block-image\"><figure class=\"alignright size-large is-resized\"><img loading=\"lazy\" decoding=\"async\" src=\"http:\/\/latinoamerica21.com\/wp-content\/uploads\/2021\/06\/227-H-2-2.jpg\" alt=\"\" class=\"wp-image-5877\" width=\"349\" height=\"368\" srcset=\"https:\/\/latinoamerica21.com\/wp-content\/uploads\/2021\/06\/227-H-2-2.jpg 444w, https:\/\/latinoamerica21.com\/wp-content\/uploads\/2021\/06\/227-H-2-2-285x300.jpg 285w\" sizes=\"auto, (max-width: 349px) 100vw, 349px\" \/><\/figure><\/div>\n\n\n\n<p><a href=\"http:\/\/latinoamerica21.com\/br\/um-pt-em-autocritica-poderia-reeleger-bolsonaro\/\" target=\"_blank\" rel=\"noreferrer noopener\">O Brasil de 2022 pode repetir a hist\u00f3ria<\/a>, como disse Hegel, e tendo sido farsa em 1989, pode vir a se consumar como trag\u00e9dia em 2022, para lembrar tamb\u00e9m a Marx.<\/p>\n\n\n\n<p>No cen\u00e1rio atual, a Era Lula \u20131989 a 2022\u2013 pode ter um desfecho similar a Era Brizola \u20131961 a 1989. Esta defini\u00e7\u00e3o de Era responde a dois crit\u00e9rios: o l\u00edder ungido com voz nacional e a afirma\u00e7\u00e3o-nega\u00e7\u00e3o do l\u00edder na cena pol\u00edtica. Assim como Brizola irrompe nacionalmente como l\u00edder da Legalidade em 1961 e retorna em 1989, Lula foi ao segundo turno em 1989 e \u00e9 tamb\u00e9m o l\u00edder a ser afirmado ou negado em 2002.<\/p>\n\n\n\n<p>Na defini\u00e7\u00e3o que proponho, os resultados eleitorais e os eleitos s\u00e3o secund\u00e1rios, o valor que consagra a Era d\u00e1-se pela dimens\u00e3o do protagonista e pela inser\u00e7\u00e3o de suas ideias na cena pol\u00edtica do pa\u00eds ao longo do per\u00edodo referido.<\/p>\n\n\n\n<p>A polariza\u00e7\u00e3o entre Lula e Bolsonaro externa o confronto entre o passado a ser resgatado dos governos de Lula \u2013Bolsa-fam\u00edlia, Prouni, Pronasci\u2013, amparados em projetos de inclus\u00e3o social e transfer\u00eancia direta de renda, e a reitera\u00e7\u00e3o de Bolsonaro, o l\u00edder de um governo d\u00e9bil em todos os setores, da economia \u00e0 sa\u00fade, que envelheceu cedo, tanto por resgatar o regime militar quanto por nada&nbsp; fazer de mais significativo \u00e0 na\u00e7\u00e3o para desenvolv\u00ea-la.<\/p>\n\n\n\n<p>Bolsonaro n\u00e3o \u00e9 l\u00edder forjado no campo da luta pol\u00edtica, \u00e9 t\u00e3o somente produto da era digital, como Waldo da s\u00e9rie norte-americana Black Mirror, somado aos pr\u00f3prios desvios de rota do Partido dos Trabalhadores no Pal\u00e1cio do Planalto. \u00c9 preciso observ\u00e1-lo atentamente, mas \u00e9 secund\u00e1rio na vida do pa\u00eds e mais ainda o ser\u00e1 perante a hist\u00f3ria. N\u00e3o fosse o tr\u00e1gico resultado da pandemia no Brasil, a seu governo seria destinado apenas um par\u00e1grafo em um livro de hist\u00f3ria do ensino m\u00e9dio.<\/p>\n\n\n\n<p><strong>Elei\u00e7\u00f5es de 2022<\/strong><\/p>\n\n\n\n<p>Em s\u00edntese: o que ser\u00e1 decidido em 2022 \u00e9 se encerraremos pelo voto a Era Lula ou se abriremos um novo ciclo democr\u00e1tico no pa\u00eds. Para ser mais did\u00e1tico: a vit\u00f3ria de Lula ou Bolsonaro representar\u00e1 a prorroga\u00e7\u00e3o da Era Lula. A vit\u00f3ria de um projeto verdadeiramente novo poder\u00e1 ou n\u00e3o surgir das urnas diante da eventual consagra\u00e7\u00e3o popular de uma lideran\u00e7a alternativa \u00e0 polariza\u00e7\u00e3o.<\/p>\n\n\n\n<p>Dos nomes postos, excetuando-se Ciro Gomes, os demais s\u00e3o experimentos da elite nacional para encontrar o seu representante leg\u00edtimo, o que n\u00e3o tem conseguido at\u00e9 agora. A elite brasileira, no \u00faltimo per\u00edodo, ou conciliou com Lula, ou submeteu-se \u00e0s aventuras \u201cTemerosas\u201d, primeiro, ou bolsonarianas depois.<\/p>\n\n\n\n<p>O fato \u00e9 que <a href=\"https:\/\/oglobo.globo.com\/epoca\/o-brasil-na-encruzilhada-2022-por-eduardo-giannetti-25037839\" target=\"_blank\" rel=\"noreferrer noopener\">2022 pode ser interpretado pelo eleitor como uma oportunidade de virar a p\u00e1gina<\/a>. Lula ser\u00e1 apresentado como o l\u00edder das conquistas sociais, mas como diz o ex-ministro da Justi\u00e7a do seu segundo governo, Tarso Genro, as conquistas se naturalizam e s\u00e3o assimiladas como resultado da atua\u00e7\u00e3o individual do sujeito.<\/p>\n\n\n\n<p>Em 2022, Lula poder\u00e1 ser o velho tentando derrotar o monstro gramsciano da transi\u00e7\u00e3o, alimentado pelos erros petistas que at\u00e9 hoje n\u00e3o foram sequer admitidos pelo l\u00edder e pelo PT. Lula n\u00e3o poder\u00e1 se apresentar com o discurso p\u00f3s-moderno, sequer contempor\u00e2neo. Ter\u00e1 de investir na retomada do fio da hist\u00f3ria.&nbsp;<\/p>\n\n\n\n<p>E neste aspecto de retomada do passado, sendo assimilado como o \u201cvelho\u201d no olhar do eleitor, que Lula pode repetir a hist\u00f3ria de Brizola. Sobretudo se o cidad\u00e3o brasileiro, cansado do ciclo da promessa do \u201cespet\u00e1culo do crescimento econ\u00f4mico&#8221;, tra\u00eddo pela opera\u00e7\u00e3o lava-jato, que se corrompeu para combater a corrup\u00e7\u00e3o, e iluminado pela compreens\u00e3o de que seu destino n\u00e3o passa por voltar ao passado lulopetista, que teve em Bolsonaro o legado mais contundente, abre-se a novas perspectivas e rejeita os representantes do mesmo ciclo. Nesse momento, um espectro ronda o Brasil: a experi\u00eancia de 1989.<\/p>\n\n\n\n<p><em><sub>Fotos Antigas RS \u2013 Visite<\/sub><\/em><\/p>\n","protected":false},"excerpt":{"rendered":"<p>Durante a campanha presidencial de 1989, a primeira p\u00e1gina da edi\u00e7\u00e3o de 12 de novembro do Jornal do Brasil intitulava-se &#8220;Brizola &#8211; de volta \u00e0 estaca zero em 1964: a um passo da presid\u00eancia&#8221;. Assim, Leonel Brizola reapareceu na cena pol\u00edtica como candidato presidencial, 25 anos mais tarde. <\/p>\n","protected":false},"author":231,"featured_media":5870,"comment_status":"closed","ping_status":"closed","sticky":false,"template":"","format":"standard","meta":{"_acf_changed":false,"episode_type":"","audio_file":"","cover_image":"","cover_image_id":"","duration":"","filesize":"","filesize_raw":"","date_recorded":"","explicit":"","block":"","itunes_episode_number":"","itunes_title":"","itunes_season_number":"","itunes_episode_type":"","footnotes":""},"categories":[16768,16768,16708,16708,16728,16728,544],"tags":[],"gps":[],"class_list":{"0":"post-5876","1":"post","2":"type-post","3":"status-publish","4":"format-standard","5":"has-post-thumbnail","7":"category-lula-da-silva-pt-br","9":"category-politica-pt-br","11":"category-brasil-pt-br","13":"category-politica-br"},"acf":[],"_links":{"self":[{"href":"https:\/\/latinoamerica21.com\/pt-br\/wp-json\/wp\/v2\/posts\/5876","targetHints":{"allow":["GET"]}}],"collection":[{"href":"https:\/\/latinoamerica21.com\/pt-br\/wp-json\/wp\/v2\/posts"}],"about":[{"href":"https:\/\/latinoamerica21.com\/pt-br\/wp-json\/wp\/v2\/types\/post"}],"author":[{"embeddable":true,"href":"https:\/\/latinoamerica21.com\/pt-br\/wp-json\/wp\/v2\/users\/231"}],"replies":[{"embeddable":true,"href":"https:\/\/latinoamerica21.com\/pt-br\/wp-json\/wp\/v2\/comments?post=5876"}],"version-history":[{"count":0,"href":"https:\/\/latinoamerica21.com\/pt-br\/wp-json\/wp\/v2\/posts\/5876\/revisions"}],"wp:featuredmedia":[{"embeddable":true,"href":"https:\/\/latinoamerica21.com\/pt-br\/wp-json\/wp\/v2\/media\/5870"}],"wp:attachment":[{"href":"https:\/\/latinoamerica21.com\/pt-br\/wp-json\/wp\/v2\/media?parent=5876"}],"wp:term":[{"taxonomy":"category","embeddable":true,"href":"https:\/\/latinoamerica21.com\/pt-br\/wp-json\/wp\/v2\/categories?post=5876"},{"taxonomy":"post_tag","embeddable":true,"href":"https:\/\/latinoamerica21.com\/pt-br\/wp-json\/wp\/v2\/tags?post=5876"},{"taxonomy":"gps","embeddable":true,"href":"https:\/\/latinoamerica21.com\/pt-br\/wp-json\/wp\/v2\/gps?post=5876"}],"curies":[{"name":"wp","href":"https:\/\/api.w.org\/{rel}","templated":true}]}}