{"id":5899,"date":"2021-06-03T08:45:00","date_gmt":"2021-06-03T11:45:00","guid":{"rendered":"http:\/\/latinoamerica21.com\/?p=5899"},"modified":"2021-06-03T04:40:58","modified_gmt":"2021-06-03T07:40:58","slug":"eleicoes-simultaneas-no-mexico__trashed","status":"publish","type":"post","link":"https:\/\/latinoamerica21.com\/pt-br\/eleicoes-simultaneas-no-mexico__trashed\/","title":{"rendered":"Elei\u00e7\u00f5es simult\u00e2neas no M\u00e9xico"},"content":{"rendered":"\n<p>Este domingo ser\u00e1 <a href=\"http:\/\/latinoamerica21.com\/br\/as-maiores-eleicoes-da-historia-do-mexico\/\" target=\"_blank\" rel=\"noreferrer noopener\">a elei\u00e7\u00e3o intercalar mais importante das \u00faltimas d\u00e9cadas<\/a>. A c\u00e2mara baixa ser\u00e1 completamente renovada e todos os estados do pa\u00eds realizar\u00e3o elei\u00e7\u00f5es locais concomitantes com a federal. Um total de 20.415 cargos ser\u00e3o disputados: 500 deputados federais, 15 governadores, 1.923 c\u00e2maras municipais, 1.063 deputados locais e 14.222 vereadores, al\u00e9m de conselhos, administra\u00e7\u00f5es, juntas municipais e presid\u00eancias comunit\u00e1rias.<\/p>\n\n\n\n<p>Nesta corrida, as estrat\u00e9gias de competi\u00e7\u00e3o dos partidos pol\u00edticos s\u00e3o diferentes das estrat\u00e9gias a n\u00edvel subnacional e as op\u00e7\u00f5es para a C\u00e2mara dos Deputados federal s\u00e3o reduzidas devido \u00e0s coliga\u00e7\u00f5es. De um lado est\u00e1 Morena-PT-PVEM, o partido do governo mais os partidos menores, que mant\u00e9m uma vantagem, e do outro est\u00e1 PAN-PRI-PRD, uma coliga\u00e7\u00e3o dos tr\u00eas principais partidos que lutaram pelo poder nos \u00faltimos 30 anos no M\u00e9xico, o que \u00e9 uma esp\u00e9cie de ensaio do que veremos para 2024. Por seu lado, o partido Movimiento Ciudadano optou por ir sozinho para refor\u00e7ar a sua identidade para 2024, tal como os partidos rec\u00e9m-criados, porque s\u00e3o obrigados a faz\u00ea-lo por lei. <\/p>\n\n\n\n<p>O objetivo a curto prazo deste \u00faltimo \u00e9 manter o registo nacional, embora seja muito prov\u00e1vel que, apesar das suas estrat\u00e9gias para posicionar candidatos famosos sem trajet\u00f3ria pol\u00edtica \u2013 atores, atletas, lutadores e personagens reconhecidos \u2013 n\u00e3o consigam mant\u00ea-lo. \u00c9 de notar que, embora a estrat\u00e9gia de posicionar as celebridades n\u00e3o seja nova nem exclusiva de nenhum partido, foi a aposta dos novos partidos uma vez que n\u00e3o t\u00eam recursos nem espa\u00e7o nos meios de comunica\u00e7\u00e3o para competir em igualdade de condi\u00e7\u00f5es com os demais.<\/p>\n\n\n\n<div class=\"wp-block-image\"><figure class=\"alignright size-large is-resized\"><img loading=\"lazy\" decoding=\"async\" src=\"http:\/\/latinoamerica21.com\/wp-content\/uploads\/2021\/05\/226-C-2-1.jpg\" alt=\"\" class=\"wp-image-5745\" width=\"374\" height=\"550\" srcset=\"https:\/\/latinoamerica21.com\/wp-content\/uploads\/2021\/05\/226-C-2-1.jpg 675w, https:\/\/latinoamerica21.com\/wp-content\/uploads\/2021\/05\/226-C-2-1-204x300.jpg 204w\" sizes=\"auto, (max-width: 374px) 100vw, 374px\" \/><\/figure><\/div>\n\n\n\n<p>Nesse sentido, as estrat\u00e9gias de competi\u00e7\u00e3o dos partidos no n\u00edvel subnacional est\u00e3o relacionadas \u00e0s condi\u00e7\u00f5es locais de competi\u00e7\u00e3o de cada partido, raz\u00e3o pela qual vemos todas as combina\u00e7\u00f5es poss\u00edveis de coliga\u00e7\u00f5es. Isto, contudo, gera o risco de os cidad\u00e3os ficarem confusos no momento da vota\u00e7\u00e3o, como j\u00e1 aconteceu em processos anteriores.<\/p>\n\n\n\n<p><strong>As elei\u00e7\u00f5es mais inclusivas<\/strong><\/p>\n\n\n\n<p>Pela primeira vez no M\u00e9xico haver\u00e1 paridade de g\u00eanero nas candidaturas para todos os cargos eleitos popularmente, incluindo as presid\u00eancias municipais e os cargos de governador, espa\u00e7os que at\u00e9 agora tinham sido quase exclusivos para homens.<\/p>\n\n\n\n<p>Atualmente, apenas duas mulheres det\u00eam o poder executivo nos estados em contraste com 30 entidades onde os titulares s\u00e3o homens. Esse n\u00e3o \u00e9 um problema menor, porque se as tend\u00eancias na inten\u00e7\u00e3o de voto forem confirmadas, <a href=\"https:\/\/oraculus.mx\/\">pelo menos cinco mulheres estariam a ocupar estes espa\u00e7os<\/a>, o que ajudaria a quebrar os preconceitos de g\u00eanero que se refletem no aumento da viol\u00eancia contra as mulheres na arena pol\u00edtica. O \u00faltimo relat\u00f3rio do Instituto Nacional Eleitoral (INE) relata 108 queixas de contraven\u00e7\u00f5es ou delitos que podem constituir viol\u00eancia baseada no g\u00eanero.<\/p>\n\n\n\n<p>Outras a\u00e7\u00f5es afirmativas que foram aprovadas e que, naturalmente, n\u00e3o foram isentas de resist\u00eancia e viol\u00eancia dos pr\u00f3prios atores pol\u00edticos, s\u00e3o as que garantem espa\u00e7os de representa\u00e7\u00e3o a grupos que historicamente t\u00eam sido vulner\u00e1veis. Estes incluem povos ind\u00edgenas, afrodescendentes, pessoas com defici\u00eancia e a comunidade LGBTQIA+.<\/p>\n\n\n\n<p><strong>A viol\u00eancia pol\u00edtico-eleitoral<\/strong><\/p>\n\n\n\n<p>Segundo o relat\u00f3rio da Etellekt Consulting, o processo eleitoral de 2020-2021 \u00e9 j\u00e1 &#8220;<a href=\"https:\/\/www.etellekt.com\/informe-de-violencia-politica-en-mexico-2021-A30-etellekt.html\">o segundo mais violento desde 2000<\/a>&#8220;. Alguns dias antes das elei\u00e7\u00f5es h\u00e1 mais de 443 v\u00edtimas: 282 candidatos, 79 profissionais da pol\u00edtica e os demais s\u00e3o v\u00edtimas que eram familiares ou colaboradores de pol\u00edticos. Especifica-se tamb\u00e9m que a viol\u00eancia est\u00e1 a intensificar-se a n\u00edvel municipal, onde se pode mesmo dizer que existem lugares nos quais n\u00e3o existem as condi\u00e7\u00f5es b\u00e1sicas para o livre exerc\u00edcio dos direitos pol\u00edticos, e apesar disso, haver\u00e1 elei\u00e7\u00f5es.<\/p>\n\n\n\n<p>As miss\u00f5es internacionais de observa\u00e7\u00e3o eleitoral identificaram a viol\u00eancia pol\u00edtica como um dos maiores desafios para as elei\u00e7\u00f5es. Mais do que a pr\u00f3pria conting\u00eancia sanit\u00e1ria, desde que as autoridades eleitorais demonstraram a sua capacidade de implementar protocolos com excelentes resultados nas elei\u00e7\u00f5es locais de 2020 em Coahuila e Hidalgo.<\/p>\n\n\n\n<p><strong>O que esperar neste 6 de junho<\/strong><\/p>\n\n\n\n<p>\u00c0 medida que as elei\u00e7\u00f5es se aproximam, as m\u00e1s pr\u00e1ticas eleitorais intensificam-se. As not\u00edcias falsas, sondagens manipuladas, simuladores de &#8220;voto \u00fatil&#8221; e at\u00e9 campanhas pagas a favor da absten\u00e7\u00e3o e do voto nulo abundam, procurando influenciar e\/ou manipular a decis\u00e3o dos eleitores. Nenhuma dessas pr\u00e1ticas \u00e9 nova, mas em condi\u00e7\u00f5es pand\u00eamicas poderiam ter um efeito maior.<\/p>\n\n\n\n<p>Outra vari\u00e1vel que n\u00e3o favorece a participa\u00e7\u00e3o \u00e9 o antecedente de que os mexicanos participam menos nas elei\u00e7\u00f5es a m\u00e9dio prazo. No entanto, nunca houve uma elei\u00e7\u00e3o intercalar com tantos cargos em jogo, uma raz\u00e3o que poderia incentivar os cidad\u00e3os a sair para votar.<\/p>\n\n\n\n<p>Outro aspecto digno de nota \u00e9 que desde o in\u00edcio do processo eleitoral se intensificaram as tens\u00f5es entre o partido governante e os conselheiros do INE. \u00c9 muito poss\u00edvel que haja conflitos p\u00f3s-eleitorais se os resultados n\u00e3o favorecerem os candidatos de MORENA, especialmente em Guerrero e Michoac\u00e1n.<\/p>\n\n\n\n<p>Para a &#8220;Quarta Transforma\u00e7\u00e3o&#8221; que L\u00f3pez Obrador est\u00e1 a promover, os resultados eleitorais s\u00e3o da maior import\u00e2ncia uma vez que influenciar\u00e3o o seu projeto para os pr\u00f3ximos tr\u00eas anos. At\u00e9 agora, entre a maioria dos analistas eleitorais, existe um consenso que prev\u00ea que o partido no poder ir\u00e1 diminuir o seu n\u00famero de assentos em compara\u00e7\u00e3o com os seus resultados em 2018.<\/p>\n\n\n\n<p>No entanto, sua estrat\u00e9gia de coliga\u00e7\u00e3o com o Partido Trabalhista, e especialmente com o Partido Verde, lhe dar\u00e1 lugares suficientes para obter uma maioria absoluta (50+1) e aproximar-se de uma maioria qualificada (2\/3) do congresso. Isso poderia ser assegurado mesmo com transfuguismo legislativo, que \u00e9 quando os legisladores mudam de partido durante o seu mandato. Al\u00e9m disso, MORENA ser\u00e1 o partido com o maior n\u00famero de governadores, entre 13 e 14 de acordo com as tend\u00eancias.<\/p>\n\n\n\n<p>Se este cen\u00e1rio se tornar realidade, o partido no poder teria todas as possibilidades de exercer press\u00e3o no sentido de mudan\u00e7as constitucionais, enquanto a oposi\u00e7\u00e3o teria de afinar uma coliga\u00e7\u00e3o mais ampla para as elei\u00e7\u00f5es de 2024.<\/p>\n\n\n\n<p><em><sub>Foto de Carlos Herrera Tello en Foter.com<\/sub><\/em><\/p>\n","protected":false},"excerpt":{"rendered":"<p>Para a &#8220;Quarta Transforma\u00e7\u00e3o&#8221; promovida pela AMLO, os resultados eleitorais s\u00e3o de suma import\u00e2ncia, pois influenciar\u00e3o seu projeto para o futuro. Sua estrat\u00e9gia de coaliz\u00e3o lhe dar\u00e1 assentos suficientes para obter uma maioria absoluta.<\/p>\n","protected":false},"author":184,"featured_media":5873,"comment_status":"closed","ping_status":"closed","sticky":false,"template":"","format":"standard","meta":{"_acf_changed":false,"episode_type":"","audio_file":"","cover_image":"","cover_image_id":"","duration":"","filesize":"","filesize_raw":"","date_recorded":"","explicit":"","block":"","itunes_episode_number":"","itunes_title":"","itunes_season_number":"","itunes_episode_type":"","footnotes":""},"categories":[16706,16706,16719,14397,544],"tags":[],"gps":[],"class_list":{"0":"post-5899","1":"post","2":"type-post","3":"status-publish","4":"format-standard","5":"has-post-thumbnail","7":"category-mexico-pt-br","9":"category-debates-pt-br","10":"category-eleicoes","11":"category-politica-br"},"acf":[],"_links":{"self":[{"href":"https:\/\/latinoamerica21.com\/pt-br\/wp-json\/wp\/v2\/posts\/5899","targetHints":{"allow":["GET"]}}],"collection":[{"href":"https:\/\/latinoamerica21.com\/pt-br\/wp-json\/wp\/v2\/posts"}],"about":[{"href":"https:\/\/latinoamerica21.com\/pt-br\/wp-json\/wp\/v2\/types\/post"}],"author":[{"embeddable":true,"href":"https:\/\/latinoamerica21.com\/pt-br\/wp-json\/wp\/v2\/users\/184"}],"replies":[{"embeddable":true,"href":"https:\/\/latinoamerica21.com\/pt-br\/wp-json\/wp\/v2\/comments?post=5899"}],"version-history":[{"count":0,"href":"https:\/\/latinoamerica21.com\/pt-br\/wp-json\/wp\/v2\/posts\/5899\/revisions"}],"wp:featuredmedia":[{"embeddable":true,"href":"https:\/\/latinoamerica21.com\/pt-br\/wp-json\/wp\/v2\/media\/5873"}],"wp:attachment":[{"href":"https:\/\/latinoamerica21.com\/pt-br\/wp-json\/wp\/v2\/media?parent=5899"}],"wp:term":[{"taxonomy":"category","embeddable":true,"href":"https:\/\/latinoamerica21.com\/pt-br\/wp-json\/wp\/v2\/categories?post=5899"},{"taxonomy":"post_tag","embeddable":true,"href":"https:\/\/latinoamerica21.com\/pt-br\/wp-json\/wp\/v2\/tags?post=5899"},{"taxonomy":"gps","embeddable":true,"href":"https:\/\/latinoamerica21.com\/pt-br\/wp-json\/wp\/v2\/gps?post=5899"}],"curies":[{"name":"wp","href":"https:\/\/api.w.org\/{rel}","templated":true}]}}