{"id":6228,"date":"2021-06-23T08:45:00","date_gmt":"2021-06-23T11:45:00","guid":{"rendered":"http:\/\/latinoamerica21.com\/?p=6228"},"modified":"2021-07-29T05:03:01","modified_gmt":"2021-07-29T08:03:01","slug":"polarizacao-o-que-ha-de-novo","status":"publish","type":"post","link":"https:\/\/latinoamerica21.com\/pt-br\/polarizacao-o-que-ha-de-novo\/","title":{"rendered":"Polariza\u00e7\u00e3o, o que h\u00e1 de novo?"},"content":{"rendered":"\n<p>Hoje parece que um fantasma atravessa o mundo, dominando sobretudo o discurso e a an\u00e1lise pol\u00edtica. Nutre as marchas nas cidades, d\u00e1 alento ao pr\u00f3prio trabalho da classe pol\u00edtica e ilustra as publica\u00e7\u00f5es de todo o tipo. O atual cen\u00e1rio peruano; as tens\u00f5es geradas no Brasil, M\u00e9xico ou El Salvador pelos seus respectivos presidentes Jair Bolsonaro, Andr\u00e9s Manuel L\u00f3pez Obrador e Nayib Bukele; o peso recorrente da fenda na Argentina; o atolamento da situa\u00e7\u00e3o na Col\u00f4mbia; as din\u00e2micas autorit\u00e1rias excludentes de Nicar\u00e1gua e Venezuela&#8230;. Tudo parece configurar parte de um livreto universal que tem os seus antecedentes imediatos nos \u00faltimos cinco anos ap\u00f3s o Brexit brit\u00e2nico, a elei\u00e7\u00e3o de Donald Trump ou o movimento de independ\u00eancia catal\u00e3o. A polariza\u00e7\u00e3o \u00e9 o grande demiurgo.<\/p>\n\n\n\n<p>Os estudos sobre o uso das palavras mostram seu car\u00e1ter complexo. No caso do termo em quest\u00e3o, agora t\u00e3o na moda, n\u00e3o se deve tanto ao seu car\u00e1ter poliss\u00eamico, como ocorre com <a href=\"http:\/\/latinoamerica21.com\/br\/caudilhos-mais-do-que-lideres\/\" target=\"_blank\" rel=\"noreferrer noopener\">outros voc\u00e1bulos usados na pol\u00edtica como seria o populismo<\/a>, mas ao seu significado confuso quando se trata de lhe dar sentido. Assim, h\u00e1 pelo menos duas perguntas que aqueles que a ouvem ou l\u00eaem se fazem. Polariza\u00e7\u00e3o, em rela\u00e7\u00e3o a qu\u00ea? e os seus efeitos s\u00e3o t\u00e3o negativos que deveriam ser motivo de preocupa\u00e7\u00e3o? Mas quase n\u00e3o h\u00e1 respostas.<\/p>\n\n\n\n<p>A pol\u00edtica tem a ver com a gest\u00e3o das prefer\u00eancias que s\u00e3o normalmente selecionadas, articuladas, agregadas e ordenadas tanto por aqueles que as querem resolver como por diferentes setores que simplesmente querem as evidenciar ou que pretendem encontrar vias para as resolver. Os primeiros s\u00e3o geralmente pol\u00edticos profissionais, enquanto os segundos s\u00e3o grupos sociais de maior ou menor tamanho e melhor ou pior organizados.<\/p>\n\n\n\n<p>\u00c9 na identifica\u00e7\u00e3o dos problemas onde surgem os eixos de conflito que se abrem as solu\u00e7\u00f5es e sobre os que se monta a disputa pol\u00edtica. Estes eixos s\u00e3o numerosos, pois se acoplam aos problemas existentes e n\u00e3o t\u00eam a mesma intensidade em termos da sua relev\u00e2ncia. A regula\u00e7\u00e3o da eutan\u00e1sia e a implementa\u00e7\u00e3o de uma renda universal ou educa\u00e7\u00e3o geral e gratuita e uma reforma fiscal progressiva exemplificam bem a quest\u00e3o. Por outro lado, embora as diferentes posi\u00e7\u00f5es sobre eles admitam um certo gradualismo e est\u00e1gios intermedi\u00e1rios, a tend\u00eancia de se colocar nos extremos \u00e9 frequente, uma vez que \u00e9 ent\u00e3o mais f\u00e1cil identificar a oferta e a demanda.<\/p>\n\n\n\n<p>No entanto, a pol\u00edtica tamb\u00e9m tem a ver com a defini\u00e7\u00e3o dessas prefer\u00eancias, que nem sempre se encaixa exatamente com a realidade. Isto est\u00e1 indissociavelmente ligado ao mundo que se quer ver em fun\u00e7\u00e3o de determinados marcos interpretativos. Aqui, os relatos desempenham um papel transcendental porque servem para simplificar as mensagens, tornando-as mais compreens\u00edveis para a maioria. Isto, no entanto, se traduz na consequente perda de nuances e na busca do que seria o ponto ideal capaz de reunir a mais ampla anu\u00eancia.<\/p>\n\n\n\n<p>Uma pol\u00edtica cada vez menos focada em programas e cada vez mais em candidaturas desenvolveu ainda mais a profissionaliza\u00e7\u00e3o das campanhas eleitorais e dos assessores de comunica\u00e7\u00e3o que, juntamente com a ascens\u00e3o do mundo digital, t\u00eam sido bons companheiros nesta empreitada. A assessoria de comunica\u00e7\u00e3o tem extra\u00eddo da variada lista de quest\u00f5es exigidas aquelas que, realmente relevantes ou n\u00e3o, podem dar um melhor jogo publicit\u00e1rio para alcan\u00e7ar o sucesso desejado; e as redes sociais, \u00e1vidas por material leve que n\u00e3o requeira debates acalorados, t\u00eam feito o resto.<\/p>\n\n\n\n<p>Estes fen\u00f4menos s\u00e3o globais, mas na Am\u00e9rica Latina eles s\u00e3o acentuados por duas caracter\u00edsticas aut\u00f3ctones. A primeira est\u00e1 ligada <a href=\"https:\/\/edisciplinas.usp.br\/pluginfile.php\/4567601\/mod_resource\/content\/1\/Linz%2C%20Juan%20-%20Presidencialismo%20ou%20parlamentarismo%20faz%20alguma%20diferen%C3%A7a%3F.pdf\" target=\"_blank\" rel=\"noreferrer noopener\">ao presidencialismo, que se baseia em uma l\u00f3gica de \u201csoma zero\u201d<\/a>, na qual o vencedor leva tudo. Se, al\u00e9m disso, como acontece em um bom n\u00famero de pa\u00edses, existe o mecanismo do segundo turno que visa ungir a candidatura vencedora com maior legitimidade, o confronto a dois \u00e9 inevit\u00e1vel.<\/p>\n\n\n\n<p>A\u00ed reside um dos cen\u00e1rios em que a declara\u00e7\u00e3o de polariza\u00e7\u00e3o se esgota. O interessante, entretanto, \u00e9 que quando se analisam os resultados das \u00faltimas elei\u00e7\u00f5es presidenciais nos diferentes pa\u00edses, a margem de vit\u00f3ria da primeira candidatura sobre a segunda foi superior a 10% no M\u00e9xico, Bol\u00edvia, El Salvador, Costa Rica, Rep\u00fablica Dominicana, Col\u00f4mbia e Guatemala, e entre 5% e 10% na Argentina, Chile, Brasil e Equador. Os pa\u00edses onde havia uma margem mais estreita entre o candidato vencedor e o segundo colocado eram apenas quatro: Uruguai (1,2%), Honduras (1,5%), Panam\u00e1 (2,4%) e Paraguai (3,7%), aos quais se soma agora o Peru, independentemente de quem finalmente chegar \u00e0 presid\u00eancia. Nem em Honduras nem no Paraguai a oposi\u00e7\u00e3o reconheceu a vit\u00f3ria do vencedor.<\/p>\n\n\n\n<p>A segunda se relaciona \u00e0 manuten\u00e7\u00e3o da desigualdade juntamente com a exist\u00eancia de grandes bols\u00f5es de pobreza e uma informalidade que atinge em m\u00e9dia a metade da for\u00e7a de trabalho. Este cen\u00e1rio segregacionista facilita o discurso de \u201celes contra n\u00f3s\u201d que incentiva diferentes propostas pol\u00edticas &#8211; algumas com mais de meio s\u00e9culo de exist\u00eancia, como a denomina\u00e7\u00e3o da oposi\u00e7\u00e3o como \u201ca contra\u201d por parte de Juan Domingo Per\u00f3n ou a declara\u00e7\u00e3o de Salvador Allende de \u201cn\u00e3o ser o presidente de todos os chilenos\u201d -.<\/p>\n\n\n\n<p>Se trata, portanto, de um assunto antigo baseado na luta de classes, mas tamb\u00e9m e sobretudo na ideia de pol\u00edtica de Carl Schmitt sob a l\u00f3gica \u201camigo-inimigo\u201d ou na ideia de Antonio Gramsci que sublinhou a necessidade da estrat\u00e9gia de \u201cconstruir uma hegemonia\u201d, reelaborada muito depois por Ernesto Laclau. Todos eles n\u00e3o estavam muito distantes do ideal do monop\u00f3lio do capitalismo.<\/p>\n\n\n\n<p>Hoje, \u00e9 um fantasma que assombra gregos e troianos e que alimenta pol\u00eamicas geradas em situa\u00e7\u00f5es muito complexas \u00e0s quais \u00e9 necess\u00e1rio pendurar um sambenito f\u00e1cil. Um engodo que dificulta a an\u00e1lise ao focar na grandiloqu\u00eancia do termo e em seu car\u00e1ter publicit\u00e1rio quase demon\u00edaco.<\/p>\n\n\n\n<p><em><sub>*Tradu\u00e7\u00e3o do espanhol por Maria Isabel Santos Lima<\/sub><\/em><\/p>\n\n\n\n<p><em><sub>Foto de 10b travelling \/ Carsten ten Brink en Foter.com<\/sub><\/em><\/p>\n","protected":false},"excerpt":{"rendered":"<p>Hoje parece que um fantasma est\u00e1 assombrando o mundo, dominando acima de tudo o discurso e a an\u00e1lise pol\u00edtica. Ele alimenta as marchas nas cidades, d\u00e1 f\u00f4lego ao pr\u00f3prio trabalho da classe pol\u00edtica e ilustra publica\u00e7\u00f5es de todos os tipos.<\/p>\n","protected":false},"author":45,"featured_media":6208,"comment_status":"closed","ping_status":"closed","sticky":false,"template":"","format":"standard","meta":{"_acf_changed":false,"episode_type":"","audio_file":"","cover_image":"","cover_image_id":"","duration":"","filesize":"","filesize_raw":"","date_recorded":"","explicit":"","block":"","itunes_episode_number":"","itunes_title":"","itunes_season_number":"","itunes_episode_type":"","footnotes":""},"categories":[17039,544],"tags":[],"gps":[],"class_list":{"0":"post-6228","1":"post","2":"type-post","3":"status-publish","4":"format-standard","5":"has-post-thumbnail","7":"category-internet-es-en","8":"category-politica-br"},"acf":[],"_links":{"self":[{"href":"https:\/\/latinoamerica21.com\/pt-br\/wp-json\/wp\/v2\/posts\/6228","targetHints":{"allow":["GET"]}}],"collection":[{"href":"https:\/\/latinoamerica21.com\/pt-br\/wp-json\/wp\/v2\/posts"}],"about":[{"href":"https:\/\/latinoamerica21.com\/pt-br\/wp-json\/wp\/v2\/types\/post"}],"author":[{"embeddable":true,"href":"https:\/\/latinoamerica21.com\/pt-br\/wp-json\/wp\/v2\/users\/45"}],"replies":[{"embeddable":true,"href":"https:\/\/latinoamerica21.com\/pt-br\/wp-json\/wp\/v2\/comments?post=6228"}],"version-history":[{"count":0,"href":"https:\/\/latinoamerica21.com\/pt-br\/wp-json\/wp\/v2\/posts\/6228\/revisions"}],"wp:featuredmedia":[{"embeddable":true,"href":"https:\/\/latinoamerica21.com\/pt-br\/wp-json\/wp\/v2\/media\/6208"}],"wp:attachment":[{"href":"https:\/\/latinoamerica21.com\/pt-br\/wp-json\/wp\/v2\/media?parent=6228"}],"wp:term":[{"taxonomy":"category","embeddable":true,"href":"https:\/\/latinoamerica21.com\/pt-br\/wp-json\/wp\/v2\/categories?post=6228"},{"taxonomy":"post_tag","embeddable":true,"href":"https:\/\/latinoamerica21.com\/pt-br\/wp-json\/wp\/v2\/tags?post=6228"},{"taxonomy":"gps","embeddable":true,"href":"https:\/\/latinoamerica21.com\/pt-br\/wp-json\/wp\/v2\/gps?post=6228"}],"curies":[{"name":"wp","href":"https:\/\/api.w.org\/{rel}","templated":true}]}}