{"id":6552,"date":"2021-07-06T08:45:00","date_gmt":"2021-07-06T11:45:00","guid":{"rendered":"http:\/\/latinoamerica21.com\/?p=6552"},"modified":"2021-07-05T12:27:44","modified_gmt":"2021-07-05T15:27:44","slug":"as-estreitas-cornijas-de-pedro-castillo","status":"publish","type":"post","link":"https:\/\/latinoamerica21.com\/pt-br\/as-estreitas-cornijas-de-pedro-castillo\/","title":{"rendered":"As estreitas cornijas de Pedro Castillo"},"content":{"rendered":"\n<p>O presidente eleito do Peru, Pedro Castillo, parece ter vencido os m\u00faltiplos obst\u00e1culos interpostos por Keiko Fujimori, derrotada no segundo turno das elei\u00e7\u00f5es de 6 de junho. Uma vez proclamado vencedor pelo \u00f3rg\u00e3o eleitoral, ap\u00f3s uma vit\u00f3ria apertada por apenas quarenta mil votos dos cerca de 19 milh\u00f5es de eleitores, Castillo dever\u00e1 tomar posse do cargo em 28 de julho, quando o pa\u00eds comemora o bicenten\u00e1rio da sua independ\u00eancia. A partir da\u00ed, o novo presidente dever\u00e1 enfrentar os consider\u00e1veis desafios que o esperam para os cinco anos de mandato.<\/p>\n\n\n\n<p>Entretanto, tr\u00eas semanas ap\u00f3s sua derrota, a oponente \u2013 a filha do ditador Alberto Fujimori condenada a 25 anos de pris\u00e3o por corrup\u00e7\u00e3o e viola\u00e7\u00f5es dos direitos humanos \u2013 n\u00e3o reconheceu a vit\u00f3ria de Castillo. Keiko Fujimori sustenta que uma fraude a prejudicou, continua organizando marchas de protesto \u2013 que j\u00e1 resultaram numa morte entre os seus advers\u00e1rios \u2013 e apresentou m\u00faltiplos recursos sem provas que n\u00e3o tiveram qualquer efeito. Os Estados Unidos, a Uni\u00e3o Europeia e os observadores internacionais sublinharam a transpar\u00eancia das elei\u00e7\u00f5es.<\/p>\n\n\n\n<p><strong>Os desafios de Castillo<\/strong><\/p>\n\n\n\n<p>Castillo, contudo, deve preparar-se para uma fase muito mais dura, quando se abrem v\u00e1rias frentes em um contexto social onde se multiplicam as demandas que exigem solu\u00e7\u00f5es. Atualmente, <a href=\"http:\/\/latinoamerica21.com\/br\/uma-agenda-ambiental-para-o-peru\/\" target=\"_blank\" rel=\"noreferrer noopener\">v\u00e1rios conflitos sociais afetam a diversos setores da sociedade<\/a>, mas principalmente as ind\u00fastrias extrativas. Em maio deste ano, a Defensoria do Povo <a href=\"https:\/\/www.defensoria.gob.pe\/wp-content\/uploads\/2021\/06\/Reporte-Mensual-de-Conflictos-Sociales-N%C2%B0-207-Mayo-2021.pdf\">identificou<\/a> 191 conflitos, que podem aumentar com a chegada do novo governo.<\/p>\n\n\n\n<p>Em primeiro lugar, o mandato de Castillo \u00e9 leg\u00edtimo, mas o respaldo de 50,1% do eleitorado \u00e9 insuficiente para empreender uma grande transforma\u00e7\u00e3o. Em segundo lugar, o partido que o apresentou como candidato adere a um marxismo-leninismo conservador em assuntos como fam\u00edlia e g\u00eanero, e mant\u00e9m um <a href=\"http:\/\/perulibre.pe\/wp-content\/uploads\/2020\/03\/ideario-peru-libre.pdf\">programa<\/a> anacr\u00f4nico. E, em terceiro lugar, o primeiro turno das elei\u00e7\u00f5es definiu que h\u00e1 dez partidos ocupando lugares no Congresso. Neste contexto, encabe\u00e7ar o Poder Executivo n\u00e3o ser\u00e1 suficiente para provocar uma mudan\u00e7a radical.<\/p>\n\n\n\n<p>Pedro Castillo sabe disso. \u00c9 um homem de origem humilde, professor e evang\u00e9lico que vem de um pequeno povoado andino onde trabalhou at\u00e9 agora. Em 200 anos de vida independente, o pa\u00eds nunca viu um homem com esse perfil chegar \u00e0 presid\u00eancia.<\/p>\n\n\n\n<p>Castillo se formou como dirigente sindical no sindicato dos professores e, quando decidiu entrar para a pol\u00edtica, pretendia formar um partido baseado nos professores do pa\u00eds, que totalizam mais de meio milh\u00e3o. A tarefa de recolher assinaturas a fim de registar o partido junto das autoridades eleitorais foi interrompida em 2020 por restri\u00e7\u00f5es impostas pela pandemia. Foi ent\u00e3o que os l\u00edderes do Peru Libre \u2013 um partido regional no centro do pa\u00eds que tem registo eleitoral \u2013 lhe ofereceram a candidatura porque o fundador do partido e candidato ao cargo tinha acabado de ser condenado pela justi\u00e7a devido \u00e0 sua m\u00e1 gest\u00e3o de fundos p\u00fablicos.<\/p>\n\n\n\n<p><strong>Os fantasmas do comunismo<\/strong><\/p>\n\n\n\n<p>\u00c0 ideologia radical do Per\u00fa Libre foi acrescentada a participa\u00e7\u00e3o de professores vinculados ao MOVADEF \u2013 agrupamento que busca, por meios legais, aquilo que o Partido Comunista do Peru-Sendero Luminoso se propunha alcan\u00e7ar com as armas \u2013 o que levou os principais meios de comunica\u00e7\u00e3o a identificar Castillo com o comunismo. Isto plantou a ideia de que, se eleito, o pa\u00eds se tornaria uma Venezuela.<\/p>\n\n\n\n<p>Embora a campanha a favor de Keiko Fujimori tenha sido alimentada pelo medo do comunismo e desprezo pelo professor campon\u00eas, a maioria acabou por escolher o candidato que mais se assemelhava a eles.<\/p>\n\n\n\n<p>\u201cO professor\u201d n\u00e3o esconde suas limita\u00e7\u00f5es e refugiou-se em discursos que abundam em generalidades. \u00c9 por isso que alguns comentadores concordam que n\u00e3o se sabe o que ele vai fazer no cargo. Contudo, em maio apresentou um <a href=\"https:\/\/perulibre.pe\/plan-bicentenario.pdf\">plano de governo<\/a> para os primeiros 100 dias que evita o radicalismo, mas mant\u00e9m a necessidade de rever os contratos que outorgam um tratamento excessivamente favor\u00e1vel a explora\u00e7\u00f5es mineiras e gas\u00edferas.<\/p>\n\n\n\n<p><strong>Como ser\u00e1 a bancada governista?<\/strong><\/p>\n\n\n\n<p>A recente aproxima\u00e7\u00e3o de assessores da esquerda educada fora do Peru Libre tem tonificado as defini\u00e7\u00f5es do futuro governo e deu origem a certas lutas com os l\u00edderes do partido, o que traz outra frente nos assuntos internos do governo.<\/p>\n\n\n\n<p>A fissura provavelmente se replicar\u00e1 na representa\u00e7\u00e3o parlamentar do Peru Libre, que conta com 37 congressistas de um total de 130. Aparentemente, uma por\u00e7\u00e3o deles foi selecionada pelo pr\u00f3prio Castillo e outra pela lideran\u00e7a do Peru Libre, portanto, nas pr\u00f3ximas semanas se poder\u00e1 saber se o governo tem a sua pr\u00f3pria bancada ou se ir\u00e3o surgir divis\u00f5es.<\/p>\n\n\n\n<p>Se os 37 congressistas atuarem unificadamente, provavelmente se juntariam a eles outros 13 da esquerda e do centro, que juntos n\u00e3o chegariam a uma maioria. A direita, no entanto, contaria com, pelo menos, tr\u00eas for\u00e7as que somam 44 congressistas. Tr\u00eas outros grupos, com 36 parlamentares, provavelmente se dividir\u00e3o ou concordar\u00e3o com a direita ou a esquerda de acordo com a sua conveni\u00eancia.<\/p>\n\n\n\n<p>Castillo ter\u00e1 de ter muito cuidado para, por um lado, manter a bancada do Peru Libre unida e, por outro, contar com a flexibilidade necess\u00e1ria para fazer acordos com as for\u00e7as que mostram abertura a acordos circunstanciais. Se ele n\u00e3o conseguir caminhar por essa estreita cornija, o Congresso poderia aproveitar qualquer passo em falso para desocupar a presid\u00eancia.<\/p>\n\n\n\n<p><strong>O empresariado \u00e9 o outro grande desafio<\/strong><\/p>\n\n\n\n<p>Uma frente adicional \u00e9 o setor empresarial. Embora tenha havido apoio financeiro deste setor para as campanhas de medo ao comunismo, o realismo foi imposto no domingo 27, quando um <a href=\"https:\/\/elcomercio.pe\/opinion\/editorial\/jne-elecciones-2021-editorial-ya-estuvo-bueno-noticia\/\">editorial<\/a> do di\u00e1rio conservador <em>El Comercio<\/em> disse \u201cbasta\u201d \u00e0s alega\u00e7\u00f5es infundadas de fraude de Fujimori.<\/p>\n\n\n\n<p>O an\u00fancio de Castillo na v\u00e9spera de ter pedido ao atual presidente do Banco Central, Julio Velarde, para permanecer no cargo parece ter sido decisivo. O presidente eleito <a href=\"https:\/\/canaln.pe\/actualidad\/pedro-castillo-pidio-permanencia-julio-velarde-al-frente-bcr-n436559\">afirmou<\/a> ainda: \u201cN\u00e3o somos chavistas, n\u00e3o somos comunistas, n\u00e3o vamos ficar com as propriedades de ningu\u00e9m, \u00e9 falso. Somos democr\u00e1ticos, respeitaremos a governabilidade, a institucionalidade peruana\u201d. O valor do d\u00f3lar caiu e a Bolsa de Valores de Lima se reanimou.<\/p>\n\n\n\n<p>Esta semana parece ter havido um div\u00f3rcio entre os interesses empresariais e as ambi\u00e7\u00f5es pol\u00edticas daqueles que afirmavam represent\u00e1-los. Os primeiros, mais realistas, parecem ter aceitado a vit\u00f3ria de Castillo e preparam-se para viver com o novo governo.<\/p>\n\n\n\n<p>Mas, \u00e9 claro, ser\u00e1 uma aceita\u00e7\u00e3o condicionada. Em particular, os empres\u00e1rios prestar\u00e3o aten\u00e7\u00e3o ao tratamento dos conflitos sociais por parte do governo e \u00e0 procura de solu\u00e7\u00f5es que sejam aceit\u00e1veis para os reclamantes e, ao mesmo tempo, que n\u00e3o alarmem os grandes interesses econ\u00f4micos. Esta ser\u00e1 outra cornija estreita para um governo carregado de desafios.<\/p>\n\n\n\n<p><em><sub>* Tradu\u00e7\u00e3o do espanhol por Maria Isabel Santos Lima<\/sub><\/em><\/p>\n","protected":false},"excerpt":{"rendered":"<p>O presidente eleito do Peru, Pedro Castillo, parece ter superado os muitos obst\u00e1culos colocados no seu caminho por Keiko Fujimori. Entretanto, ele deve se preparar para uma fase muito mais dura, quando v\u00e1rias frentes se abrem para ele em um contexto social onde as demandas por solu\u00e7\u00f5es se multiplicam. <\/p>\n","protected":false},"author":54,"featured_media":6535,"comment_status":"closed","ping_status":"closed","sticky":false,"template":"","format":"standard","meta":{"_acf_changed":false,"episode_type":"","audio_file":"","cover_image":"","cover_image_id":"","duration":"","filesize":"","filesize_raw":"","date_recorded":"","explicit":"","block":"","itunes_episode_number":"","itunes_title":"","itunes_season_number":"","itunes_episode_type":"","footnotes":""},"categories":[16738,16708,16953,16719,544],"tags":[],"gps":[],"class_list":{"0":"post-6552","1":"post","2":"type-post","3":"status-publish","4":"format-standard","5":"has-post-thumbnail","7":"category-peru-pt-br","8":"category-politica-pt-br","9":"category-pedro-castillo-es-pt-br","10":"category-debates-pt-br","11":"category-politica-br"},"acf":[],"_links":{"self":[{"href":"https:\/\/latinoamerica21.com\/pt-br\/wp-json\/wp\/v2\/posts\/6552","targetHints":{"allow":["GET"]}}],"collection":[{"href":"https:\/\/latinoamerica21.com\/pt-br\/wp-json\/wp\/v2\/posts"}],"about":[{"href":"https:\/\/latinoamerica21.com\/pt-br\/wp-json\/wp\/v2\/types\/post"}],"author":[{"embeddable":true,"href":"https:\/\/latinoamerica21.com\/pt-br\/wp-json\/wp\/v2\/users\/54"}],"replies":[{"embeddable":true,"href":"https:\/\/latinoamerica21.com\/pt-br\/wp-json\/wp\/v2\/comments?post=6552"}],"version-history":[{"count":0,"href":"https:\/\/latinoamerica21.com\/pt-br\/wp-json\/wp\/v2\/posts\/6552\/revisions"}],"wp:featuredmedia":[{"embeddable":true,"href":"https:\/\/latinoamerica21.com\/pt-br\/wp-json\/wp\/v2\/media\/6535"}],"wp:attachment":[{"href":"https:\/\/latinoamerica21.com\/pt-br\/wp-json\/wp\/v2\/media?parent=6552"}],"wp:term":[{"taxonomy":"category","embeddable":true,"href":"https:\/\/latinoamerica21.com\/pt-br\/wp-json\/wp\/v2\/categories?post=6552"},{"taxonomy":"post_tag","embeddable":true,"href":"https:\/\/latinoamerica21.com\/pt-br\/wp-json\/wp\/v2\/tags?post=6552"},{"taxonomy":"gps","embeddable":true,"href":"https:\/\/latinoamerica21.com\/pt-br\/wp-json\/wp\/v2\/gps?post=6552"}],"curies":[{"name":"wp","href":"https:\/\/api.w.org\/{rel}","templated":true}]}}