{"id":6736,"date":"2021-07-17T08:45:00","date_gmt":"2021-07-17T11:45:00","guid":{"rendered":"http:\/\/latinoamerica21.com\/?p=6736"},"modified":"2021-07-17T09:47:03","modified_gmt":"2021-07-17T12:47:03","slug":"realidade-e-desafios-nas-relacoesbrasil-venezuela","status":"publish","type":"post","link":"https:\/\/latinoamerica21.com\/pt-br\/realidade-e-desafios-nas-relacoesbrasil-venezuela\/","title":{"rendered":"Realidade e desafios nas rela\u00e7\u00f5es Brasil-Venezuela"},"content":{"rendered":"\n<p>Com o avan\u00e7o da crise venezuelana ao longo dos anos 2010, especialmente ap\u00f3s a posse de Nicol\u00e1s Maduro em 2013, houve um progressivo decl\u00ednio nas trocas bilaterais entre o Brasil e a Venezuela, com a corrente total de com\u00e9rcio tendo encolhido para menos de 1 bilh\u00e3o de d\u00f3lares nos \u00faltimos quatro anos.<\/p>\n\n\n\n<p>Esta situa\u00e7\u00e3o contrasta com a dos anos 2000, quando a associa\u00e7\u00e3o bilateral com a Venezuela foi refor\u00e7ada, em um contexto marcado pela chamada \u201conda rosa\u201d (s\u00e9rie de vit\u00f3rias eleitorais das esquerdas) na regi\u00e3o e a partir da constru\u00e7\u00e3o de uma agenda mais afinada entre os governos Lula e Ch\u00e1vez. \u00c9 verdade, contudo, que tamb\u00e9m houve espa\u00e7o para diverg\u00eancias, como quando o presidente brasileiro buscou promover a diplomacia do etanol como base para uma integra\u00e7\u00e3o energ\u00e9tica na regi\u00e3o e foi contestado pelo l\u00edder venezuelano.<\/p>\n\n\n\n<p>Naquele per\u00edodo, para al\u00e9m de projetos conjuntamente patrocinados como a Comunidade Sul-americana de Na\u00e7\u00f5es (CASA), posteriormente transformada na Uni\u00e3o de Na\u00e7\u00f5es Sul-americanas (Unasul), tamb\u00e9m houve grande avan\u00e7o do com\u00e9rcio bilateral, em um cen\u00e1rio marcado por um esfor\u00e7o brasileiro de diversifica\u00e7\u00e3o de parcerias e avan\u00e7o das trocas com pa\u00edses do chamado sul-global.<\/p>\n\n\n\n<p>No in\u00edcio dos anos 2010, as trocas com a Venezuela chegaram \u00e0 marca hist\u00f3rica de 6 bilh\u00f5es de d\u00f3lares por ano (em 2012 e 2013), com amplo super\u00e1vit comercial brasileiro. De fato, as vendas brasileiras mantiveram-se entre 4,5 e 5 bilh\u00f5es de d\u00f3lares por ano entre 2012 e 2014, colocando a Venezuela entre os maiores mercados para as exporta\u00e7\u00f5es do pa\u00eds. Em uma compara\u00e7\u00e3o com as duas maiores economias europeias, velhos parceiros do Brasil, as vendas para a Venezuela ficavam um pouco abaixo do volume exportado para a Alemanha no mesmo per\u00edodo (entre 6,6 e 7,3 bilh\u00f5es de d\u00f3lares) e acima das vendas para a Fran\u00e7a (entre 2,9 e 4,1 bilh\u00f5es de d\u00f3lares).<\/p>\n\n\n\n<p><strong>Decl\u00ednio do com\u00e9rcio e afastamento em face da crise venezuelana<\/strong><\/p>\n\n\n\n<p>Historicamente, o Brasil possu\u00eda uma postura de articulador de consensos e mediador de conflitos em sua regi\u00e3o, tendo atuado de forma importante para atenuar crises em per\u00edodos diversos, bem como para ajudar no encerramento de guerras entre vizinhos. Nos anos 1930, por exemplo, foi poss\u00edvel perceber o ativismo brasileiro, juntamente com a Argentina, na media\u00e7\u00e3o da Guerra do Chaco entre Paraguai e Bol\u00edvia. Mais recentemente, nos anos 1990, o pa\u00eds foi fundamental para a negocia\u00e7\u00e3o de paz entre Peru e Equador no \u00e2mbito da Guerra do Cenepa (1995-1998).<\/p>\n\n\n\n<p>Naquele mesmo per\u00edodo, podemos reconhecer a import\u00e2ncia do pa\u00eds na preserva\u00e7\u00e3o da ordem democr\u00e1tica no Paraguai, em face da tentativa de golpe liderada pelo general Lino Oviedo em 1996, bem como a pronta rea\u00e7\u00e3o contra o golpe na Venezuela que derrubou o governo de Hugo Ch\u00e1vez por menos de 48 horas em 2002. Ao final daquele mesmo ano, o governo Fernando Henrique Cardoso enviou navio da Petrobras com combust\u00edvel para a Venezuela para ajudar no abastecimento do pa\u00eds em um contexto de greve geral.&nbsp;&nbsp;&nbsp;&nbsp;<\/p>\n\n\n\n<p>Entretanto, observa-se que, com a intensifica\u00e7\u00e3o das cr\u00edticas ao governo Maduro desde a gest\u00e3o Michel Temer, o Brasil parece tamb\u00e9m ter aberto m\u00e3o de um mercado-chave para as vendas brasileiras na regi\u00e3o, com o volume de exporta\u00e7\u00f5es oscilando em torno de apenas meio bilh\u00e3o de d\u00f3lares por ano.&nbsp;<\/p>\n\n\n\n<p>A in\u00e9pcia brasileira em face da crise venezuelana fica ainda mais evidente com a pol\u00eamica decis\u00e3o do governo Bolsonaro de reconhecer Juan Guaid\u00f3 como o leg\u00edtimo presidente encarregado da Venezuela, seguindo a posi\u00e7\u00e3o dos Estados Unidos de Trump, tamb\u00e9m acompanhada por membros da Uni\u00e3o Europeia.<\/p>\n\n\n\n<p>Ao escolher decididamente um dos lados e assumir uma ret\u00f3rica agressiva contra Maduro, com o ex-chanceler Ernesto Ara\u00fajo denunciando uma \u201cnarcoditadura\u201d e um \u201ccomplexo criminoso-pol\u00edtico&#8221; chavista, o <a href=\"http:\/\/latinoamerica21.com\/br\/a-miopia-politica-do-bolsonaro-na-america-do-sul\/\" target=\"_blank\" rel=\"noreferrer noopener\">Brasil afastou-se amplamente da modera\u00e7\u00e3o que sempre o caracterizou no trato com os vizinhos<\/a> e minou as perspectivas de atuar como mediador entre governo e oposi\u00e7\u00e3o.<\/p>\n\n\n\n<p><strong>Sinais positivos, mas ainda insuficientes<\/strong><\/p>\n\n\n\n<p><a href=\"https:\/\/www1.folha.uol.com.br\/mundo\/2021\/04\/em-1a-conversa-com-ministro-chines-novo-chanceler-discute-cooperacao-para-insumos-de-vacina.shtml\" target=\"_blank\" rel=\"noreferrer noopener\">A nova gest\u00e3o do embaixador Carlos Fran\u00e7a \u00e0 frente do Itamaraty revela um tom mais moderado no trato de diversas quest\u00f5es internacionais<\/a> e tamb\u00e9m na postura em face da crise venezuelana. Assumindo um perfil mais pragm\u00e1tico, o chanceler reconhece que, diante da perman\u00eancia de Maduro no poder, com o claro apoio das For\u00e7as Armadas e de setores estrat\u00e9gicos, \u00e9 importante para o Brasil restabelecer canais de di\u00e1logo com o seu governo, embora oficialmente o pa\u00eds ainda reconhe\u00e7a Guaid\u00f3 como leg\u00edtimo presidente, posi\u00e7\u00e3o abandonada no in\u00edcio do ano pela Uni\u00e3o Europeia.<\/p>\n\n\n\n<p>Apesar da maior modera\u00e7\u00e3o do novo comando do Itamaraty, o Brasil mant\u00e9m-se como mero espectador de iniciativas de aproxima\u00e7\u00e3o entre governo e oposi\u00e7\u00e3o, como a nova rodada de negocia\u00e7\u00f5es liderada pela Noruega. Ao mesmo tempo, segue faltando uma maior lucidez capaz de reconhecer os enormes interesses econ\u00f4micos brasileiros no pa\u00eds vizinho e as possibilidades de recupera\u00e7\u00e3o de um mercado que, em fun\u00e7\u00e3o da profunda recess\u00e3o vivida, ainda n\u00e3o substituiu o Brasil por outros fornecedores. Mais do que nunca, o pa\u00eds parece ter se esquecido da velha m\u00e1xima de Jos\u00e9 Ortega y Gasset: &#8220;Yo soy yo y mi circunstancia, y si no la salvo a ella no me salvo yo&#8221;.<\/p>\n\n\n\n<p><em><sub>Foto de Minist\u00e9rio da Defesa de Venezuela<\/sub><\/em><\/p>\n","protected":false},"excerpt":{"rendered":"<p>\u00c0 medida que a crise venezuelana avan\u00e7ava, especialmente ap\u00f3s a inaugura\u00e7\u00e3o de Nicol\u00e1s Maduro, as rela\u00e7\u00f5es esfriaram e houve um decl\u00ednio profundo e progressivo no com\u00e9rcio bilateral entre os dois pa\u00edses.<\/p>\n","protected":false},"author":230,"featured_media":6720,"comment_status":"closed","ping_status":"closed","sticky":false,"template":"","format":"standard","meta":{"_acf_changed":false,"episode_type":"","audio_file":"","cover_image":"","cover_image_id":"","duration":"","filesize":"","filesize_raw":"","date_recorded":"","explicit":"","block":"","itunes_episode_number":"","itunes_title":"","itunes_season_number":"","itunes_episode_type":"","footnotes":""},"categories":[16721,16728,16762,16719,544],"tags":[],"gps":[],"class_list":{"0":"post-6736","1":"post","2":"type-post","3":"status-publish","4":"format-standard","5":"has-post-thumbnail","7":"category-venezuela-pt-br","8":"category-brasil-pt-br","9":"category-relaiciones-internacionales-pt-br","10":"category-debates-pt-br","11":"category-politica-br"},"acf":[],"_links":{"self":[{"href":"https:\/\/latinoamerica21.com\/pt-br\/wp-json\/wp\/v2\/posts\/6736","targetHints":{"allow":["GET"]}}],"collection":[{"href":"https:\/\/latinoamerica21.com\/pt-br\/wp-json\/wp\/v2\/posts"}],"about":[{"href":"https:\/\/latinoamerica21.com\/pt-br\/wp-json\/wp\/v2\/types\/post"}],"author":[{"embeddable":true,"href":"https:\/\/latinoamerica21.com\/pt-br\/wp-json\/wp\/v2\/users\/230"}],"replies":[{"embeddable":true,"href":"https:\/\/latinoamerica21.com\/pt-br\/wp-json\/wp\/v2\/comments?post=6736"}],"version-history":[{"count":0,"href":"https:\/\/latinoamerica21.com\/pt-br\/wp-json\/wp\/v2\/posts\/6736\/revisions"}],"wp:featuredmedia":[{"embeddable":true,"href":"https:\/\/latinoamerica21.com\/pt-br\/wp-json\/wp\/v2\/media\/6720"}],"wp:attachment":[{"href":"https:\/\/latinoamerica21.com\/pt-br\/wp-json\/wp\/v2\/media?parent=6736"}],"wp:term":[{"taxonomy":"category","embeddable":true,"href":"https:\/\/latinoamerica21.com\/pt-br\/wp-json\/wp\/v2\/categories?post=6736"},{"taxonomy":"post_tag","embeddable":true,"href":"https:\/\/latinoamerica21.com\/pt-br\/wp-json\/wp\/v2\/tags?post=6736"},{"taxonomy":"gps","embeddable":true,"href":"https:\/\/latinoamerica21.com\/pt-br\/wp-json\/wp\/v2\/gps?post=6736"}],"curies":[{"name":"wp","href":"https:\/\/api.w.org\/{rel}","templated":true}]}}