{"id":6928,"date":"2021-07-28T08:45:00","date_gmt":"2021-07-28T11:45:00","guid":{"rendered":"http:\/\/latinoamerica21.com\/?p=6928"},"modified":"2022-04-13T09:34:29","modified_gmt":"2022-04-13T12:34:29","slug":"o-bicentenario-conturbado-do-peru","status":"publish","type":"post","link":"https:\/\/latinoamerica21.com\/pt-br\/o-bicentenario-conturbado-do-peru\/","title":{"rendered":"O Bicenten\u00e1rio conturbado do Peru"},"content":{"rendered":"\n<p>O regime democr\u00e1tico do Peru entra no Bicenten\u00e1rio da Rep\u00fablica no meio do mais complexo teste de stress registado nos \u00faltimos 20 anos. Tal como com os doentes card\u00edacos, sistemas financeiros ou uma central nuclear, os testes de esfor\u00e7o destinam-se a medir o n\u00edvel de press\u00e3o que qualquer um desses pode suportar face a cen\u00e1rios adversos. Infelizmente, o que deveria ser o caminho entre o fim de uma etapa e o in\u00edcio de outra tornou-se um tr\u00e2nsito tedioso e acidentado que ainda amea\u00e7a nos fazer trope\u00e7ar e cair sobre o precip\u00edcio da precariedade e do colapso institucional.<\/p>\n\n\n\n<p>Em 28 de Julho, Pedro Castillo Terrones, professor prim\u00e1rio e l\u00edder sindical de origem andina, colocar\u00e1 na faixa presidencial, ap\u00f3s 43 longos dias que dividiram o pa\u00eds numa amarga disputa que colocou na ordem do dia, a \u00fanica proposta governamental consistente durante toda a campanha do candidato de esquerda: convocar <a href=\"http:\/\/latinoamerica21.com\/es\/quien-es-dueno-del-subsuelo-peru-y-su-constitucion\/\">uma Assembleia Constituinte com o objetivo de substituir a atual Constitui\u00e7\u00e3o<\/a>, promulgada em 1993.<\/p>\n\n\n\n<p>Os caminhos para uma nova constitui\u00e7\u00e3o n\u00e3o s\u00e3o delimitados pela constitui\u00e7\u00e3o atual, mas apenas por reformas parciais, que, em si mesmas, devem ser aprovadas em duas legislaturas ordin\u00e1rias sucessivas por dois ter\u00e7os dos votos no Parlamento, ou seja, 86 votos. Nesse sentido, o malabarismo do Presidente Pedro Castillo e Vladimir Cerr\u00f3n, l\u00edder do Partido Peru Livre, teria de ser sustentado pela mobiliza\u00e7\u00e3o popular atrav\u00e9s de uma consulta popular ou referendo que condicionaria o Congresso a rever a possibilidade de instalar uma Assembleia Constituinte.<\/p>\n\n\n\n<p>No \u00faltimo 26 julho, o Conselho de Administra\u00e7\u00e3o do Congresso da Rep\u00fablica foi eleito para a legislatura de 2021-2022. A princ\u00edpio, foram apresentadas tr\u00eas listas, uma do partido no poder em alian\u00e7a com dois agrupamentos pol\u00edticos e uma congressista n\u00e3o agrupada, e duas listas da oposi\u00e7\u00e3o. No Peru, pa\u00eds imaginado por Kafka, o absurdo \u00e9 a norma, pelo que a lista governante foi deixada fora da corrida devido a um erro administrativo crasso, uma vez que as listas com membros n\u00e3o agrupados do Congresso n\u00e3o s\u00e3o admiss\u00edveis para elei\u00e7\u00e3o. Por esta raz\u00e3o, as listas da oposi\u00e7\u00e3o solicitaram a inadmissibilidade da lista governante e, numa mostra de m\u00e3os, obtiveram a sua primeira vit\u00f3ria pol\u00edtica ao impedirem o registo da lista governante para a elei\u00e7\u00e3o do Conselho de Administra\u00e7\u00e3o.<\/p>\n\n\n\n<p>Para al\u00e9m da anedota, o incidente evidencia uma desorganiza\u00e7\u00e3o fundamental e falta de conhecimento da fac\u00e7\u00e3o parlamentar do partido no poder que semeia d\u00favidas sobre a capacidade de gerar uma corrente pol\u00edtica organizada com o objetivo de promover uma Assembleia Constituinte. Do mesmo modo, a oposi\u00e7\u00e3o adquire uma posi\u00e7\u00e3o vantajosa que, se utilizada de forma irrespons\u00e1vel, poderia conduzir o pa\u00eds a um cen\u00e1rio de vac\u00e2ncias precipitadas sem ter consolidado argumentos de indubit\u00e1vel incapacidade moral.<\/p>\n\n\n\n<p>Na melhor das hip\u00f3teses, o novo governo de Pedro Castillo e Per\u00fa Libre navegar\u00e1 num contexto de grave crise econ\u00f4mica e de sa\u00fade, com o objetivo de lan\u00e7ar um processo pol\u00edtico que ir\u00e1 encurralar o pa\u00eds nas discuss\u00f5es bizantinas durante dois ou tr\u00eas anos. Na pior das hip\u00f3teses, o conflito entre o partido no poder e a oposi\u00e7\u00e3o poderia terminar numa colis\u00e3o, quer com a vaga de Pedro Castillo, quer com uma esp\u00e9cie de <em>putsch<\/em> irregular e potencialmente autorit\u00e1rio em dire\u00e7\u00e3o a uma Assembleia Constituinte que n\u00e3o respeita as atuais normas constitucionais sobre a mat\u00e9ria. Idealmente, embora de forma improv\u00e1vel, o Presidente Castillo deveria compreender a necessidade urgente de desvendar as circunst\u00e2ncias esmagadoras que conduziram a esse colapso. <a href=\"https:\/\/brasil.elpais.com\/internacional\/2021-07-28\/peru-chega-a-era-castillo-em-meio-a-muitas-incertezas.html\" target=\"_blank\" rel=\"noreferrer noopener\">A crise econ\u00f4mica do pa\u00eds e as quase 200.000 mortes causadas pela SARS-CoV2<\/a> devem ser enfrentadas com um sentido de dever e uma vis\u00e3o a longo prazo.<\/p>\n\n\n\n<p>O bicenten\u00e1rio da Rep\u00fablica est\u00e1 a ser vivido num \u00e2nimo anticlim\u00e1tico e de pesar. \u00c9 doloroso perceber no humor coletivo a incerteza e o mal-estar que estes 18 meses pand\u00eamicos e a crise eleitoral deixaram como culmina\u00e7\u00e3o. Talvez a impot\u00eancia que os peruanos possam ter sentido no in\u00edcio da Rep\u00fablica, em 1821, quando optaram por prosseguir aquele sonho soberano que exige a capacidade de autogoverno, esteja a ser repetido de uma forma circular.<\/p>\n\n\n\n<p>No entanto, esta crise tamb\u00e9m pode ser uma nova oportunidade. Esta poderia ser a oportunidade para mostrar que, parafraseando o poeta C\u00e9sar Moro, o Peru n\u00e3o \u00e9 apenas um pa\u00eds onde o feij\u00e3o \u00e9 cozido, mas, para recordar o historiador Jorge Basadre, \u201co Peru \u00e9 de fato, infelizmente, um problema, mas tamb\u00e9m, felizmente, uma possibilidade\u201d.<\/p>\n\n\n\n<p>Feliz Bicenten\u00e1rio, feliz 28 de julho.<\/p>\n\n\n\n<p><em><sub>* Tradu\u00e7\u00e3o do espanhol por D\u00e2maris Burity<\/sub><\/em><\/p>\n\n\n\n<p><meta charset=\"utf-8\"><em><sub>Foto de braianreyna1 no Foter.com<\/sub><\/em><\/p>\n","protected":false},"excerpt":{"rendered":"<p>O que deveria ser o caminho entre o final de uma etapa e o in\u00edcio de outra tornou-se um tr\u00e2nsito tedioso e infestado de buracos que ainda amea\u00e7a nos levar ao precip\u00edcio da precariedade e do colapso institucional.<\/p>\n","protected":false},"author":30,"featured_media":6923,"comment_status":"closed","ping_status":"closed","sticky":false,"template":"","format":"standard","meta":{"_acf_changed":false,"episode_type":"","audio_file":"","cover_image":"","cover_image_id":"","duration":"","filesize":"","filesize_raw":"","date_recorded":"","explicit":"","block":"","itunes_episode_number":"","itunes_title":"","itunes_season_number":"","itunes_episode_type":"","footnotes":""},"categories":[16738,544],"tags":[],"gps":[],"class_list":{"0":"post-6928","1":"post","2":"type-post","3":"status-publish","4":"format-standard","5":"has-post-thumbnail","7":"category-peru-pt-br","8":"category-politica-br"},"acf":[],"_links":{"self":[{"href":"https:\/\/latinoamerica21.com\/pt-br\/wp-json\/wp\/v2\/posts\/6928","targetHints":{"allow":["GET"]}}],"collection":[{"href":"https:\/\/latinoamerica21.com\/pt-br\/wp-json\/wp\/v2\/posts"}],"about":[{"href":"https:\/\/latinoamerica21.com\/pt-br\/wp-json\/wp\/v2\/types\/post"}],"author":[{"embeddable":true,"href":"https:\/\/latinoamerica21.com\/pt-br\/wp-json\/wp\/v2\/users\/30"}],"replies":[{"embeddable":true,"href":"https:\/\/latinoamerica21.com\/pt-br\/wp-json\/wp\/v2\/comments?post=6928"}],"version-history":[{"count":0,"href":"https:\/\/latinoamerica21.com\/pt-br\/wp-json\/wp\/v2\/posts\/6928\/revisions"}],"wp:featuredmedia":[{"embeddable":true,"href":"https:\/\/latinoamerica21.com\/pt-br\/wp-json\/wp\/v2\/media\/6923"}],"wp:attachment":[{"href":"https:\/\/latinoamerica21.com\/pt-br\/wp-json\/wp\/v2\/media?parent=6928"}],"wp:term":[{"taxonomy":"category","embeddable":true,"href":"https:\/\/latinoamerica21.com\/pt-br\/wp-json\/wp\/v2\/categories?post=6928"},{"taxonomy":"post_tag","embeddable":true,"href":"https:\/\/latinoamerica21.com\/pt-br\/wp-json\/wp\/v2\/tags?post=6928"},{"taxonomy":"gps","embeddable":true,"href":"https:\/\/latinoamerica21.com\/pt-br\/wp-json\/wp\/v2\/gps?post=6928"}],"curies":[{"name":"wp","href":"https:\/\/api.w.org\/{rel}","templated":true}]}}