{"id":708,"date":"2018-02-15T05:34:30","date_gmt":"2018-02-15T08:34:30","guid":{"rendered":"http:\/\/latinoamerica21.com\/?p=708"},"modified":"2022-12-04T17:36:32","modified_gmt":"2022-12-04T20:36:32","slug":"a-iniquidade-regional-o-lado-mais-negro-da-desigualdade","status":"publish","type":"post","link":"https:\/\/latinoamerica21.com\/pt-br\/a-iniquidade-regional-o-lado-mais-negro-da-desigualdade\/","title":{"rendered":"A iniquidade regional: o lado mais negro da desigualdade"},"content":{"rendered":"\n<p>Que a Am\u00e9rica Latina \u00e9 a regi\u00e3o mais desigual do mundo j\u00e1 \u00e9 um clich\u00ea. O fato n\u00e3o t\u00e3o difundido \u00e9 a enorme desigualdade econ\u00f4mica que existe entre as diferentes regi\u00f5es dos pa\u00edses latino-americanos. Como exemplo, o departamento de Choc\u00f3, o mais pobre da Col\u00f4mbia, levaria 200 anos para atingir os n\u00edveis de renda per capita de Bogot\u00e1, de acordo com um estudo da OCDE sobre a Col\u00f4mbia, realizado em 2015. Na Am\u00e9rica Latina, a renda das pessoas nas diferentes divis\u00f5es administrativas intermedi\u00e1rias &#8211; departamento, prov\u00edncia, estado ou regi\u00e3o &#8211; \u00e9 nove vezes maior nas mais ricas do que nas mais pobres.<\/p>\n\n\n\n<p>Em m\u00e9dia, a disparidade econ\u00f4mica territorial \u00e9\nquatro vezes maior entre os pa\u00edses da Am\u00e9rica Latina do que entre os da\nOrganiza\u00e7\u00e3o para a Coopera\u00e7\u00e3o e Desenvolvimento Econ\u00f4mico (OCDE). No entanto,\nde acordo com o relat\u00f3rio <em>Descentraliza\u00e7\u00e3o Fiscal e Disparidades Regionais\nna Am\u00e9rica Latina<\/em> do Banco Interamericano de Desenvolvimento (BID), esse\ntipo de desigualdade varia muito entre os pa\u00edses da regi\u00e3o. Em pa\u00edses como a\nArgentina e o M\u00e9xico, o PIB per capita nas divis\u00f5es administrativas mais pobres\n\u00e9 16 vezes inferior ao dos mais ricos, enquanto no extremo oposto, em pa\u00edses\ncomo Honduras e Uruguai, essa diferen\u00e7a \u00e9 reduzida a apenas tr\u00eas vezes.<\/p>\n\n\n\n<blockquote class=\"wp-block-quote is-layout-flow wp-block-quote-is-layout-flow\">\n<p>h\u00e1 uma correla\u00e7\u00e3o alta e significativa entre a desigualdade na renda regional e as receitas fiscais dos governos intermedi\u00e1rios&#8221;<\/p>\n<\/blockquote>\n\n\n\n<p>Apesar do crescimento econ\u00f4mico e do ligeiro,\nmas constante, decl\u00ednio da desigualdade nos pa\u00edses da regi\u00e3o nas \u00faltimas\nd\u00e9cadas, as consequentes disparidades nas receitas fiscais entre governos\ninterm\u00e9dios n\u00e3o se alteraram entre 2000 e 2012. De acordo com o relat\u00f3rio acima\nmencionado, &#8220;h\u00e1 uma correla\u00e7\u00e3o alta e significativa entre a desigualdade\nna renda regional e as receitas fiscais dos governos intermedi\u00e1rios&#8221;,\nespecialmente nas economias maiores. De fato, o 10% das divis\u00f5es administrativas\ninterm\u00e9dias com a maior arrecada\u00e7\u00e3o de impostos t\u00eam um rendimento oito vezes\nsuperior aos 10% das divis\u00f5es com a menor arrecada\u00e7\u00e3o.<\/p>\n\n\n\n<p>Um dos fatores que determinam esses <a href=\"https:\/\/latinoamerica21.com\/br\/impostos-ou-cortes-o-equilibrio-entre-gastos-e-dividas\/\">desequil\u00edbrios<\/a> horizontais \u00e9 a descentraliza\u00e7\u00e3o tribut\u00e1ria que confere poderes aos governos subnacionais que diferem entre si em suas &#8220;capacidades fiscais e necessidades de gastos&#8221;. A desigualdade na arrecada\u00e7\u00e3o de receitas regionais deve-se tamb\u00e9m, segundo o relat\u00f3rio, a varia\u00e7\u00f5es na dimens\u00e3o e nas caracter\u00edsticas sociais e econ\u00f4micas do pa\u00eds, \u00e0 capacidade de gerir receitas e servi\u00e7os e ao aumento da concentra\u00e7\u00e3o econ\u00f4mica nas grandes cidades. Assim, enquanto algumas administra\u00e7\u00f5es atingem n\u00edveis consider\u00e1veis de bem-estar e prosperidade, outras n\u00e3o conseguem satisfazer as necessidades b\u00e1sicas e permanecem estagnadas ao longo do tempo.<\/p>\n\n\n\n<p>At\u00e9 agora, os sistemas de <a href=\"https:\/\/www.ihu.unisinos.br\/categorias\/186-noticias-2017\/566260-estudo-revela-as-multiplas-faces-da-desigualdade-na-america-latina-e-caribe\">transfer\u00eancias fiscais<\/a> n\u00e3o contribu\u00edram para um melhor equil\u00edbrio. Poucos pa\u00edses latino-americanos incorporaram reformas espec\u00edficas em seus sistemas de transfer\u00eancias fiscais para reduzir as diferen\u00e7as fiscais inter-regionais. Por enquanto, nenhum pa\u00eds levou a cabo reformas profundas para compensar as grandes diferen\u00e7as. Por esse motivo, organiza\u00e7\u00f5es, acad\u00eamicos e especialistas, assim como o relat\u00f3rio do BID, consideram que uma maior equaliza\u00e7\u00e3o fiscal entre as regi\u00f5es &#8220;\u00e9 um componente essencial de qualquer processo de descentraliza\u00e7\u00e3o que busque um desenvolvimento territorial equitativo, integral e sustent\u00e1vel&#8221;.<\/p>\n\n\n\n<p><em>Foto de United Nations Industrial Development Organization on Trend Hype \/ CC BY<\/em><\/p>\n","protected":false},"excerpt":{"rendered":"<p>Que a Am\u00e9rica Latina \u00e9 a regi\u00e3o mais desigual \u00e9 um clich\u00ea. O fato n\u00e3o t\u00e3o difundido \u00e9 a enorme disparidade econ\u00f4mica que existe entre as diferentes regi\u00f5es dos pa\u00edses latino-americanos. Como exemplo, o departamento de Choc\u00f3, o mais pobre da Col\u00f4mbia, levaria 200 anos para atingir os n\u00edveis de renda per capita de Bogot\u00e1.<\/p>\n","protected":false},"author":2,"featured_media":706,"comment_status":"closed","ping_status":"closed","sticky":false,"template":"","format":"standard","meta":{"_acf_changed":false,"episode_type":"","audio_file":"","cover_image":"","cover_image_id":"","duration":"","filesize":"","filesize_raw":"","date_recorded":"","explicit":"","block":"","itunes_episode_number":"","itunes_title":"","itunes_season_number":"","itunes_episode_type":"","footnotes":""},"categories":[16754,16716,16766,14384,544],"tags":[],"gps":[],"class_list":{"0":"post-708","1":"post","2":"type-post","3":"status-publish","4":"format-standard","5":"has-post-thumbnail","7":"category-desarrollo-pt-br","8":"category-desigualdad-es-pt-br","9":"category-pobreza-pt-br","10":"category-desigualdade","11":"category-politica-br"},"acf":[],"_links":{"self":[{"href":"https:\/\/latinoamerica21.com\/pt-br\/wp-json\/wp\/v2\/posts\/708","targetHints":{"allow":["GET"]}}],"collection":[{"href":"https:\/\/latinoamerica21.com\/pt-br\/wp-json\/wp\/v2\/posts"}],"about":[{"href":"https:\/\/latinoamerica21.com\/pt-br\/wp-json\/wp\/v2\/types\/post"}],"author":[{"embeddable":true,"href":"https:\/\/latinoamerica21.com\/pt-br\/wp-json\/wp\/v2\/users\/2"}],"replies":[{"embeddable":true,"href":"https:\/\/latinoamerica21.com\/pt-br\/wp-json\/wp\/v2\/comments?post=708"}],"version-history":[{"count":0,"href":"https:\/\/latinoamerica21.com\/pt-br\/wp-json\/wp\/v2\/posts\/708\/revisions"}],"wp:featuredmedia":[{"embeddable":true,"href":"https:\/\/latinoamerica21.com\/pt-br\/wp-json\/wp\/v2\/media\/706"}],"wp:attachment":[{"href":"https:\/\/latinoamerica21.com\/pt-br\/wp-json\/wp\/v2\/media?parent=708"}],"wp:term":[{"taxonomy":"category","embeddable":true,"href":"https:\/\/latinoamerica21.com\/pt-br\/wp-json\/wp\/v2\/categories?post=708"},{"taxonomy":"post_tag","embeddable":true,"href":"https:\/\/latinoamerica21.com\/pt-br\/wp-json\/wp\/v2\/tags?post=708"},{"taxonomy":"gps","embeddable":true,"href":"https:\/\/latinoamerica21.com\/pt-br\/wp-json\/wp\/v2\/gps?post=708"}],"curies":[{"name":"wp","href":"https:\/\/api.w.org\/{rel}","templated":true}]}}