{"id":719,"date":"2018-03-15T07:37:09","date_gmt":"2018-03-15T10:37:09","guid":{"rendered":"http:\/\/latinoamerica21.com\/?p=719"},"modified":"2022-12-04T16:40:08","modified_gmt":"2022-12-04T19:40:08","slug":"o-chile-assina-o-acordo-trans-pacifico-enquanto-nos-eua-comeca-uma-guerra-comercial","status":"publish","type":"post","link":"https:\/\/latinoamerica21.com\/pt-br\/o-chile-assina-o-acordo-trans-pacifico-enquanto-nos-eua-comeca-uma-guerra-comercial\/","title":{"rendered":"Ao assinar o tratado TPP: EUA entram em guerra comercial"},"content":{"rendered":"\n<p>Estes s\u00e3o tempos conturbados no com\u00e9rcio internacional. A grande crise econ\u00f4mica que eclodiu em 2008 n\u00e3o s\u00f3 agravou as tens\u00f5es pol\u00edticas internas em v\u00e1rios pa\u00edses, como tamb\u00e9m a n\u00edvel internacional, o que se reflete, entre outras coisas, num mapa comercial em mudan\u00e7a. O ressurgimento dos nacionalismos polvilhou as bandeiras do protecionismo comercial em v\u00e1rios pa\u00edses, liderados principalmente pelo governo de Donald Trump nos Estados Unidos e Boris Johnson no Reino Unido. Por esse motivo, surgem casos como o Acordo de Parceria Transpac\u00edfico (TPP). Recentemente, 11 pa\u00edses assinaram o TPP em Santiago do Chile.<\/p>\n\n\n\n<p>Mas \u00e0 medida que o protecionismo comercial se torna parte do debate, surgem novas oportunidades comerciais. A globaliza\u00e7\u00e3o \u00e9 implac\u00e1vel e as novas oportunidades v\u00eam principalmente de novos e abrangentes acordos comerciais. A TPP, que inclui Canad\u00e1, M\u00e9xico, Chile, Peru, Jap\u00e3o, Vietn\u00e3, Mal\u00e1sia, Cingapura, Brunei, Austr\u00e1lia e Nova Zel\u00e2ndia, eliminar\u00e1 tarifas entre 65% e 100% entre os pa\u00edses membros.<\/p>\n\n\n\n<blockquote class=\"wp-block-quote is-layout-flow wp-block-quote-is-layout-flow\">\n<p>Trump n\u00e3o s\u00f3 tirou os EUA do TPP, como tamb\u00e9m paralisou as negocia\u00e7\u00f5es da Parceria Transatl\u00e2ntica de Com\u00e9rcio e Investimento (TTIP) com a Uni\u00e3o Europ\u00e9ia<\/p>\n<\/blockquote>\n\n\n\n<p>Paradoxalmente, os Estados Unidos, um dos principais defensores do tratado como parte de sua estrat\u00e9gia para combater a ascens\u00e3o da China no Pac\u00edfico, n\u00e3o fez parte do acordo. Trump n\u00e3o s\u00f3 tirou os EUA do <a href=\"https:\/\/bibliotecadigital.fgv.br\/dspace\/handle\/10438\/18709\">TPP<\/a>, como tamb\u00e9m paralisou as negocia\u00e7\u00f5es da Parceria Transatl\u00e2ntica de Com\u00e9rcio e Investimento (TTIP) com a Uni\u00e3o Europ\u00e9ia e amea\u00e7ou a ruptura da Associa\u00e7\u00e3o Norte-Americana de Livre Com\u00e9rcio (NAFTA) com Canad\u00e1 e M\u00e9xico. Pelo contr\u00e1rio, os pa\u00edses do Sudeste Asi\u00e1tico, incluindo a China, n\u00e3o param na sua internacionaliza\u00e7\u00e3o.<\/p>\n\n\n\n<p>Mesmo sem os Estados Unidos, o TPP (ou Alian\u00e7a\ndo Pac\u00edfico) representa um dos acordos regionais de maior alcance global e \u00e9\nconsiderado o maior pacto de livre com\u00e9rcio em curso no planeta. Os 11 pa\u00edses\nsignat\u00e1rios, representam cerca de 500 milh\u00f5es de habitantes e 15% do com\u00e9rcio\nmundial. Uma an\u00e1lise do Instituto Peterson estima que o tratado poderia gerar\ncerca de US$ 147 bilh\u00f5es e milhares de novos empregos nos pa\u00edses signat\u00e1rios.\nMas, al\u00e9m dos n\u00fameros, o tratado representa um sinal a favor das alian\u00e7as\ninternacionais em um momento em que elas est\u00e3o sendo questionadas por alguns\nl\u00edderes.<\/p>\n\n\n\n<p>Este novo acordo inclui tr\u00eas <a href=\"https:\/\/latinoamerica21.com\/br\/o-aumento-da-percepcao-da-corrupcao-na-america-latina-e-uma-boa-noticia\/\">pa\u00edses latino-americanos<\/a>: M\u00e9xico, Peru e Chile, para os quais o tratado representa uma grande oportunidade comercial. Para o M\u00e9xico, justamente quando seu vizinho do norte e principal parceiro comercial lhe vira as costas, o TPP se torna uma alternativa para diversificar o destino de suas exporta\u00e7\u00f5es e atrair investimentos estrangeiros fora dos Estados Unidos. Para Peru e Chile, o tratado significa um grande passo para materializar as vantagens de sua posi\u00e7\u00e3o geogr\u00e1fica como pa\u00edses do Pac\u00edfico, onde o foco do com\u00e9rcio mundial est\u00e1 sendo centrado.<\/p>\n\n\n\n<p>A voca\u00e7\u00e3o expansionista do TPP pode tamb\u00e9m significar\numa oportunidade de futuro para outros pa\u00edses latino-americanos com vista ao\nPac\u00edfico. Entre eles, Col\u00f4mbia que, juntamente com o M\u00e9xico, Peru e Chile, conforma\na Alian\u00e7a do Pac\u00edfico, mas permanecendo, ao contr\u00e1rio dos outros tr\u00eas, fora do\nPPT. Esperamos que, no futuro, Col\u00f4mbia, Equador e v\u00e1rios pa\u00edses da Am\u00e9rica\nCentral possam tamb\u00e9m se beneficiar do acordo comercial transoce\u00e2nico.<\/p>\n","protected":false},"excerpt":{"rendered":"<p>Estes s\u00e3o tempos conturbados no com\u00e9rcio internacional. A grande crise econ\u00f4mica que eclodiu em 2008 n\u00e3o s\u00f3 agravou as tens\u00f5es pol\u00edticas internas em v\u00e1rios pa\u00edses, como tamb\u00e9m a n\u00edvel internacional, o que se reflete, entre outras coisas, num mapa comercial em mudan\u00e7a. <\/p>\n","protected":false},"author":3,"featured_media":717,"comment_status":"closed","ping_status":"closed","sticky":false,"template":"","format":"standard","meta":{"_acf_changed":false,"episode_type":"","audio_file":"","cover_image":"","cover_image_id":"","duration":"","filesize":"","filesize_raw":"","date_recorded":"","explicit":"","block":"","itunes_episode_number":"","itunes_title":"","itunes_season_number":"","itunes_episode_type":"","footnotes":""},"categories":[16757,16742,16758,16719,14414],"tags":[],"gps":[],"class_list":{"0":"post-719","1":"post","2":"type-post","3":"status-publish","4":"format-standard","5":"has-post-thumbnail","7":"category-eeuu-pt-br","8":"category-comercio-pt-br","9":"category-donald-trump-pt-br","10":"category-debates-pt-br","11":"category-eua"},"acf":[],"_links":{"self":[{"href":"https:\/\/latinoamerica21.com\/pt-br\/wp-json\/wp\/v2\/posts\/719","targetHints":{"allow":["GET"]}}],"collection":[{"href":"https:\/\/latinoamerica21.com\/pt-br\/wp-json\/wp\/v2\/posts"}],"about":[{"href":"https:\/\/latinoamerica21.com\/pt-br\/wp-json\/wp\/v2\/types\/post"}],"author":[{"embeddable":true,"href":"https:\/\/latinoamerica21.com\/pt-br\/wp-json\/wp\/v2\/users\/3"}],"replies":[{"embeddable":true,"href":"https:\/\/latinoamerica21.com\/pt-br\/wp-json\/wp\/v2\/comments?post=719"}],"version-history":[{"count":0,"href":"https:\/\/latinoamerica21.com\/pt-br\/wp-json\/wp\/v2\/posts\/719\/revisions"}],"wp:featuredmedia":[{"embeddable":true,"href":"https:\/\/latinoamerica21.com\/pt-br\/wp-json\/wp\/v2\/media\/717"}],"wp:attachment":[{"href":"https:\/\/latinoamerica21.com\/pt-br\/wp-json\/wp\/v2\/media?parent=719"}],"wp:term":[{"taxonomy":"category","embeddable":true,"href":"https:\/\/latinoamerica21.com\/pt-br\/wp-json\/wp\/v2\/categories?post=719"},{"taxonomy":"post_tag","embeddable":true,"href":"https:\/\/latinoamerica21.com\/pt-br\/wp-json\/wp\/v2\/tags?post=719"},{"taxonomy":"gps","embeddable":true,"href":"https:\/\/latinoamerica21.com\/pt-br\/wp-json\/wp\/v2\/gps?post=719"}],"curies":[{"name":"wp","href":"https:\/\/api.w.org\/{rel}","templated":true}]}}