{"id":7282,"date":"2021-08-30T10:10:00","date_gmt":"2021-08-30T13:10:00","guid":{"rendered":"http:\/\/latinoamerica21.com\/?p=7282"},"modified":"2021-08-30T09:55:21","modified_gmt":"2021-08-30T12:55:21","slug":"lideranca-politica-pandemica-e-mulheres-no-governo","status":"publish","type":"post","link":"https:\/\/latinoamerica21.com\/pt-br\/lideranca-politica-pandemica-e-mulheres-no-governo\/","title":{"rendered":"\u201cLideran\u00e7a pol\u00edtica pand\u00eamica&#8221; e mulheres no governo"},"content":{"rendered":"\n<p>Em 2020 houve uma mudan\u00e7a significativa na aprecia\u00e7\u00e3o da lideran\u00e7a pol\u00edtica feminina, embora seja muito cedo para dizer se esta aprecia\u00e7\u00e3o persistir\u00e1 com o tempo. A forma como algumas chefes de Estado ou de governo lidaram com a pandemia da Covid-19 levou a que seu desempenho fosse destacado. No Brasil, por exemplo, um estudo realizado com o apoio da Universidade de S\u00e3o Paulo e da Universidade de Barcelona, <a href=\"https:\/\/papers.ssrn.com\/sol3\/papers.cfm?abstract_id=3883010\">que investigou a gest\u00e3o da pandemia por prefeitos e prefeitas<\/a>, mostra que as prefeituras lideradas por mulheres apresentaram uma taxa de mortalidade 43,7% menor do que as lideradas por homens.<\/p>\n\n\n\n<p><strong>A lideran\u00e7a feminina diante da pandemia<\/strong><\/p>\n\n\n\n<p>Um m\u00eas depois que o chefe da Organiza\u00e7\u00e3o Mundial da Sa\u00fade declarou a Covid-19 uma pandemia, foi publicado <a href=\"https:\/\/www.forbes.com\/sites\/avivahwittenbergcox\/2020\/04\/13\/what-do-countries-with-the-best-coronavirus-reponses-have-in-common-women-leaders\/?sh=7e95e2533dec\">um artigo na Forbes observando que os pa\u00edses que melhor lidaram com ela tinham em comum o fato de serem governados por uma mulher<\/a>. O texto destacou o trabalho de Tsai Ing-wen, presidenta de Taiwan; Angela Merkel, chanceler da Alemanha; Jacinda Ardern, Primeira-Ministra da Nova Zel\u00e2ndia; Sanna Marin da Finl\u00e2ndia; Katr\u00edn Jakobsd\u00f3ttir da Isl\u00e2ndia; Mette Frederiksen da Dinamarca; e Erna Solberg da Noruega.<\/p>\n\n\n\n<p>Posteriormente, foram publicados artigos de imprensa em todo o mundo, destacando sua gest\u00e3o da pandemia. Eles destacaram qualidades como o cuidado com a cidadania que privilegiou a vida das pessoas em detrimento da racionalidade econ\u00f4mica. Tudo isso com <a href=\"http:\/\/latinoamerica21.com\/br\/a-violencia-politica-contra-as-mulheres-na-america-latina\/\" target=\"_blank\" rel=\"noreferrer noopener\">uma abordagem que n\u00e3o desmantelou os estere\u00f3tipos de g\u00eanero<\/a>, mas em muitos casos os aprofundou e continuou a aplicar padr\u00f5es duplos: <a href=\"https:\/\/www.cambridge.org\/core\/journals\/politics-and-gender\/article\/women-leaders-and-pandemic-performance-a-spurious-correlation\/69FA5BD035CEE66F0FFFC61DF037DD0E\">os comportamentos eram avaliados de forma diferente se fossem realizados por um homem ou uma mulher<\/a>.<\/p>\n\n\n\n<p>A Am\u00e9rica Latina n\u00e3o foi exce\u00e7\u00e3o. <a href=\"https:\/\/www.lanacion.com.ar\/el-mundo\/sin-presidentas-y-con-pocas-ministras-que-lugar-ocupan-hoy-las-mujeres-en-el-poder-de-america-latina-nid14082021\/\">Embora a regi\u00e3o n\u00e3o tenha atualmente mulheres governadoras no topo do Poder Executivo<\/a>, h\u00e1 mulheres \u00e0 frente dos governos regionais ou locais.<\/p>\n\n\n\n<p>O estudo mencionado no in\u00edcio do texto, al\u00e9m de mostrar uma taxa de mortalidade significativamente menor nos munic\u00edpios liderados por mulheres, tamb\u00e9m mostra que esses munic\u00edpios tiveram 30,4% menos hospitaliza\u00e7\u00f5es devido \u00e0 Covid-19. Al\u00e9m disso, os autores do estudo conclu\u00edram que se metade dos munic\u00edpios brasileiros tivesse sido liderada por mulheres, a mortalidade no pa\u00eds teria sido 15% menor.<\/p>\n\n\n\n<p>\u00c9 importante observar que um foco excessivo no g\u00eanero na lideran\u00e7a para determinar fatores de sucesso na gest\u00e3o de pandemias pode ser contraproducente para as mulheres; <a href=\"https:\/\/www.vox.com\/2020\/5\/21\/21263766\/coronavirus-women-leaders-germany-new-zealand-taiwan-merkel\">elas correm o risco de serem avaliadas com maior intensidade e receberem maior rejei\u00e7\u00e3o se n\u00e3o cumprirem os padr\u00f5es estabelecidos<\/a>.<\/p>\n\n\n\n<p><strong>O que t\u00eam em comum os pa\u00edses liderados por mulheres que conseguiram administrar com sucesso a pandemia?<\/strong><\/p>\n\n\n\n<p>O primeiro elemento que deve ser considerado \u00e9 que todos os sete pa\u00edses pertencem ao Norte global. Eles t\u00eam institui\u00e7\u00f5es fortes, alto investimento social, inclusive na sa\u00fade p\u00fablica (foi demonstrado que os pa\u00edses liderados pelas mulheres investem mais nesta \u00e1rea e isto est\u00e1 associado a menos mortes por Covid-19), <a href=\"https:\/\/www.ar.undp.org\/content\/argentina\/es\/home\/presscenter\/pressreleases\/2020\/IDH2020Antropoceno.htm\">est\u00e3o no topo do \u00cdndice de Desenvolvimento Humano<\/a> e possuem <a href=\"https:\/\/www.unwomen.org\/es\/digital-library\/publications\/2021\/03\/women-in-politics-map-2021\">uma alta presen\u00e7a de mulheres nos \u00f3rg\u00e3os legislativos, acima de 30%<\/a>.&nbsp;&nbsp;<\/p>\n\n\n\n<p>Estes pa\u00edses estavam, portanto, entre os mais bem preparados para administrar a pandemia. Deve-se notar, entretanto, que foram observadas diferen\u00e7as entre esses pa\u00edses e outros pa\u00edses liderados por homens que tamb\u00e9m est\u00e3o entre aqueles com o mais alto \u00cdndice de Desenvolvimento Humano e institui\u00e7\u00f5es fortes, tais como a Su\u00e9cia e o Reino Unido.<\/p>\n\n\n\n<p>Estas informa\u00e7\u00f5es podem levar a conclus\u00f5es simplistas de que as mulheres fizeram melhor por raz\u00f5es de g\u00eanero, mas \u00e9 necess\u00e1rio ir mais fundo e responder a um conjunto de perguntas: como foram essas a\u00e7\u00f5es, que medidas foram tomadas, o que determinou uma gest\u00e3o bem sucedida?<\/p>\n\n\n\n<p><strong>Lideran\u00e7a pand\u00eamica<\/strong><\/p>\n\n\n\n<p>Com base em pesquisas sobre a gest\u00e3o da pandemia pela primeira-ministra da Nova Zel\u00e2ndia <a href=\"https:\/\/www.bbc.com\/news\/world-asia-53274085\">Jacinta Ardern, considerada uma das mais bem-sucedidas<\/a>, Suze Wilson desenvolveu o conceito de &#8220;lideran\u00e7a pand\u00eamica&#8221;, incluindo os elementos que foram considerados na gest\u00e3o da Covid-19. <a href=\"https:\/\/journals.sagepub.com\/doi\/10.1177\/1742715020929151\">Seu estudo<\/a> estabelece uma estrutura anal\u00edtica para avaliar as a\u00e7\u00f5es das sete governadoras destacadas neste artigo.<\/p>\n\n\n\n<p>O primeiro fator refere-se \u00e0 import\u00e2ncia dada \u00e0 orienta\u00e7\u00e3o e \u00e0s diretrizes dos especialistas sobre pandemias na tomada de decis\u00f5es. No caso de Angela Merkel, ela foi aconselhada por uma rede de especialistas de diferentes ag\u00eancias de sa\u00fade p\u00fablica e universidades.<\/p>\n\n\n\n<p>Outro elemento a destacar \u00e9 a gest\u00e3o de informa\u00e7\u00f5es s\u00e9rias, confi\u00e1veis e oportunas que cheguem ao p\u00fablico. A Primeira-Ministra da Nova Zel\u00e2ndia foi elogiada pela forma como gerenciou a informa\u00e7\u00e3o atrav\u00e9s das m\u00eddias sociais e se manteve em contato com o p\u00fablico. Tamb\u00e9m se destaca o caso da Primeira-Ministra da Finl\u00e2ndia, que usou influenciadores para informar a popula\u00e7\u00e3o mais jovem e prevenir a propaga\u00e7\u00e3o do v\u00edrus.<\/p>\n\n\n\n<p>A empatia tem sido um dos fatores altamente valorizados no contexto da pandemia. Os l\u00edderes que reconheceram publicamente o impacto das medidas tomadas na vida cotidiana e a mensagem que transmitiram sobre a necessidade de unir for\u00e7as se destacaram. Neste caso, sobressai a <a href=\"https:\/\/www.regjeringen.no\/en\/aktuelt\/statement-at-press-conference-for-kids\/id2694114\/\">Primeira-Ministra da Noruega, que usava a televis\u00e3o para falar com as crian\u00e7as de seu pa\u00eds sobre o v\u00edrus<\/a>.<\/p>\n\n\n\n<p>O tratamento de quest\u00f5es pr\u00e1ticas pelos l\u00edderes tamb\u00e9m tem sido importante. Jacinda Ardern gravou v\u00eddeos sobre a vida di\u00e1ria para aumentar a conscientiza\u00e7\u00e3o sobre a conten\u00e7\u00e3o, enquanto <a href=\"https:\/\/www.dw.com\/es\/angela-merkel-sobre-el-coronavirus-somos-una-comunidad-en-la-que-cada-vida-y-cada-persona-cuentan\/a-52830982\">Angela Merkel explicou que um suprimento permanente de alimentos seria garantido e exortou os cidad\u00e3os a evitar a acumula\u00e7\u00e3o de compras<\/a>.<\/p>\n\n\n\n<p>Essas l\u00edderes agiram de forma r\u00e1pida e oportuna e, embora tenham tomado medidas impopulares que afetaram a economia, como o confinamento obrigat\u00f3rio, as estrat\u00e9gias permitiram uma gest\u00e3o eficiente da Covid-19. Mas n\u00e3o h\u00e1 rela\u00e7\u00e3o direta entre esta forma de agir e o fato de que elas eram mulheres. Alguns homens tamb\u00e9m gerenciaram a pandemia de forma eficiente, mesmo que n\u00e3o sejam mencionados.<\/p>\n\n\n\n<p>O acima exposto n\u00e3o ignora o fato de que, devido \u00e0 socializa\u00e7\u00e3o de g\u00eanero, as mulheres l\u00edderes tiveram mais desenvolvimento em certos tra\u00e7os fundamentais para a gest\u00e3o da pandemia, tais como a empatia e a proximidade com a popula\u00e7\u00e3o.<\/p>\n\n\n\n<p>O fato de que estas caracter\u00edsticas, consideradas &#8220;tipicamente&#8221; femininas, s\u00e3o valorizadas positivamente, o que n\u00e3o era o caso anteriormente, parece abrir um novo caminho no estudo da lideran\u00e7a pol\u00edtica. Tamb\u00e9m \u00e9 importante reconhecer o impacto na representa\u00e7\u00e3o simb\u00f3lica do fato de que o desempenho das mulheres governantes \u00e9 avaliado positivamente.<\/p>\n","protected":false},"excerpt":{"rendered":"<p>Um estudo realizado com o apoio da Universidade de S\u00e3o Paulo e da Universidade de Barcelona, que investigou a gest\u00e3o da pandemia, mostra que os munic\u00edpios liderados por mulheres apresentaram uma mortalidade 43,7% menor do que os liderados por homens.<\/p>\n","protected":false},"author":257,"featured_media":7280,"comment_status":"closed","ping_status":"closed","sticky":false,"template":"","format":"standard","meta":{"_acf_changed":false,"episode_type":"","audio_file":"","cover_image":"","cover_image_id":"","duration":"","filesize":"","filesize_raw":"","date_recorded":"","explicit":"","block":"","itunes_episode_number":"","itunes_title":"","itunes_season_number":"","itunes_episode_type":"","footnotes":""},"categories":[16741,14477,544],"tags":[],"gps":[],"class_list":{"0":"post-7282","1":"post","2":"type-post","3":"status-publish","4":"format-standard","5":"has-post-thumbnail","7":"category-mujeres-pt-br","8":"category-mulheres","9":"category-politica-br"},"acf":[],"_links":{"self":[{"href":"https:\/\/latinoamerica21.com\/pt-br\/wp-json\/wp\/v2\/posts\/7282","targetHints":{"allow":["GET"]}}],"collection":[{"href":"https:\/\/latinoamerica21.com\/pt-br\/wp-json\/wp\/v2\/posts"}],"about":[{"href":"https:\/\/latinoamerica21.com\/pt-br\/wp-json\/wp\/v2\/types\/post"}],"author":[{"embeddable":true,"href":"https:\/\/latinoamerica21.com\/pt-br\/wp-json\/wp\/v2\/users\/257"}],"replies":[{"embeddable":true,"href":"https:\/\/latinoamerica21.com\/pt-br\/wp-json\/wp\/v2\/comments?post=7282"}],"version-history":[{"count":0,"href":"https:\/\/latinoamerica21.com\/pt-br\/wp-json\/wp\/v2\/posts\/7282\/revisions"}],"wp:featuredmedia":[{"embeddable":true,"href":"https:\/\/latinoamerica21.com\/pt-br\/wp-json\/wp\/v2\/media\/7280"}],"wp:attachment":[{"href":"https:\/\/latinoamerica21.com\/pt-br\/wp-json\/wp\/v2\/media?parent=7282"}],"wp:term":[{"taxonomy":"category","embeddable":true,"href":"https:\/\/latinoamerica21.com\/pt-br\/wp-json\/wp\/v2\/categories?post=7282"},{"taxonomy":"post_tag","embeddable":true,"href":"https:\/\/latinoamerica21.com\/pt-br\/wp-json\/wp\/v2\/tags?post=7282"},{"taxonomy":"gps","embeddable":true,"href":"https:\/\/latinoamerica21.com\/pt-br\/wp-json\/wp\/v2\/gps?post=7282"}],"curies":[{"name":"wp","href":"https:\/\/api.w.org\/{rel}","templated":true}]}}