{"id":7507,"date":"2021-09-21T09:00:00","date_gmt":"2021-09-21T12:00:00","guid":{"rendered":"http:\/\/latinoamerica21.com\/?p=7507"},"modified":"2021-09-20T05:43:08","modified_gmt":"2021-09-20T08:43:08","slug":"quem-se-preocupa-com-o-desastre-ecologico-na-venezuela","status":"publish","type":"post","link":"https:\/\/latinoamerica21.com\/pt-br\/quem-se-preocupa-com-o-desastre-ecologico-na-venezuela\/","title":{"rendered":"Quem se preocupa com o desastre ecol\u00f3gico na Venezuela?"},"content":{"rendered":"\n<p>Enquanto o painel intergovernamental de especialistas das Na\u00e7\u00f5es Unidas alerta em um relat\u00f3rio recente que as consequ\u00eancias da mudan\u00e7a clim\u00e1tica s\u00e3o irrevers\u00edveis, na Venezuela as multifacetadas crises sociais, econ\u00f4micas, de sa\u00fade, migra\u00e7\u00e3o e educa\u00e7\u00e3o, e as viola\u00e7\u00f5es sistem\u00e1ticas dos direitos humanos cobrem o desastre ecol\u00f3gico que continua a avan\u00e7ar sob as a\u00e7\u00f5es predat\u00f3rias e corruptas do regime de Nicol\u00e1s Maduro. A degrada\u00e7\u00e3o ambiental se deve, sobretudo, ao decl\u00ednio da ind\u00fastria petrol\u00edfera e ao turbilh\u00e3o de minera\u00e7\u00e3o no sul do pa\u00eds atrav\u00e9s da explora\u00e7\u00e3o ilegal e supostamente &#8220;legal&#8221; no chamado Arco Mineiro do Orinoco.<\/p>\n\n\n\n<p>O recente an\u00fancio <a href=\"https:\/\/www.baystreet.ca\/commodities\/4860\/Venezuela-Plans-To-Revive-Its-Oil-Industry-Despite-US-Sanctions\">de que a PDVSA e seus parceiros<\/a> &#8211; incluindo empresas chinesas, russas e iranianas &#8211; planejam aumentar a produ\u00e7\u00e3o de petr\u00f3leo na Venezuela n\u00e3o \u00e9 um bom press\u00e1gio para o meio ambiente. O plano \u00e9 aumentar a produ\u00e7\u00e3o de cerca de 500.000 barris por dia para 1,5 milh\u00f5es de barris por dia.<\/p>\n\n\n\n<p><strong>Grave deteriora\u00e7\u00e3o ecol\u00f3gica<\/strong><\/p>\n\n\n\n<p>A deteriora\u00e7\u00e3o ecol\u00f3gica no pa\u00eds \u00e9 not\u00e1vel, embora tenha sido basicamente ignorada por organiza\u00e7\u00f5es internacionais &#8220;verdes&#8221; como a Greenpeace &#8211; <a href=\"https:\/\/www.greenpeace.org\/international\/story\/44923\/oil-is-leaking-all-over-the-world\/\">uma t\u00edmida men\u00e7\u00e3o a derramamentos de petr\u00f3leo em 2020<\/a> &#8211; e a WWF. O desmantelamento das capacidades financeiras e t\u00e9cnicas da empresa petrol\u00edfera nacional contribuiu para agravar ainda mais a crise ambiental do pa\u00eds. E isto come\u00e7ou a acontecer antes que o governo dos EUA implementasse san\u00e7\u00f5es em 2019 contra o regime e a empresa petrol\u00edfera estatal.&nbsp;&nbsp;<\/p>\n\n\n\n<p><a href=\"https:\/\/www.connectas.org\/especiales\/pdvsa-contamina-mas-de-lo-que-produce\/\">Relat\u00f3rios<\/a> indicam que a m\u00e1 administra\u00e7\u00e3o e a falta de manuten\u00e7\u00e3o na refinaria de Paraguan\u00e1 causaram s\u00e9rios danos \u00e0 flora e fauna marinhas no noroeste da Venezuela, afetando a pesca e a qualidade da \u00e1gua. No leste do pa\u00eds, o coque armazenado ao ar livre, um subproduto do petr\u00f3leo pesado, polui o ar respirado pelas pessoas que vivem em \u00e1reas pr\u00f3ximas \u00e0s refinarias.<\/p>\n\n\n\n<p>Na \u00e1rea de El Furrial, uma localidade do estado de Monagas que possui um dos campos petrol\u00edferos com maiores reservas no pa\u00eds, enormes quantidades de g\u00e1s metano s\u00e3o queimadas diariamente. Esta \u00e9 uma consequ\u00eancia direta das expropria\u00e7\u00f5es decretadas pelo ent\u00e3o presidente Hugo Ch\u00e1vez em 2009. Uma delas, Exterran, uma empresa respons\u00e1vel pelo processamento de g\u00e1s e gera\u00e7\u00e3o de eletricidade, <a href=\"https:\/\/www.connectas.org\/especiales\/pdvsa-contamina-mas-de-lo-que-produce\/\">foi assumida pela PDVSA<\/a>. O g\u00e1s \u00e9 agora queimado, fazendo da Venezuela o quarto maior emissor de metano do mundo.<\/p>\n\n\n\n<p>N\u00e3o s\u00e3o apenas os hidrocarbonetos que alimentam o desastre ecol\u00f3gico da Venezuela. O passivo ambiental do chavismo est\u00e1 aumentando a cada dia. A minera\u00e7\u00e3o de ouro no Parque Nacional de Canaima &#8211; um Patrim\u00f4nio Mundial &#8211; no sul do pa\u00eds est\u00e1 causando estragos. Em 23 de julho, a Unesco aprovou uma resolu\u00e7\u00e3o solicitando ao governo que autorizasse uma comiss\u00e3o conjunta do Centro do Patrim\u00f4nio Mundial da organiza\u00e7\u00e3o e da Uni\u00e3o Internacional para a Conserva\u00e7\u00e3o da Natureza a visitar o pa\u00eds para verificar <em>in situ<\/em> o impacto da minera\u00e7\u00e3o de ouro na \u00e1rea.&nbsp;<\/p>\n\n\n\n<p>Segundo a SOS Orinoco, a organiza\u00e7\u00e3o que fez um relat\u00f3rio sobre este parque para a <em>World Heritage Watch<\/em> 2021, at\u00e9 2018 cerca de 1.000 hectares de seu ecossistema j\u00e1 haviam sido destru\u00eddos pela explora\u00e7\u00e3o artesanal e quase mecanizada, e o uso de merc\u00fario para extrair ouro. A mesma organiza\u00e7\u00e3o informa que dentro das fronteiras do parque nacional, <a href=\"https:\/\/world-heritage-watch.org\/content\/wp-content\/uploads\/2021\/06\/WHW-Report-2021.pdf\">mais de 7400 hectares foram negativamente impactados pela minera\u00e7\u00e3o ilegal de ouro<\/a>.<\/p>\n\n\n\n<p><strong>O que est\u00e1 acontecendo no Arco Mineiro de Orinoco?<\/strong><\/p>\n\n\n\n<p>O que est\u00e1 acontecendo em Canaima faz parte das portas ecol\u00f3gicas, sociais, criminais e sanit\u00e1rias do inferno que foram abertas com o Arco Mineiro do Orinoco (AMO) no sul do pa\u00eds, declarado pelo governo em 2016 como a Zona de Desenvolvimento Estrat\u00e9gico Nacional do Arco Mineiro do Orinoco. <a href=\"https:\/\/ca.embajadavenezuela.org\/wp-content\/uploads\/2021\/05\/El-Arco-Minero-del-Orinoco_Reporte-VF.pdf\">Um relat\u00f3rio recente<\/a> da representa\u00e7\u00e3o no Canad\u00e1 do chamado governo interino de Juan Guaid\u00f3, aponta que o ecoc\u00eddio provocado na AMO &#8220;tem um impacto em toda uma regi\u00e3o da Venezuela chamada Guayana de 398.345 km2 que representa 43,47% do territ\u00f3rio venezuelano&#8221;. Ali, se manifestam todas as pervers\u00f5es de um estado quase fracassado, corro\u00eddo pela corrup\u00e7\u00e3o e penetrado por gangues criminosas e pelos guerrilheiros colombianos do ELN e das FARC-dissidentes que extorquem e assassinam.<\/p>\n\n\n\n<p>A tudo isso deve ser acrescentada a deteriora\u00e7\u00e3o das capacidades de pesquisa no pa\u00eds como resultado do defundimento de universidades, institutos e centros cient\u00edficos, dos ataques \u00e0 liberdade acad\u00eamica e da emigra\u00e7\u00e3o de professores. Segundo Emilio Vilanova e outros estudiosos, o rico patrim\u00f4nio biol\u00f3gico e ecol\u00f3gico da Venezuela est\u00e1 em perigo. Em um artigo publicado no <a href=\"https:\/\/natureecoevocommunity.nature.com\/posts\/65506-collapse-of-venezuelan-science-threatens-the-world-s-most-sustained-monitoring-of-tropical-forests\"><em>Ecology &amp; Evolution<\/em><\/a>, um grupo de acad\u00eamicos expressou preocupa\u00e7\u00e3o com as dificuldades de acesso \u00e0 terra e a continuidade de suas pesquisas. Pior ainda \u00e9 o aumento do desmatamento, especialmente como resultado da minera\u00e7\u00e3o.<\/p>\n\n\n\n<p><strong>Dificuldades em quantificar os danos<\/strong><\/p>\n\n\n\n<p>O tamanho do dano ecol\u00f3gico na Venezuela n\u00e3o \u00e9 f\u00e1cil de quantificar. O governo n\u00e3o se faz respons\u00e1vel e nem a PDVSA ou seus parceiros. Alguns ve\u00edculos de m\u00eddia est\u00e3o tentando relatar a extens\u00e3o do ecoc\u00eddio, mas enfrentam muitas dificuldades em um pa\u00eds onde jornalistas s\u00e3o presos, os ve\u00edculos de m\u00eddia s\u00e3o fechados, as esta\u00e7\u00f5es de r\u00e1dio e TV s\u00e3o confiscadas e os jornalistas s\u00e3o intimidados. Algumas ONGs como a <a href=\"https:\/\/sosorinoco.org\/es\/\">SOS Orinoco<\/a> ou o <a href=\"https:\/\/grupoorinoco.org\/\">Grupo Orinoco<\/a> fazem um trabalho quase her\u00f3ico diante de uma comunidade internacional que muitas vezes \u00e9 indiferente.<\/p>\n\n\n\n<p>A fim de conhecer a extens\u00e3o e as implica\u00e7\u00f5es deste dano, a pesquisa cient\u00edfica deve ser resgatada e isto deve ser uma prioridade para a coopera\u00e7\u00e3o internacional. Al\u00e9m disso, deve-se elevar o perfil p\u00fablico, nacional e global da causa ambiental na Venezuela, pois este ecoc\u00eddio afeta n\u00e3o apenas as popula\u00e7\u00f5es das regi\u00f5es afetadas, que continuar\u00e3o a migrar, mas tamb\u00e9m tem consequ\u00eancias para os pa\u00edses que compartilham fronteiras mar\u00edtimas, terrestres e a\u00e9reas com a Venezuela.<\/p>\n\n\n\n<p>Al\u00e9m disso, as empresas chinesas e russas parceiras da PDVSA herdam o passivo ambiental da empresa petroleira venezuelana. Isto os torna co-respons\u00e1veis e sujeitos \u00e0s leis e tribunais de pa\u00edses como os Estados Unidos, Canad\u00e1 e Uni\u00e3o Europ\u00e9ia, que devem consider\u00e1-los respons\u00e1veis por seus erros ecol\u00f3gicos.<\/p>\n\n\n\n<p>\u00c9 claro que uma solu\u00e7\u00e3o de m\u00e9dio e longo prazo depende de uma mudan\u00e7a pol\u00edtica na Venezuela, que n\u00e3o parece estar em discuss\u00e3o na <a href=\"https:\/\/www.france24.com\/es\/am%C3%A9rica-latina\/20210814-venezuela-nicolas-maduro-oposicion-inician-dialogos-mexico\">mesa de negocia\u00e7\u00f5es no M\u00e9xico<\/a>. Resgatar a ind\u00fastria petrol\u00edfera implicar\u00e1 n\u00e3o apenas em investimentos multimilion\u00e1rios, mas tamb\u00e9m em novas maneiras de conceber a explora\u00e7\u00e3o de petr\u00f3leo e g\u00e1s, a fim de reduzir o impacto ambiental. A minera\u00e7\u00e3o ter\u00e1 que ser reconsiderada e limitada, e uma pol\u00edtica agr\u00edcola ter\u00e1 que evitar o desmatamento.<\/p>\n\n\n\n<p>Mas n\u00e3o devemos nos iludir. Nada de bom para o meio ambiente pode ser esperado do regime chavista. Enquanto permanecer no poder, o ambiente da Venezuela continuar\u00e1 a declinar.&nbsp;<\/p>\n","protected":false},"excerpt":{"rendered":"<p>Na Venezuela, as multifacetadas crises sociais, econ\u00f4micas, de sa\u00fade, migra\u00e7\u00e3o e educa\u00e7\u00e3o, e as sistem\u00e1ticas viola\u00e7\u00f5es dos direitos humanos cobrem o desastre ecol\u00f3gico que continua a avan\u00e7ar sob as a\u00e7\u00f5es predat\u00f3rias e corruptas do regime de Nicol\u00e1s Maduro. <\/p>\n","protected":false},"author":263,"featured_media":7505,"comment_status":"closed","ping_status":"closed","sticky":false,"template":"","format":"standard","meta":{"_acf_changed":false,"episode_type":"","audio_file":"","cover_image":"","cover_image_id":"","duration":"","filesize":"","filesize_raw":"","date_recorded":"","explicit":"","block":"","itunes_episode_number":"","itunes_title":"","itunes_season_number":"","itunes_episode_type":"","footnotes":""},"categories":[16721,16751,14456,546],"tags":[],"gps":[],"class_list":{"0":"post-7507","1":"post","2":"type-post","3":"status-publish","4":"format-standard","5":"has-post-thumbnail","7":"category-venezuela-pt-br","8":"category-medioambiente-pt-br","9":"category-meio-ambiente","10":"category-sociedad-br"},"acf":[],"_links":{"self":[{"href":"https:\/\/latinoamerica21.com\/pt-br\/wp-json\/wp\/v2\/posts\/7507","targetHints":{"allow":["GET"]}}],"collection":[{"href":"https:\/\/latinoamerica21.com\/pt-br\/wp-json\/wp\/v2\/posts"}],"about":[{"href":"https:\/\/latinoamerica21.com\/pt-br\/wp-json\/wp\/v2\/types\/post"}],"author":[{"embeddable":true,"href":"https:\/\/latinoamerica21.com\/pt-br\/wp-json\/wp\/v2\/users\/263"}],"replies":[{"embeddable":true,"href":"https:\/\/latinoamerica21.com\/pt-br\/wp-json\/wp\/v2\/comments?post=7507"}],"version-history":[{"count":0,"href":"https:\/\/latinoamerica21.com\/pt-br\/wp-json\/wp\/v2\/posts\/7507\/revisions"}],"wp:featuredmedia":[{"embeddable":true,"href":"https:\/\/latinoamerica21.com\/pt-br\/wp-json\/wp\/v2\/media\/7505"}],"wp:attachment":[{"href":"https:\/\/latinoamerica21.com\/pt-br\/wp-json\/wp\/v2\/media?parent=7507"}],"wp:term":[{"taxonomy":"category","embeddable":true,"href":"https:\/\/latinoamerica21.com\/pt-br\/wp-json\/wp\/v2\/categories?post=7507"},{"taxonomy":"post_tag","embeddable":true,"href":"https:\/\/latinoamerica21.com\/pt-br\/wp-json\/wp\/v2\/tags?post=7507"},{"taxonomy":"gps","embeddable":true,"href":"https:\/\/latinoamerica21.com\/pt-br\/wp-json\/wp\/v2\/gps?post=7507"}],"curies":[{"name":"wp","href":"https:\/\/api.w.org\/{rel}","templated":true}]}}